{"id":638,"date":"2015-11-16T19:23:04","date_gmt":"2015-11-16T19:23:04","guid":{"rendered":"https:\/\/estudandosocialmedia.wordpress.com\/?p=638"},"modified":"2015-11-16T19:23:04","modified_gmt":"2015-11-16T19:23:04","slug":"leituras-da-semana-planejamento-os-problemas-do-facebook-e-inspiracoes-para-social-media","status":"publish","type":"post","link":"https:\/\/insightee.com.br\/blog\/leituras-da-semana-planejamento-os-problemas-do-facebook-e-inspiracoes-para-social-media\/","title":{"rendered":"Leituras da semana: planejamento, os problemas do Facebook e inspira\u00e7\u00f5es para social media"},"content":{"rendered":"<p>Antes de tudo, um aviso: j\u00e1 desisti de fazer o post com as leituras da semana no domingo. Ningu\u00e9m quer trabalhar ou muito menos ler sobre o trabalho (mesmo que seja de interesse) num domingo. Ou seja, declaro aqui oficialmente que o novo dia do lan\u00e7amento da coluna \u00e9 \u00e0s segundas-feiras (pra come\u00e7ar a semana antenada\/o!) &#8211; o que n\u00e3o quer dizer que, por motivos maiores a mim, eu n\u00e3o atrase um dia (e j\u00e1 pe\u00e7o desculpas por todas as vezes que isso acontecer no futuro). No mais, vamos \u00e0s leituras porque esta semana tem muita coisa boa e interessante!<\/p>\n<hr \/>\n<p><strong>Sobre planejamento<\/strong><\/p>\n<p>O <a href=\"http:\/\/querosersocialmedia.com.br\/\" target=\"_blank\">Quero Ser Social Media<\/a> agora est\u00e1 com um blog ativo! Ou seja, todos aqueles profissionais incr\u00edveis que ministram alguns dos cursos mais desejados da \u00e1rea de social media agora tamb\u00e9m compartilhar\u00e3o conhecimento atrav\u00e9s de blog posts. Para come\u00e7ar, separei tr\u00eas textos sobre planejamento (um assunto que j\u00e1 me interessava muito antes dessas leituras e que s\u00f3 aumentaram a minha simpatia\u00a0pela fun\u00e7\u00e3o), provavelmente produzidos pela fant\u00e1stica Dani Rodrigues. Destaco essa frase que me chamou aten\u00e7\u00e3o em um deles (mas recomendo a leitura\u00a0todos!):<\/p>\n<blockquote><p>&#8220;Construa cen\u00e1rios e enredos para que seu consumidor tenha experi\u00eancias e, ent\u00e3o, ele mesmo falar\u00e1 o qu\u00e3o sua marca ou servi\u00e7o \u00e9 incr\u00edvel.&#8221;<\/p><\/blockquote>\n<ul>\n<li><a href=\"http:\/\/querosersocialmedia.com.br\/blog\/planejamento\/planejamento-em-tempo-real\/\" target=\"_blank\">Planejamento em tempo real<\/a><\/li>\n<li><a href=\"http:\/\/querosersocialmedia.com.br\/blog\/planejamento\/planejamento-e-as-perguntas-de-milhoes-de-dolares\/\" target=\"_blank\">Planejamento e as perguntas de milh\u00f5es de d\u00f3lares<\/a><\/li>\n<li><a href=\"http:\/\/querosersocialmedia.com.br\/blog\/planejamento\/reflexoes-sobre-planejamento\/\" target=\"_blank\">Reflex\u00f5es sobre planejamento<\/a><\/li>\n<\/ul>\n<hr \/>\n<p><strong><a href=\"http:\/\/searchenginewatch.com\/sew\/how-to\/2434147\/how-to-use-social-media-at-every-stage-of-the-sales-funnel\" target=\"_blank\">How to use social media at every stage of the sales funnel<\/a>\u00a0<\/strong>&#8211; por Rohan Ayyar, no Search Engine Watch<\/p>\n<p>Todas as vezes que eu li sobre o funil de vendas em e-books ou leituras da semana, o tema principal era sempre inbound marketing (ou marketing de conte\u00fado, geralmente associado a e-mail\/automa\u00e7\u00e3o). Nesse texto, o autor prop\u00f5e &#8211; no lugar do funil &#8211; uma escada rolante para pensar os est\u00e1gios da venda em social media, na ordem: conhecimento, familiaridade, considera\u00e7\u00e3o, compra e lealdade &#8211; apresentando dicas de a\u00e7\u00f5es a serem executadas em cada um deles.<\/p>\n<blockquote><p>&#8220;If you want to know how engaged your audience is, you need to drill down deep into your social as well as web analytics. A tool that combines social media management and monitoring, such as Oktopost, can help you stay on top of customer conversations and get insights on their pains and pleasures. You can then respond to them in real-time.&#8221;<\/p><\/blockquote>\n<hr \/>\n<p><a href=\"https:\/\/ideas.scup.com\/marketing-de-conteudo-2\/5-maneiras-inteligentes-de-criar-um-conteudo-que-vai-muito-alem-do-basico\/\" target=\"_blank\"><strong>5 maneiras inteligentes de criar um conte\u00fado que vai muito al\u00e9m do b\u00e1sico<\/strong><\/a> &#8211; no Scup Ideas<\/p>\n<p>Ainda na fun\u00e7\u00e3o de cria\u00e7\u00e3o de conte\u00fado, temos este post bem legal do Scup. Trata-se de um resumo de um guia de marketing de conte\u00fado produzido pela Sprinklr, um whitepaper que traz\u00a0conselhos de alguns grandes profissionais de marketing digital, onde eles d\u00e3o algumas dicas inspiradoras para o tipo de conte\u00fado que deve ser produzido para o trabalho de social media.<\/p>\n<blockquote><p>\u201cPara ser interessante, uma marca precisa criar um conte\u00fado que seja 100% para o p\u00fablico. Tire a marca da hist\u00f3ria. Transforme o cliente em her\u00f3i e seu p\u00fablico prestar\u00e1 aten\u00e7\u00e3o. Valor n\u00e3o \u00e9 negoci\u00e1vel no cen\u00e1rio atual de informa\u00e7\u00f5es supercompetitivas.\u201d<\/p><\/blockquote>\n<hr \/>\n<p><a href=\"http:\/\/analise.digital\/blog\/melhores-praticas\/opiniao-os-perigos-do-melhor-horario-para-postagem\/\" target=\"_blank\"><strong>[Opini\u00e3o] Os perigos do \u201cmelhor hor\u00e1rio para postagem\u201d<\/strong><\/a>\u00a0&#8211; por Amir Faria, no analise.digital<\/p>\n<p>E j\u00e1 que estamos falando do trabalho e da cria\u00e7\u00e3o em social media, vamos conversar sobre esse mito? Quando comecei a me interessar por social media e pesquisei superficialmente sobre assunto, encontrei diversos posts e estudos sobre os melhores hor\u00e1rios para postagem. No entanto, no primeiro curso de m\u00e9tricas que fiz, j\u00e1 ca\u00ed na real e percebi que isso (assim como tudo ou quase tudo em m\u00eddias sociais para empresas) \u00e9 relativo. O mais legal desse texto \u00e9 que o autor se preocupa em apontar pesquisas, citar profissionais relevantes e fazer an\u00e1lises comparativas &#8211; trabalhando menos no &#8220;achismo&#8221; e mais na realidade atrav\u00e9s dos dados.<\/p>\n<blockquote><p>&#8220;Mesmo que uma\u00a0pesquisa seja feita estudando\u00a0diversos segmentos de p\u00e1ginas ou perfis das redes sociais, ao se isolar um \u00fanico segmento \u00e9 poss\u00edvel detectar um padr\u00e3o diferente de um padr\u00e3o que existe no contexto global. E mesmo dentro de um \u00fanico segmento, empresas podem ter um desempenho diferente com clientes semelhantes. Algumas podem entender o cen\u00e1rio que atuam e podem decidir n\u00e3o confrontar seus concorrentes nos mesmos hor\u00e1rios.&#8221;<\/p><\/blockquote>\n<p>&nbsp;<\/p>\n<hr \/>\n<p><strong>(Alguns d)Os (v\u00e1rios) problemas do Facebook<\/strong><\/p>\n<p>O imp\u00e9rio de Mark Zuckerberg quase nunca fica de fora dos assuntos abordados na leitura da semana justamente porque \u00e9 um imp\u00e9rio &#8211; atualmente, pra falar sobre internet, precisamos falar sobre ele. Acontece que o Facebook \u00e9 uma plataforma\/site de rede social bem problem\u00e1tica, tanto para usu\u00e1rios quanto para as empresa\/marcas\/neg\u00f3cios. No entanto, como as pessoas permanecem l\u00e1, os anunciantes n\u00e3o t\u00eam outra op\u00e7\u00e3o sen\u00e3o se render ao jogo do gigante das redes. Mas e se alguns problemas surgissem e come\u00e7assem a incomodar de verdade &#8211; e, para as empresas, &#8220;de verdade&#8221; significa monetariamente &#8211; os criadores de conte\u00fado? Duas das novidades da empresa &#8211; o Instant Articles e o investimento (intenso) em v\u00eddeos &#8211; t\u00eam criado certo inc\u00f4modo para publishers, anunciantes e criadores de conte\u00fado. Confira nas leituras que separei abaixo:<\/p>\n<ul>\n<li><a href=\"http:\/\/blog.newscred.com\/facebook-instant-articles-are-here-what-does-it-mean-for-seo\/\" target=\"_blank\">Facebook Instant Articles Are Here, What Does It Mean For SEO?<\/a><\/li>\n<li><a href=\"http:\/\/www.adweek.com\/news\/technology\/facebooks-freebooting-piracy-problem-just-cost-casey-neistat-20-million-views-168082\" target=\"_blank\">Facebook&#8217;s &#8216;Freebooting&#8217; Piracy Problem Just Cost Casey Neistat 20 Million Views<\/a><\/li>\n<li>Extra:\u00a0<a href=\"http:\/\/www.midiatismo.com.br\/o-marketing-digital\/youtube-ou-facebook-qual-e-a-melhor-plataforma-para-publicar-videos\" target=\"_blank\">Youtube ou Facebook \u2013 Qual \u00e9 a melhor plataforma para publicar v\u00eddeos?<\/a><\/li>\n<\/ul>\n<hr \/>\n<p><a href=\"http:\/\/dataismo.com.br\/2015\/11\/11\/dados-fora-da-caixa-menos-pesquisas-weird-mais-abrangencia-em-business-intelligence\/\" target=\"_blank\"><strong>Dados fora da caixa: menos pesquisas W.E.I.R.D., mais abrang\u00eancia em Business Intelligence<\/strong><\/a> &#8211; por Juliana Freitas, no Data\u00edsmo<\/p>\n<p>Tem alguns textos que servem para a sua educa\u00e7\u00e3o profissional (com informa\u00e7\u00f5es \u00fateis que te acrescentam habilidades espec\u00edficas) e tem outros que s\u00e3o aprendizados de viv\u00eancia, que acrescenta \u00e0 sua vis\u00e3o de mundo. No meio desse Diagrama de Venn, est\u00e1 a nova publica\u00e7\u00e3o do Data\u00edsmo. Retoma tamb\u00e9m um aprendizado das leituras sobre planejamento: n\u00e3o v\u00e1 atr\u00e1s de respostas que voc\u00ea deseja encontrar, mas aprenda a tirar o melhor proveito do que aparece nos seus resultados.<\/p>\n<blockquote><p>&#8220;Ok. A express\u00e3o \u201cfora da caixa\u201d surgiu h\u00e1 mais de 20 anos e hoje em dia n\u00e3o podemos dizer que este mote \u00e9 \u201cfora da caixa\u201d, pois j\u00e1 tornou-se clich\u00ea e\u2026 resumido, inclusive. Atualmente, \u00e9 usada frequentemente no marketing e na publicidade. Mas qual, realmente, a sua aplica\u00e7\u00e3o? Quantas campanhas e pesquisas podemos listar que possuem dados sobre\u00a0as pessoas fora do eixo W.E.I.R.D., mas que s\u00e3o atuantes na sociedade, mas nem sempre possuem visibilidade?&#8221;<\/p><\/blockquote>\n<hr \/>\n<p><strong><a href=\"http:\/\/querosersocialmedia.com.br\/blog\/social-analytics\/como-ir-alem-da-ferramenta-de-monitoramento\/\" target=\"_blank\">Como ir al\u00e9m da ferramenta de monitoramento<\/a><\/strong> &#8211; no Quero Ser Social Media<\/p>\n<p>Como avisei l\u00e1 no in\u00edcio, o QSSM agora est\u00e1 com um blog ativo &#8211; que j\u00e1 tem alguns textos bem interessantes\u00a0sobre monitoramento, m\u00e9tricas e planejamento. Nesta publica\u00e7\u00e3o, s\u00e3o apresentadas algumas op\u00e7\u00f5es de an\u00e1lise de sentimento da marca que n\u00e3o podem ser feitas atrav\u00e9s das ferramentas, j\u00e1 que o trabalho \u00e9 feito em locais mais &#8220;privados&#8221; ou onde as ferramentas n\u00e3o s\u00e3o capazes de fazer coleta. S\u00e3o pequenas dicas que podem fazer muita diferen\u00e7a.<\/p>\n<blockquote><p>&#8220;Devemos ter em mente que a ferramenta de monitoramento n\u00e3o pode ser considerada a \u00fanica fonte de informa\u00e7\u00e3o das m\u00eddias sociais. H\u00e1 muitos dados que, al\u00e9m de n\u00e3o serem coletados pelas ferramentas, devem ser inclu\u00eddos na an\u00e1lise e serem explorados de forma manual. Entretanto, deve-se lembrar que essas buscas manuais devem ser vistas como recursos qualitativos, ou seja, de verificar o teor dos assuntos e n\u00e3o quantific\u00e1-los.&#8221;<\/p><\/blockquote>\n<hr \/>\n<p><a href=\"http:\/\/www.socialbakers.com\/blog\/2317-5-tips-for-reporting-to-your-boss\" target=\"_blank\"><strong>5 Tips For Reporting to Your Boss<\/strong><\/a> &#8211; por Willian Miller, no Socialbakers<\/p>\n<p>E j\u00e1 que estamos falando sobre monitoramento e dicas pr\u00e1ticas, aqui est\u00e1 um post bem bacana do Socialbakers de como fazer um bom relat\u00f3rio (para apresentar ao chefe). Vale lembrar que n\u00e3o h\u00e1 uma f\u00f3rmula padr\u00e3o para todas as empresas e\/ou ferramentas, por isso todas as dicas distribu\u00eddas por grandes profissionais &#8211; ver tamb\u00e9m <a href=\"http:\/\/querosersocialmedia.com.br\/blog\/social-analytics\/como-fazer-bons-relatorios-de-monitoramento\/\" target=\"_blank\">este post do QSSM<\/a> &#8211; devem ser levadas em considera\u00e7\u00e3o por quem deseja melhorar seu desempenho.<\/p>\n<blockquote><p>&#8220;Speaking of realistic goals, looking at your own results in a vacuum on social won\u2019t tell you much. Sure, you can (and should) compare your current results with past results, in order to evaluate your progress. But to objectively evaluate your activities, it is necessary to compare your results with competitors. The best way how to set realistic goals is to benchmark your performance against industry averages and competitors.&#8221;<\/p><\/blockquote>\n<hr \/>\n<p><strong>&#8220;Da procura \u00e0 compra&#8221;: por uma jornada de compra com menos &#8220;ru\u00eddos&#8221;<\/strong><\/p>\n<p>Destoando um pouco dos outros assuntos da semana, trago aqui dois textos ainda muito \u00fateis para quem trabalha com marketing digital (principalmente com e-commerce). No primeiro, o autor analisa o desempenho da empresa Lowe (uma grande varejista norte-americana de produtos para casa) numa jornada de compra online &#8211; desde a busca (SEO) at\u00e9 a compra (landing page e checkout). J\u00e1 o segundo faz uma an\u00e1lise mais abrangente de diferentes p\u00e1ginas de e-commerce, ilustrando exemplos e indicando quais seriam os melhores caminhos a se tra\u00e7ar para obter um melhor resultado de convers\u00e3o.<\/p>\n<ul>\n<li><a href=\"http:\/\/searchenginewatch.com\/sew\/review\/2433998\/lowe-s-the-customer-journey-from-search-to-checkout\" target=\"_blank\">Lowe\u2019s: the customer journey from search to checkout<\/a><\/li>\n<li><a href=\"http:\/\/www.clickz.com\/uk\/2015\/10\/13\/what-does-the-ideal-ecommerce-product-page-look-like\" target=\"_blank\">What does the ideal ecommerce product page look like?<\/a><\/li>\n<\/ul>\n<hr \/>\n<p><a href=\"http:\/\/www.publicitariossc.com\/2015\/11\/quer-tirar-seu-email-marketing-do-spam\/\" target=\"_blank\"><strong>Quer tirar seu email marketing do SPAM?<\/strong><\/a> &#8211; por Ricardo Fernandes, no Publicit\u00e1rios Social Club<\/p>\n<p>Pra finalizar, um resum\u00e3o do que aconteceu na Email Marketing Summit, realizada pela Media Education no in\u00edcio do m\u00eas. Na publica\u00e7\u00e3o, o autor compila algumas dicas-base do que foi passado durante a confer\u00eancia por alguns especialistas em m\u00e9tricas, constru\u00e7\u00e3o e design sobre algumas das tend\u00eancias e novidades para a pr\u00e1tica de e-mail marketing.<\/p>\n<blockquote><p>&#8220;A ideia \u00e9: email-marketing \u00e9 uma das estrat\u00e9gias que oferece o melhor ROI (<em>Return on Investment<\/em>) pelo seu potencial de alcance e customiza\u00e7\u00e3o e pelo seu baixo custo. Mas sem mensura\u00e7\u00e3o e an\u00e1lise dos resultados, a estrat\u00e9gia vai por \u00e1gua abaixo. Sem an\u00e1lise, n\u00e3o h\u00e1 como identificar os KPIs na sua campanha. Nem como\u00a0conhecer o\u00a0que funciona ou n\u00e3o para o seu p\u00fablico (para poder\u00a0investir naquilo que d\u00e1 certo). A reputa\u00e7\u00e3o, ent\u00e3o, vai por \u00e1gua abaixo. E\u00a0o ROI, claro, vai junto. N\u00e3o caia nessa: invista em\u00a0an\u00e1lises aprofundadas das suas campanhas \u2013 e de forma sist\u00eamica, o que \u00e9 ainda mais importante.&#8221;<\/p><\/blockquote>\n","protected":false},"excerpt":{"rendered":"<p>Antes de tudo, um aviso: j\u00e1 desisti de fazer o post com as leituras da semana no domingo. Ningu\u00e9m quer trabalhar ou muito menos ler sobre o trabalho (mesmo que seja de interesse) num domingo. Ou seja, declaro aqui oficialmente que o novo dia do lan\u00e7amento da coluna \u00e9 \u00e0s segundas-feiras (pra come\u00e7ar a semana [&hellip;]<\/p>\n","protected":false},"author":1,"featured_media":672,"comment_status":"open","ping_status":"open","sticky":false,"template":"","format":"aside","meta":{"footnotes":""},"categories":[9],"tags":[38,39,44,48,57,60,65,69,81],"class_list":["post-638","post","type-post","status-publish","format-aside","has-post-thumbnail","hentry","category-leituras","tag-e-commerce","tag-e-mail-marketing","tag-facebook","tag-funil-de-vendas","tag-jornada-de-compra","tag-landing-page","tag-monitoramento","tag-planejamento","tag-relatorios","post_format-post-format-aside"],"yoast_head":"<!-- This site is optimized with the Yoast SEO plugin v27.5 - https:\/\/yoast.com\/product\/yoast-seo-wordpress\/ -->\n<title>Leituras da semana: planejamento, os problemas do Facebook e inspira\u00e7\u00f5es para social media &#8211; insightee<\/title>\n<meta name=\"robots\" content=\"index, follow, max-snippet:-1, max-image-preview:large, max-video-preview:-1\" \/>\n<link rel=\"canonical\" href=\"https:\/\/insightee.com.br\/blog\/leituras-da-semana-planejamento-os-problemas-do-facebook-e-inspiracoes-para-social-media\/\" \/>\n<meta property=\"og:locale\" content=\"pt_BR\" \/>\n<meta property=\"og:type\" content=\"article\" \/>\n<meta property=\"og:title\" content=\"Leituras da semana: planejamento, os problemas do Facebook e inspira\u00e7\u00f5es para social media &#8211; insightee\" \/>\n<meta property=\"og:description\" content=\"Antes de tudo, um aviso: j\u00e1 desisti de fazer o post com as leituras da semana no domingo. Ningu\u00e9m quer trabalhar ou muito menos ler sobre o trabalho (mesmo que seja de interesse) num domingo. Ou seja, declaro aqui oficialmente que o novo dia do lan\u00e7amento da coluna \u00e9 \u00e0s segundas-feiras (pra come\u00e7ar a semana [&hellip;]\" \/>\n<meta property=\"og:url\" content=\"https:\/\/insightee.com.br\/blog\/leituras-da-semana-planejamento-os-problemas-do-facebook-e-inspiracoes-para-social-media\/\" \/>\n<meta property=\"og:site_name\" content=\"insightee\" \/>\n<meta property=\"article:publisher\" content=\"https:\/\/www.facebook.com\/pedrormeirelles\" \/>\n<meta property=\"article:author\" content=\"https:\/\/www.facebook.com\/pedrormeirelles\" \/>\n<meta property=\"article:published_time\" content=\"2015-11-16T19:23:04+00:00\" \/>\n<meta property=\"og:image\" content=\"https:\/\/insightee.com.br\/blog\/wp-content\/uploads\/2015\/11\/leituras-planning.jpg\" \/>\n\t<meta property=\"og:image:width\" content=\"810\" \/>\n\t<meta property=\"og:image:height\" content=\"360\" \/>\n\t<meta property=\"og:image:type\" content=\"image\/jpeg\" \/>\n<meta name=\"author\" content=\"Pedro Meirelles\" \/>\n<meta name=\"twitter:card\" content=\"summary_large_image\" \/>\n<meta name=\"twitter:creator\" content=\"@https:\/\/twitter.com\/peumeirelles\" \/>\n<meta name=\"twitter:site\" content=\"@peumeirelles\" \/>\n<meta name=\"twitter:label1\" content=\"Escrito por\" \/>\n\t<meta name=\"twitter:data1\" content=\"Pedro Meirelles\" \/>\n\t<meta name=\"twitter:label2\" content=\"Est. tempo de leitura\" \/>\n\t<meta name=\"twitter:data2\" content=\"9 minutos\" \/>\n<script type=\"application\/ld+json\" class=\"yoast-schema-graph\">{\"@context\":\"https:\\\/\\\/schema.org\",\"@graph\":[{\"@type\":\"Article\",\"@id\":\"https:\\\/\\\/insightee.com.br\\\/blog\\\/leituras-da-semana-planejamento-os-problemas-do-facebook-e-inspiracoes-para-social-media\\\/#article\",\"isPartOf\":{\"@id\":\"https:\\\/\\\/insightee.com.br\\\/blog\\\/leituras-da-semana-planejamento-os-problemas-do-facebook-e-inspiracoes-para-social-media\\\/\"},\"author\":{\"name\":\"Pedro Meirelles\",\"@id\":\"https:\\\/\\\/insightee.com.br\\\/blog\\\/#\\\/schema\\\/person\\\/25bb944f37e66a0298f607979c5b0a22\"},\"headline\":\"Leituras da semana: planejamento, os problemas do Facebook e inspira\u00e7\u00f5es para social media\",\"datePublished\":\"2015-11-16T19:23:04+00:00\",\"mainEntityOfPage\":{\"@id\":\"https:\\\/\\\/insightee.com.br\\\/blog\\\/leituras-da-semana-planejamento-os-problemas-do-facebook-e-inspiracoes-para-social-media\\\/\"},\"wordCount\":1792,\"commentCount\":1,\"image\":{\"@id\":\"https:\\\/\\\/insightee.com.br\\\/blog\\\/leituras-da-semana-planejamento-os-problemas-do-facebook-e-inspiracoes-para-social-media\\\/#primaryimage\"},\"thumbnailUrl\":\"https:\\\/\\\/insightee.com.br\\\/blog\\\/wp-content\\\/uploads\\\/2015\\\/11\\\/leituras-planning.jpg\",\"keywords\":[\"e-commerce\",\"e-mail marketing\",\"facebook\",\"funil de vendas\",\"jornada de compra\",\"landing page\",\"Monitoramento\",\"planejamento\",\"Relat\u00f3rios\"],\"articleSection\":[\"Leituras\"],\"inLanguage\":\"pt-BR\",\"potentialAction\":[{\"@type\":\"CommentAction\",\"name\":\"Comment\",\"target\":[\"https:\\\/\\\/insightee.com.br\\\/blog\\\/leituras-da-semana-planejamento-os-problemas-do-facebook-e-inspiracoes-para-social-media\\\/#respond\"]}]},{\"@type\":\"WebPage\",\"@id\":\"https:\\\/\\\/insightee.com.br\\\/blog\\\/leituras-da-semana-planejamento-os-problemas-do-facebook-e-inspiracoes-para-social-media\\\/\",\"url\":\"https:\\\/\\\/insightee.com.br\\\/blog\\\/leituras-da-semana-planejamento-os-problemas-do-facebook-e-inspiracoes-para-social-media\\\/\",\"name\":\"Leituras da semana: planejamento, os problemas do Facebook e inspira\u00e7\u00f5es para social media &#8211; insightee\",\"isPartOf\":{\"@id\":\"https:\\\/\\\/insightee.com.br\\\/blog\\\/#website\"},\"primaryImageOfPage\":{\"@id\":\"https:\\\/\\\/insightee.com.br\\\/blog\\\/leituras-da-semana-planejamento-os-problemas-do-facebook-e-inspiracoes-para-social-media\\\/#primaryimage\"},\"image\":{\"@id\":\"https:\\\/\\\/insightee.com.br\\\/blog\\\/leituras-da-semana-planejamento-os-problemas-do-facebook-e-inspiracoes-para-social-media\\\/#primaryimage\"},\"thumbnailUrl\":\"https:\\\/\\\/insightee.com.br\\\/blog\\\/wp-content\\\/uploads\\\/2015\\\/11\\\/leituras-planning.jpg\",\"datePublished\":\"2015-11-16T19:23:04+00:00\",\"author\":{\"@id\":\"https:\\\/\\\/insightee.com.br\\\/blog\\\/#\\\/schema\\\/person\\\/25bb944f37e66a0298f607979c5b0a22\"},\"breadcrumb\":{\"@id\":\"https:\\\/\\\/insightee.com.br\\\/blog\\\/leituras-da-semana-planejamento-os-problemas-do-facebook-e-inspiracoes-para-social-media\\\/#breadcrumb\"},\"inLanguage\":\"pt-BR\",\"potentialAction\":[{\"@type\":\"ReadAction\",\"target\":[\"https:\\\/\\\/insightee.com.br\\\/blog\\\/leituras-da-semana-planejamento-os-problemas-do-facebook-e-inspiracoes-para-social-media\\\/\"]}]},{\"@type\":\"ImageObject\",\"inLanguage\":\"pt-BR\",\"@id\":\"https:\\\/\\\/insightee.com.br\\\/blog\\\/leituras-da-semana-planejamento-os-problemas-do-facebook-e-inspiracoes-para-social-media\\\/#primaryimage\",\"url\":\"https:\\\/\\\/insightee.com.br\\\/blog\\\/wp-content\\\/uploads\\\/2015\\\/11\\\/leituras-planning.jpg\",\"contentUrl\":\"https:\\\/\\\/insightee.com.br\\\/blog\\\/wp-content\\\/uploads\\\/2015\\\/11\\\/leituras-planning.jpg\",\"width\":810,\"height\":360},{\"@type\":\"BreadcrumbList\",\"@id\":\"https:\\\/\\\/insightee.com.br\\\/blog\\\/leituras-da-semana-planejamento-os-problemas-do-facebook-e-inspiracoes-para-social-media\\\/#breadcrumb\",\"itemListElement\":[{\"@type\":\"ListItem\",\"position\":1,\"name\":\"In\u00edcio\",\"item\":\"https:\\\/\\\/insightee.com.br\\\/blog\\\/\"},{\"@type\":\"ListItem\",\"position\":2,\"name\":\"Leituras da semana: planejamento, os problemas do Facebook e inspira\u00e7\u00f5es para social media\"}]},{\"@type\":\"WebSite\",\"@id\":\"https:\\\/\\\/insightee.com.br\\\/blog\\\/#website\",\"url\":\"https:\\\/\\\/insightee.com.br\\\/blog\\\/\",\"name\":\"insightee\",\"description\":\"\u00e0 procura do insight perfeito\",\"potentialAction\":[{\"@type\":\"SearchAction\",\"target\":{\"@type\":\"EntryPoint\",\"urlTemplate\":\"https:\\\/\\\/insightee.com.br\\\/blog\\\/?s={search_term_string}\"},\"query-input\":{\"@type\":\"PropertyValueSpecification\",\"valueRequired\":true,\"valueName\":\"search_term_string\"}}],\"inLanguage\":\"pt-BR\"},{\"@type\":\"Person\",\"@id\":\"https:\\\/\\\/insightee.com.br\\\/blog\\\/#\\\/schema\\\/person\\\/25bb944f37e66a0298f607979c5b0a22\",\"name\":\"Pedro Meirelles\",\"image\":{\"@type\":\"ImageObject\",\"inLanguage\":\"pt-BR\",\"@id\":\"https:\\\/\\\/secure.gravatar.com\\\/avatar\\\/65e627ac6c71e8afcd40409c252c043555caf5da4f58ba46ab903227744c24fd?s=96&d=mm&r=g\",\"url\":\"https:\\\/\\\/secure.gravatar.com\\\/avatar\\\/65e627ac6c71e8afcd40409c252c043555caf5da4f58ba46ab903227744c24fd?s=96&d=mm&r=g\",\"contentUrl\":\"https:\\\/\\\/secure.gravatar.com\\\/avatar\\\/65e627ac6c71e8afcd40409c252c043555caf5da4f58ba46ab903227744c24fd?s=96&d=mm&r=g\",\"caption\":\"Pedro Meirelles\"},\"description\":\"Mestrando em Cultura e Territorialidades pela Universidade Federal Fluminense, formado em Estudos de M\u00eddia pela mesma institui\u00e7\u00e3o. Interessado em pesquisa digital, m\u00e9todos digitais, an\u00e1lise de dados, cultura, sociedade e Nordeste. Pesquisador no Instituto Brasileiro de Pesquisa e An\u00e1lise de Dados. (+)\",\"sameAs\":[\"https:\\\/\\\/www.facebook.com\\\/pedrormeirelles\",\"http:\\\/\\\/instagram.com\\\/seekpedro\",\"https:\\\/\\\/www.linkedin.com\\\/in\\\/meirellespedro\",\"https:\\\/\\\/x.com\\\/https:\\\/\\\/twitter.com\\\/peumeirelles\"],\"url\":\"https:\\\/\\\/insightee.com.br\\\/blog\\\/author\\\/pedro-meirelles\\\/\"}]}<\/script>\n<!-- \/ Yoast SEO plugin. -->","yoast_head_json":{"title":"Leituras da semana: planejamento, os problemas do Facebook e inspira\u00e7\u00f5es para social media &#8211; insightee","robots":{"index":"index","follow":"follow","max-snippet":"max-snippet:-1","max-image-preview":"max-image-preview:large","max-video-preview":"max-video-preview:-1"},"canonical":"https:\/\/insightee.com.br\/blog\/leituras-da-semana-planejamento-os-problemas-do-facebook-e-inspiracoes-para-social-media\/","og_locale":"pt_BR","og_type":"article","og_title":"Leituras da semana: planejamento, os problemas do Facebook e inspira\u00e7\u00f5es para social media &#8211; insightee","og_description":"Antes de tudo, um aviso: j\u00e1 desisti de fazer o post com as leituras da semana no domingo. Ningu\u00e9m quer trabalhar ou muito menos ler sobre o trabalho (mesmo que seja de interesse) num domingo. Ou seja, declaro aqui oficialmente que o novo dia do lan\u00e7amento da coluna \u00e9 \u00e0s segundas-feiras (pra come\u00e7ar a semana [&hellip;]","og_url":"https:\/\/insightee.com.br\/blog\/leituras-da-semana-planejamento-os-problemas-do-facebook-e-inspiracoes-para-social-media\/","og_site_name":"insightee","article_publisher":"https:\/\/www.facebook.com\/pedrormeirelles","article_author":"https:\/\/www.facebook.com\/pedrormeirelles","article_published_time":"2015-11-16T19:23:04+00:00","og_image":[{"width":810,"height":360,"url":"https:\/\/insightee.com.br\/blog\/wp-content\/uploads\/2015\/11\/leituras-planning.jpg","type":"image\/jpeg"}],"author":"Pedro Meirelles","twitter_card":"summary_large_image","twitter_creator":"@https:\/\/twitter.com\/peumeirelles","twitter_site":"@peumeirelles","twitter_misc":{"Escrito por":"Pedro Meirelles","Est. tempo de leitura":"9 minutos"},"schema":{"@context":"https:\/\/schema.org","@graph":[{"@type":"Article","@id":"https:\/\/insightee.com.br\/blog\/leituras-da-semana-planejamento-os-problemas-do-facebook-e-inspiracoes-para-social-media\/#article","isPartOf":{"@id":"https:\/\/insightee.com.br\/blog\/leituras-da-semana-planejamento-os-problemas-do-facebook-e-inspiracoes-para-social-media\/"},"author":{"name":"Pedro Meirelles","@id":"https:\/\/insightee.com.br\/blog\/#\/schema\/person\/25bb944f37e66a0298f607979c5b0a22"},"headline":"Leituras da semana: planejamento, os problemas do Facebook e inspira\u00e7\u00f5es para social media","datePublished":"2015-11-16T19:23:04+00:00","mainEntityOfPage":{"@id":"https:\/\/insightee.com.br\/blog\/leituras-da-semana-planejamento-os-problemas-do-facebook-e-inspiracoes-para-social-media\/"},"wordCount":1792,"commentCount":1,"image":{"@id":"https:\/\/insightee.com.br\/blog\/leituras-da-semana-planejamento-os-problemas-do-facebook-e-inspiracoes-para-social-media\/#primaryimage"},"thumbnailUrl":"https:\/\/insightee.com.br\/blog\/wp-content\/uploads\/2015\/11\/leituras-planning.jpg","keywords":["e-commerce","e-mail marketing","facebook","funil de vendas","jornada de compra","landing page","Monitoramento","planejamento","Relat\u00f3rios"],"articleSection":["Leituras"],"inLanguage":"pt-BR","potentialAction":[{"@type":"CommentAction","name":"Comment","target":["https:\/\/insightee.com.br\/blog\/leituras-da-semana-planejamento-os-problemas-do-facebook-e-inspiracoes-para-social-media\/#respond"]}]},{"@type":"WebPage","@id":"https:\/\/insightee.com.br\/blog\/leituras-da-semana-planejamento-os-problemas-do-facebook-e-inspiracoes-para-social-media\/","url":"https:\/\/insightee.com.br\/blog\/leituras-da-semana-planejamento-os-problemas-do-facebook-e-inspiracoes-para-social-media\/","name":"Leituras da semana: planejamento, os problemas do Facebook e inspira\u00e7\u00f5es para social media &#8211; insightee","isPartOf":{"@id":"https:\/\/insightee.com.br\/blog\/#website"},"primaryImageOfPage":{"@id":"https:\/\/insightee.com.br\/blog\/leituras-da-semana-planejamento-os-problemas-do-facebook-e-inspiracoes-para-social-media\/#primaryimage"},"image":{"@id":"https:\/\/insightee.com.br\/blog\/leituras-da-semana-planejamento-os-problemas-do-facebook-e-inspiracoes-para-social-media\/#primaryimage"},"thumbnailUrl":"https:\/\/insightee.com.br\/blog\/wp-content\/uploads\/2015\/11\/leituras-planning.jpg","datePublished":"2015-11-16T19:23:04+00:00","author":{"@id":"https:\/\/insightee.com.br\/blog\/#\/schema\/person\/25bb944f37e66a0298f607979c5b0a22"},"breadcrumb":{"@id":"https:\/\/insightee.com.br\/blog\/leituras-da-semana-planejamento-os-problemas-do-facebook-e-inspiracoes-para-social-media\/#breadcrumb"},"inLanguage":"pt-BR","potentialAction":[{"@type":"ReadAction","target":["https:\/\/insightee.com.br\/blog\/leituras-da-semana-planejamento-os-problemas-do-facebook-e-inspiracoes-para-social-media\/"]}]},{"@type":"ImageObject","inLanguage":"pt-BR","@id":"https:\/\/insightee.com.br\/blog\/leituras-da-semana-planejamento-os-problemas-do-facebook-e-inspiracoes-para-social-media\/#primaryimage","url":"https:\/\/insightee.com.br\/blog\/wp-content\/uploads\/2015\/11\/leituras-planning.jpg","contentUrl":"https:\/\/insightee.com.br\/blog\/wp-content\/uploads\/2015\/11\/leituras-planning.jpg","width":810,"height":360},{"@type":"BreadcrumbList","@id":"https:\/\/insightee.com.br\/blog\/leituras-da-semana-planejamento-os-problemas-do-facebook-e-inspiracoes-para-social-media\/#breadcrumb","itemListElement":[{"@type":"ListItem","position":1,"name":"In\u00edcio","item":"https:\/\/insightee.com.br\/blog\/"},{"@type":"ListItem","position":2,"name":"Leituras da semana: planejamento, os problemas do Facebook e inspira\u00e7\u00f5es para social media"}]},{"@type":"WebSite","@id":"https:\/\/insightee.com.br\/blog\/#website","url":"https:\/\/insightee.com.br\/blog\/","name":"insightee","description":"\u00e0 procura do insight perfeito","potentialAction":[{"@type":"SearchAction","target":{"@type":"EntryPoint","urlTemplate":"https:\/\/insightee.com.br\/blog\/?s={search_term_string}"},"query-input":{"@type":"PropertyValueSpecification","valueRequired":true,"valueName":"search_term_string"}}],"inLanguage":"pt-BR"},{"@type":"Person","@id":"https:\/\/insightee.com.br\/blog\/#\/schema\/person\/25bb944f37e66a0298f607979c5b0a22","name":"Pedro Meirelles","image":{"@type":"ImageObject","inLanguage":"pt-BR","@id":"https:\/\/secure.gravatar.com\/avatar\/65e627ac6c71e8afcd40409c252c043555caf5da4f58ba46ab903227744c24fd?s=96&d=mm&r=g","url":"https:\/\/secure.gravatar.com\/avatar\/65e627ac6c71e8afcd40409c252c043555caf5da4f58ba46ab903227744c24fd?s=96&d=mm&r=g","contentUrl":"https:\/\/secure.gravatar.com\/avatar\/65e627ac6c71e8afcd40409c252c043555caf5da4f58ba46ab903227744c24fd?s=96&d=mm&r=g","caption":"Pedro Meirelles"},"description":"Mestrando em Cultura e Territorialidades pela Universidade Federal Fluminense, formado em Estudos de M\u00eddia pela mesma institui\u00e7\u00e3o. Interessado em pesquisa digital, m\u00e9todos digitais, an\u00e1lise de dados, cultura, sociedade e Nordeste. Pesquisador no Instituto Brasileiro de Pesquisa e An\u00e1lise de Dados. (+)","sameAs":["https:\/\/www.facebook.com\/pedrormeirelles","http:\/\/instagram.com\/seekpedro","https:\/\/www.linkedin.com\/in\/meirellespedro","https:\/\/x.com\/https:\/\/twitter.com\/peumeirelles"],"url":"https:\/\/insightee.com.br\/blog\/author\/pedro-meirelles\/"}]}},"views":1335,"_links":{"self":[{"href":"https:\/\/insightee.com.br\/blog\/wp-json\/wp\/v2\/posts\/638","targetHints":{"allow":["GET"]}}],"collection":[{"href":"https:\/\/insightee.com.br\/blog\/wp-json\/wp\/v2\/posts"}],"about":[{"href":"https:\/\/insightee.com.br\/blog\/wp-json\/wp\/v2\/types\/post"}],"author":[{"embeddable":true,"href":"https:\/\/insightee.com.br\/blog\/wp-json\/wp\/v2\/users\/1"}],"replies":[{"embeddable":true,"href":"https:\/\/insightee.com.br\/blog\/wp-json\/wp\/v2\/comments?post=638"}],"version-history":[{"count":0,"href":"https:\/\/insightee.com.br\/blog\/wp-json\/wp\/v2\/posts\/638\/revisions"}],"wp:featuredmedia":[{"embeddable":true,"href":"https:\/\/insightee.com.br\/blog\/wp-json\/wp\/v2\/media\/672"}],"wp:attachment":[{"href":"https:\/\/insightee.com.br\/blog\/wp-json\/wp\/v2\/media?parent=638"}],"wp:term":[{"taxonomy":"category","embeddable":true,"href":"https:\/\/insightee.com.br\/blog\/wp-json\/wp\/v2\/categories?post=638"},{"taxonomy":"post_tag","embeddable":true,"href":"https:\/\/insightee.com.br\/blog\/wp-json\/wp\/v2\/tags?post=638"}],"curies":[{"name":"wp","href":"https:\/\/api.w.org\/{rel}","templated":true}]}}