{"id":611,"date":"2015-11-09T21:26:19","date_gmt":"2015-11-09T21:26:19","guid":{"rendered":"https:\/\/estudandosocialmedia.wordpress.com\/?p=611"},"modified":"2015-11-09T21:26:19","modified_gmt":"2015-11-09T21:26:19","slug":"leituras-da-semana-mais-sobre-midia-programatica-reflexoes-sobre-conteudo-e-redesmidias-sociais","status":"publish","type":"post","link":"https:\/\/insightee.com.br\/blog\/leituras-da-semana-mais-sobre-midia-programatica-reflexoes-sobre-conteudo-e-redesmidias-sociais\/","title":{"rendered":"Leituras da semana: mais sobre m\u00eddia program\u00e1tica, reflex\u00f5es sobre conte\u00fado e redes\/m\u00eddias sociais"},"content":{"rendered":"<p>A \u00faltima semana foi novamente corrida devido a trabalhos da faculdade e por isso o blog ficou sem post sobre materiais educativos. No entanto, as leituras\u00a0di\u00e1rias continua(ra)m a todo vapor &#8211;\u00a0na campanha pessoal de diminuir o n\u00famero de textos a ler no Pocket de 400 a menos de 100 at\u00e9 o final do ano.\u00a0Nesta semana, reencontrei a m\u00eddia program\u00e1tica no intuito de compreender melhor como funciona e quais s\u00e3o suas propostas\/desafios, al\u00e9m de buscar conceitos e pr\u00e1ticas acad\u00eamicas para problem\u00e1ticas do mercado. Tem que ler!<\/p>\n<hr \/>\n<p><a href=\"http:\/\/www.viniciusghise.com.br\/blog\/midia-programatica\/\" target=\"_blank\"><strong>M\u00eddia Program\u00e1tica: O que \u00e9 e como funcionam as plataformas<\/strong><\/a> &#8211; por Vin\u00edcius Ghise<\/p>\n<p>N\u00e3o \u00e9 a primeira vez que falo sobre m\u00eddia program\u00e1tica aqui no blog (menos falo e mais escuto, na verdade). Ainda assim, fa\u00e7o quest\u00e3o de divulgar esse texto do Vin\u00edcius Ghise, no qual ele explica como funciona cada etapa, vertente e processo que envolve o uso de m\u00eddia program\u00e1tica. A explica\u00e7\u00e3o \u00e9 muito esclarecedora, mas n\u00e3o se acanhe em ir aos coment\u00e1rios para tirar quaisquer d\u00favidas sobre o assunto &#8211; afinal, ainda \u00e9 um processo muito novo e de dif\u00edcil compreens\u00e3o para o mercado brasileiro, que precisa amadurecer bastante.<\/p>\n<blockquote><p>M\u00eddia program\u00e1tica \u00e9 uma maneira programada de comprar e vender m\u00eddia atrav\u00e9s de ferramentas. O processo automatizado elimina alguns fatores que d\u00e3o morosidade ao neg\u00f3cio, como negocia\u00e7\u00e3o humana entre anunciante e publisher, inclus\u00f5es manuais de an\u00fancios e outros problemas. A principal forma de compra e venda do invent\u00e1rio se d\u00e1 por meio de um sistema de leil\u00e3o, em que o anunciante que der o maior lance conseguir\u00e1 o espa\u00e7o.<\/p><\/blockquote>\n<hr \/>\n<p><a href=\"http:\/\/searchengineland.com\/programmatic-advertising-can-drive-ppc-forward-234267\" target=\"_blank\"><strong>Programmatic Advertising &amp; How It Can Drive Your PPC Forward<\/strong><\/a> &#8211; no Search Engine Land<\/p>\n<p>Agora que voc\u00ea j\u00e1 sabe o que \u00e9 m\u00eddia program\u00e1tica (e mais ou menos como funciona), esse texto ajuda na compreens\u00e3o de por que utiliz\u00e1-la como estrat\u00e9gia de neg\u00f3cio. Spoiler: o grande diferencial, al\u00e9m da praticidade na automa\u00e7\u00e3o, \u00e9 a riqueza de dados que essa t\u00e1tica proporciona.<\/p>\n<blockquote><p>Programmatic can also drive your PPC\u00a0program forward because of the value of the data it provides. Programmatic is rich in data. For instance, learning the interests, likes, dislikes, geographical location and gender of customers can help determine keyword buying and ad messaging strategies.\u00a0Using programmatic data to inform your overall paid search strategy can provide a competitive advantage and improve results.<\/p><\/blockquote>\n<hr \/>\n<p><a href=\"http:\/\/iabbrasil.net\/artigo\/branding-programatico-comunique-se-sob-demanda\" target=\"_blank\"><strong>Branding program\u00e1tico: comunique-se sob demanda<\/strong><\/a> &#8211; por Rodrigo Junco, no IAB Brasil<\/p>\n<p>E se o assunto program\u00e1tico realmente te interessou, recomendo a leitura desse texto. Nele, o autor faz uma reflex\u00e3o sobre o uso da compra de m\u00eddia program\u00e1tica como estrat\u00e9gia de branding &#8211; uma pr\u00e1tica comum no mercado internacional. Pensando nisso, ele\u00a0explica como a utiliza\u00e7\u00e3o estrat\u00e9gica dos dados dessa t\u00e1tica pode beneficiar a comunica\u00e7\u00e3o assertiva com o cliente ao longo prazo.<\/p>\n<blockquote><p>Mercados mais maduros est\u00e3o usando cada vez mais automa\u00e7\u00e3o nas impress\u00f5es para os consumidores que est\u00e3o verdadeiramente em seu p\u00fablico-alvo com a capacidade de controle de alcance e frequ\u00eancia por meio de cada ponto de contato digital. Segundo pesquisa da Econsultancy, 62% das marcas l\u00edderes mundiais nos EUA e Reino Unido est\u00e3o comprando m\u00eddia program\u00e1tica para objetivos de branding, com a expectativa de aumentar esse or\u00e7amento em 37% nos pr\u00f3ximos dois anos. No Brasil, o desafio das ag\u00eancias continua sendo atrair mais mentes orientadas por dados anal\u00edticos em fun\u00e7\u00f5es de marketing, que t\u00eam sido fortemente demandados em busca da excel\u00eancia nos resultados.<\/p><\/blockquote>\n<hr \/>\n<p><strong>A estrelinha foi pro c\u00e9u<\/strong><\/p>\n<p>Na semana passada o Twitter perdeu um dos seus membros mais importantes: a estrela de favoritar. Embora o <em>fandom tuitero<\/em>\u00a0n\u00e3o tenha curtido o que acreditaram ser a Facebookiza\u00e7\u00e3o da plataforma, um olhar mais anal\u00edtico explica que o a mudan\u00e7a para um cora\u00e7\u00e3o\u00a0tem uma proposta estrat\u00e9gica que se relaciona diretamente com o modo como os humanos interagem com o formato.<\/p>\n<ul>\n<li><a href=\"http:\/\/dataismo.com.br\/2015\/11\/04\/ripstar-saem-as-estrelas-de-favoritos-entram-os-coracoes-de-curtir-no-twitter\/\" target=\"_blank\">#RipStar: saem as estrelas de favoritos, entram os cora\u00e7\u00f5es de curtir no Twitter<\/a><\/li>\n<li><a href=\"http:\/\/www.l2inc.com\/behind-twitters-move-from-stars-to-hearts\/2015\/blog\" target=\"_blank\">Behind Twitter\u2019s Move From Stars to Hearts<\/a><\/li>\n<\/ul>\n<hr \/>\n<p><strong>Redes ou m\u00eddias sociais?<\/strong><\/p>\n<p>Na faculdade, um dos (poucos, infelizmente) livros que li sobre o ambiente virtual foi um da Raquel Recuero no qual ela explica que n\u00e3o s\u00e3o redes sociais, mas sites de redes sociais. Por algum tempo, tive a preocupa\u00e7\u00e3o de falar corretamente, mas logo deixei isso de lado e acabei aderindo ao senso comum de tratar redes sociais e m\u00eddias sociais como a mesma coisa. Nesses textos que selecionei, os autores explicam o que diferencia esses dois termos &#8211; embora n\u00e3o seja t\u00e3o simples assim, ainda mais com o surgimento de plataformas fechadas como Snapchat e Periscope.<\/p>\n<ul>\n<li><a href=\"http:\/\/www.dp6.com.br\/e-se-eu-disser-que-o-facebook-nao-e-uma-rede-social\/\" target=\"_blank\">E se eu disser que o Facebook n\u00e3o \u00e9 uma Rede Social?<\/a><\/li>\n<li><a href=\"http:\/\/www.midiatismo.com.br\/comunicacao-digital\/qual-a-diferenca-entre-redes-sociais-e-midias-sociais\" target=\"_blank\">Qual a diferen\u00e7a entre redes sociais e m\u00eddias sociais?<\/a><\/li>\n<\/ul>\n<hr \/>\n<p><a href=\"http:\/\/anacanhoto.com\/2015\/11\/06\/handling-social-media-crises\/\" target=\"_blank\"><strong>Handling social media crises<\/strong><\/a> &#8211; por Ana Canhoto<\/p>\n<p>Existe uma cita\u00e7\u00e3o &#8220;informal&#8221; do <a href=\"https:\/\/twitter.com\/tarushijio\/status\/656114388827418624\" target=\"_blank\">Tarc\u00edzio Silva que diz<\/a>: &#8220;Existem dois tipos de analistas de m\u00eddias sociais. Os que aproveitam ferramentas\/teorias das universidades e os ruins.&#8221; Nesse post da pesquisadora Ana Canhoto, ela traz um resumo \u00fatil de um artigo produzido por ela e outros profissionais da academia\u00a0que procura auxiliar os profissionais de SAC 2.0 a fazer uma gest\u00e3o o menos &#8220;danosa&#8221; poss\u00edvel de uma crise no ambiente online.<\/p>\n<blockquote><p>The large number and variety of social media platforms, the volume of content available, and the spreadability of social media content, make this a difficult task. However, it is also true that consumers do not post on every single social media platform. Rather, they tend to favour some platforms over others, and this may vary by industry and country. Likewise, consumers use different social media platforms for specific activities, for instance talking about positive experiences on Facebook, but negative ones on Twitter. This means that firms need to focus on those platforms that are particularly relevant for their customers, and which reflect their behaviours and preferences.<\/p><\/blockquote>\n<hr \/>\n<p><a href=\"http:\/\/www.viniciusghise.com.br\/blog\/buyer-persona\/\" target=\"_blank\"><strong>Buyer Persona: Como criar, exemplos e template para download<\/strong><\/a> &#8211; por Vin\u00edcius Ghise<\/p>\n<p>Quando li alguns materiais sobre marketing de conte\u00fado (e automa\u00e7\u00e3o de marketing), senti falta de uma explica\u00e7\u00e3o mais &#8220;palp\u00e1vel&#8221; de como definir (bastante comentadas) personas. Nesse texto, al\u00e9m de explicar o conceito por tr\u00e1s de personas x p\u00fablico-alvo, o autor ainda disponibiliza um question\u00e1rio pr\u00e1tico de como criar essas personas &#8211; um fator extremamente importante principalmente para a estrat\u00e9gia de inbound marketing (e marketing de conte\u00fado).<\/p>\n<blockquote><p>Buyer persona \u00e9 uma representa\u00e7\u00e3o semi-fict\u00edcia criada para direcionar uma estrat\u00e9gia de comunica\u00e7\u00e3o a um segmento muito espec\u00edfico de p\u00fablico. Esta estrat\u00e9gia pode ser dividida em v\u00e1rias frentes de trabalho, mas tem com objetivo inicial compreender e solucionar as dificuldades de uma audi\u00eancia espec\u00edfica, que pode vir a consumir os produtos e servi\u00e7os desta organiza\u00e7\u00e3o. Este m\u00e9todo de trabalho ajuda na compreens\u00e3o exata da maneira como esta audi\u00eancia se comunica e consome conte\u00fado, contribuindo para uma estrat\u00e9gia personalizada de acordo com as suas necessidades e seu est\u00e1gio de entendimento em rela\u00e7\u00e3o \u00e0s necessidades.<\/p><\/blockquote>\n<hr \/>\n<p><a href=\"http:\/\/digiday.com\/agencies\/content-still-king-community-management-queen\/\" target=\"_blank\"><strong>Content is still king, but community management is queen<\/strong><\/a> &#8211; por Christina Miller, no Digiday<\/p>\n<p>Uns dias atr\u00e1s eu li <a href=\"http:\/\/www.socialmediatoday.com\/marketing\/what-if-content-not-king\" target=\"_blank\">este post\u00a0no Social Media Today<\/a> (baseado num artigo chamado <em>&#8220;Content Is Crap, and Other Rules For Marketers&#8221;<\/em>, do Harvard Business Review) e fiquei com um p\u00e9 atr\u00e1s &#8211; como assim, conte\u00fado n\u00e3o tem valor? No entanto, ap\u00f3s a leitura <del>complementar<\/del> do Digiday, entendi a afirma\u00e7\u00e3o do artigo. Vale a reflex\u00e3o (e o debate)!<\/p>\n<blockquote><p>Content is king, but content can\u2019t talk back. When someone complains in the comments about a piece of content, community management is there with the antidote. When someone wants more information about a product, community management is there to answer. When someone professes his or her love for your brand, community management is there to thank them and amplify the sentiment.<\/p><\/blockquote>\n<hr \/>\n<p><a href=\"http:\/\/simplymeasured.com\/blog\/youre-thinking-about-social-media-roi-all-wrong\/#i.1q4p3sj5t0dwcu\" target=\"_blank\"><strong>You\u2019re Thinking About Social Media ROI All Wrong<\/strong><\/a> &#8211; por Kevin Shively, no Simply Measured<\/p>\n<p>Return of Investment, ou ROI, \u00e9 um dos pontos principais a se analisar para as estrat\u00e9gias online &#8211; que diz respeito, numa analogia simpl\u00f3ria, ao lucro obtido pelo investimento inicial. Nesse blog post do SM, o autor apresenta a problem\u00e1tica do Social Media ROI, explica as duas formas mais comuns para explic\u00e1-lo (uma muito simples e outra muito complicada) e apresenta a solu\u00e7\u00e3o (ou uma recomenda\u00e7\u00e3o de solu\u00e7\u00e3o) para o problema.<\/p>\n<blockquote><p>Social\u00a0media is a marketing function. Whether it feeds top-of-the-funnel brand awareness, mid-funnel conversions, or customer satisfaction and lifetime value, we can\u2019t talk about Social ROI until we address the Social Attribution problem.\u00a0For the most part, social marketers are missing a huge piece of the puzzle when it comes to attributing traffic, conversions, and sales to social media, because we can\u2019t see exactly where a lot of\u00a0traffic actually came from.<\/p><\/blockquote>\n<hr \/>\n<p><strong>Dicas \u00fateis (e pr\u00e1ticas) de Social Media<\/strong><\/p>\n<p>Pra finalizar, separei sete posts (sendo cinco do Simply Measured, mas prometo que n\u00e3o \u00e9 a\u00e7\u00e3o patrocinada) com dicas \u00fateis que qualquer Community Manager (ou Social Media, se a sua empresa n\u00e3o tiver essa distin\u00e7\u00e3o) podem utilizar em suas pr\u00e1ticas de estrat\u00e9gia online. S\u00e3o coisas simples, mas que podem ajudar a abrir os olhos para alguma a\u00e7\u00e3o importante a ser utilizada.<\/p>\n<ul>\n<li><a href=\"http:\/\/simplymeasured.com\/blog\/5-twitter-hacks-your-brand-should-use\/#i.1q4p3sj5t0dwcu\" target=\"_blank\">5 Twitter Hacks Your Brand Should Use<\/a><\/li>\n<li><a href=\"http:\/\/simplymeasured.com\/blog\/7-instagram-hacks-that-will-change-how-you-post\/#i.1q4p3sj5t0dwcu\" target=\"_blank\">7 Instagram Hacks That Will Change How You Post<\/a><\/li>\n<li><a href=\"http:\/\/simplymeasured.com\/blog\/6-facebook-hacks-for-your-brand-to-try\/#i.1q4p3sj5t0dwcu\" target=\"_blank\">6 Facebook Hacks for Your Brand to Try<\/a><\/li>\n<li><a href=\"http:\/\/simplymeasured.com\/blog\/6-instagram-testing-strategies-for-social-marketers\/#i.1q4p3sj5t0dwcu\" target=\"_blank\">6 Instagram Testing Strategies for Social Marketers<\/a><\/li>\n<li><a href=\"http:\/\/giacomodegani.com.br\/como-aumentar-o-alcance-de-posts-no-facebook-twitter-e-instagram\/\" target=\"_blank\">Como aumentar o alcance de posts no Twitter, Facebook e Instagram<\/a><\/li>\n<li><a href=\"http:\/\/simplymeasured.com\/blog\/5-critical-pieces-of-social-marketing-advice\/?utm_medium=soc#i.1q4p3sj5t0dwcu\" target=\"_blank\">5 Critical Pieces of Social Marketing Advice<\/a><\/li>\n<li><a href=\"http:\/\/www.jeffbullas.com\/2015\/11\/05\/7-insights-social-media-success-industry-experts\/\" target=\"_blank\">7 Insights for Social Media Success from Industry Experts<\/a><\/li>\n<\/ul>\n","protected":false},"excerpt":{"rendered":"<p>A \u00faltima semana foi novamente corrida devido a trabalhos da faculdade e por isso o blog ficou sem post sobre materiais educativos. No entanto, as leituras\u00a0di\u00e1rias continua(ra)m a todo vapor &#8211;\u00a0na campanha pessoal de diminuir o n\u00famero de textos a ler no Pocket de 400 a menos de 100 at\u00e9 o final do ano.\u00a0Nesta semana, [&hellip;]<\/p>\n","protected":false},"author":1,"featured_media":613,"comment_status":"open","ping_status":"open","sticky":false,"template":"","format":"aside","meta":{"footnotes":""},"categories":[9],"tags":[30,62,63,67,93],"class_list":["post-611","post","type-post","status-publish","format-aside","has-post-thumbnail","hentry","category-leituras","tag-crises","tag-marketing-de-conteudo","tag-marketing-programatico","tag-personas","tag-twitter","post_format-post-format-aside"],"yoast_head":"<!-- This site is optimized with the Yoast SEO plugin v27.5 - https:\/\/yoast.com\/product\/yoast-seo-wordpress\/ -->\n<title>Leituras da semana: mais sobre m\u00eddia program\u00e1tica, reflex\u00f5es sobre conte\u00fado e redes\/m\u00eddias sociais &#8211; insightee<\/title>\n<meta name=\"robots\" content=\"index, follow, max-snippet:-1, max-image-preview:large, max-video-preview:-1\" \/>\n<link rel=\"canonical\" href=\"https:\/\/insightee.com.br\/blog\/leituras-da-semana-mais-sobre-midia-programatica-reflexoes-sobre-conteudo-e-redesmidias-sociais\/\" \/>\n<meta property=\"og:locale\" content=\"pt_BR\" \/>\n<meta property=\"og:type\" content=\"article\" \/>\n<meta property=\"og:title\" content=\"Leituras da semana: mais sobre m\u00eddia program\u00e1tica, reflex\u00f5es sobre conte\u00fado e redes\/m\u00eddias sociais &#8211; insightee\" \/>\n<meta property=\"og:description\" content=\"A \u00faltima semana foi novamente corrida devido a trabalhos da faculdade e por isso o blog ficou sem post sobre materiais educativos. No entanto, as leituras\u00a0di\u00e1rias continua(ra)m a todo vapor &#8211;\u00a0na campanha pessoal de diminuir o n\u00famero de textos a ler no Pocket de 400 a menos de 100 at\u00e9 o final do ano.\u00a0Nesta semana, [&hellip;]\" \/>\n<meta property=\"og:url\" content=\"https:\/\/insightee.com.br\/blog\/leituras-da-semana-mais-sobre-midia-programatica-reflexoes-sobre-conteudo-e-redesmidias-sociais\/\" \/>\n<meta property=\"og:site_name\" content=\"insightee\" \/>\n<meta property=\"article:publisher\" content=\"https:\/\/www.facebook.com\/pedrormeirelles\" \/>\n<meta property=\"article:author\" content=\"https:\/\/www.facebook.com\/pedrormeirelles\" \/>\n<meta property=\"article:published_time\" content=\"2015-11-09T21:26:19+00:00\" \/>\n<meta property=\"og:image\" content=\"https:\/\/insightee.com.br\/blog\/wp-content\/uploads\/2015\/11\/banner-programatic.jpg\" \/>\n\t<meta property=\"og:image:width\" content=\"810\" \/>\n\t<meta property=\"og:image:height\" content=\"360\" \/>\n\t<meta property=\"og:image:type\" content=\"image\/jpeg\" \/>\n<meta name=\"author\" content=\"Pedro Meirelles\" \/>\n<meta name=\"twitter:card\" content=\"summary_large_image\" \/>\n<meta name=\"twitter:creator\" content=\"@https:\/\/twitter.com\/peumeirelles\" \/>\n<meta name=\"twitter:site\" content=\"@peumeirelles\" \/>\n<meta name=\"twitter:label1\" content=\"Escrito por\" \/>\n\t<meta name=\"twitter:data1\" content=\"Pedro Meirelles\" \/>\n\t<meta name=\"twitter:label2\" content=\"Est. tempo de leitura\" \/>\n\t<meta name=\"twitter:data2\" content=\"8 minutos\" \/>\n<script type=\"application\/ld+json\" class=\"yoast-schema-graph\">{\"@context\":\"https:\\\/\\\/schema.org\",\"@graph\":[{\"@type\":\"Article\",\"@id\":\"https:\\\/\\\/insightee.com.br\\\/blog\\\/leituras-da-semana-mais-sobre-midia-programatica-reflexoes-sobre-conteudo-e-redesmidias-sociais\\\/#article\",\"isPartOf\":{\"@id\":\"https:\\\/\\\/insightee.com.br\\\/blog\\\/leituras-da-semana-mais-sobre-midia-programatica-reflexoes-sobre-conteudo-e-redesmidias-sociais\\\/\"},\"author\":{\"name\":\"Pedro Meirelles\",\"@id\":\"https:\\\/\\\/insightee.com.br\\\/blog\\\/#\\\/schema\\\/person\\\/25bb944f37e66a0298f607979c5b0a22\"},\"headline\":\"Leituras da semana: mais sobre m\u00eddia program\u00e1tica, reflex\u00f5es sobre conte\u00fado e redes\\\/m\u00eddias sociais\",\"datePublished\":\"2015-11-09T21:26:19+00:00\",\"mainEntityOfPage\":{\"@id\":\"https:\\\/\\\/insightee.com.br\\\/blog\\\/leituras-da-semana-mais-sobre-midia-programatica-reflexoes-sobre-conteudo-e-redesmidias-sociais\\\/\"},\"wordCount\":1699,\"commentCount\":1,\"image\":{\"@id\":\"https:\\\/\\\/insightee.com.br\\\/blog\\\/leituras-da-semana-mais-sobre-midia-programatica-reflexoes-sobre-conteudo-e-redesmidias-sociais\\\/#primaryimage\"},\"thumbnailUrl\":\"https:\\\/\\\/insightee.com.br\\\/blog\\\/wp-content\\\/uploads\\\/2015\\\/11\\\/banner-programatic.jpg\",\"keywords\":[\"crises\",\"marketing de conte\u00fado\",\"marketing program\u00e1tico\",\"personas\",\"Twitter\"],\"articleSection\":[\"Leituras\"],\"inLanguage\":\"pt-BR\",\"potentialAction\":[{\"@type\":\"CommentAction\",\"name\":\"Comment\",\"target\":[\"https:\\\/\\\/insightee.com.br\\\/blog\\\/leituras-da-semana-mais-sobre-midia-programatica-reflexoes-sobre-conteudo-e-redesmidias-sociais\\\/#respond\"]}]},{\"@type\":\"WebPage\",\"@id\":\"https:\\\/\\\/insightee.com.br\\\/blog\\\/leituras-da-semana-mais-sobre-midia-programatica-reflexoes-sobre-conteudo-e-redesmidias-sociais\\\/\",\"url\":\"https:\\\/\\\/insightee.com.br\\\/blog\\\/leituras-da-semana-mais-sobre-midia-programatica-reflexoes-sobre-conteudo-e-redesmidias-sociais\\\/\",\"name\":\"Leituras da semana: mais sobre m\u00eddia program\u00e1tica, reflex\u00f5es sobre conte\u00fado e redes\\\/m\u00eddias sociais &#8211; insightee\",\"isPartOf\":{\"@id\":\"https:\\\/\\\/insightee.com.br\\\/blog\\\/#website\"},\"primaryImageOfPage\":{\"@id\":\"https:\\\/\\\/insightee.com.br\\\/blog\\\/leituras-da-semana-mais-sobre-midia-programatica-reflexoes-sobre-conteudo-e-redesmidias-sociais\\\/#primaryimage\"},\"image\":{\"@id\":\"https:\\\/\\\/insightee.com.br\\\/blog\\\/leituras-da-semana-mais-sobre-midia-programatica-reflexoes-sobre-conteudo-e-redesmidias-sociais\\\/#primaryimage\"},\"thumbnailUrl\":\"https:\\\/\\\/insightee.com.br\\\/blog\\\/wp-content\\\/uploads\\\/2015\\\/11\\\/banner-programatic.jpg\",\"datePublished\":\"2015-11-09T21:26:19+00:00\",\"author\":{\"@id\":\"https:\\\/\\\/insightee.com.br\\\/blog\\\/#\\\/schema\\\/person\\\/25bb944f37e66a0298f607979c5b0a22\"},\"breadcrumb\":{\"@id\":\"https:\\\/\\\/insightee.com.br\\\/blog\\\/leituras-da-semana-mais-sobre-midia-programatica-reflexoes-sobre-conteudo-e-redesmidias-sociais\\\/#breadcrumb\"},\"inLanguage\":\"pt-BR\",\"potentialAction\":[{\"@type\":\"ReadAction\",\"target\":[\"https:\\\/\\\/insightee.com.br\\\/blog\\\/leituras-da-semana-mais-sobre-midia-programatica-reflexoes-sobre-conteudo-e-redesmidias-sociais\\\/\"]}]},{\"@type\":\"ImageObject\",\"inLanguage\":\"pt-BR\",\"@id\":\"https:\\\/\\\/insightee.com.br\\\/blog\\\/leituras-da-semana-mais-sobre-midia-programatica-reflexoes-sobre-conteudo-e-redesmidias-sociais\\\/#primaryimage\",\"url\":\"https:\\\/\\\/insightee.com.br\\\/blog\\\/wp-content\\\/uploads\\\/2015\\\/11\\\/banner-programatic.jpg\",\"contentUrl\":\"https:\\\/\\\/insightee.com.br\\\/blog\\\/wp-content\\\/uploads\\\/2015\\\/11\\\/banner-programatic.jpg\",\"width\":810,\"height\":360},{\"@type\":\"BreadcrumbList\",\"@id\":\"https:\\\/\\\/insightee.com.br\\\/blog\\\/leituras-da-semana-mais-sobre-midia-programatica-reflexoes-sobre-conteudo-e-redesmidias-sociais\\\/#breadcrumb\",\"itemListElement\":[{\"@type\":\"ListItem\",\"position\":1,\"name\":\"In\u00edcio\",\"item\":\"https:\\\/\\\/insightee.com.br\\\/blog\\\/\"},{\"@type\":\"ListItem\",\"position\":2,\"name\":\"Leituras da semana: mais sobre m\u00eddia program\u00e1tica, reflex\u00f5es sobre conte\u00fado e redes\\\/m\u00eddias sociais\"}]},{\"@type\":\"WebSite\",\"@id\":\"https:\\\/\\\/insightee.com.br\\\/blog\\\/#website\",\"url\":\"https:\\\/\\\/insightee.com.br\\\/blog\\\/\",\"name\":\"insightee\",\"description\":\"\u00e0 procura do insight perfeito\",\"potentialAction\":[{\"@type\":\"SearchAction\",\"target\":{\"@type\":\"EntryPoint\",\"urlTemplate\":\"https:\\\/\\\/insightee.com.br\\\/blog\\\/?s={search_term_string}\"},\"query-input\":{\"@type\":\"PropertyValueSpecification\",\"valueRequired\":true,\"valueName\":\"search_term_string\"}}],\"inLanguage\":\"pt-BR\"},{\"@type\":\"Person\",\"@id\":\"https:\\\/\\\/insightee.com.br\\\/blog\\\/#\\\/schema\\\/person\\\/25bb944f37e66a0298f607979c5b0a22\",\"name\":\"Pedro Meirelles\",\"image\":{\"@type\":\"ImageObject\",\"inLanguage\":\"pt-BR\",\"@id\":\"https:\\\/\\\/secure.gravatar.com\\\/avatar\\\/65e627ac6c71e8afcd40409c252c043555caf5da4f58ba46ab903227744c24fd?s=96&d=mm&r=g\",\"url\":\"https:\\\/\\\/secure.gravatar.com\\\/avatar\\\/65e627ac6c71e8afcd40409c252c043555caf5da4f58ba46ab903227744c24fd?s=96&d=mm&r=g\",\"contentUrl\":\"https:\\\/\\\/secure.gravatar.com\\\/avatar\\\/65e627ac6c71e8afcd40409c252c043555caf5da4f58ba46ab903227744c24fd?s=96&d=mm&r=g\",\"caption\":\"Pedro Meirelles\"},\"description\":\"Mestrando em Cultura e Territorialidades pela Universidade Federal Fluminense, formado em Estudos de M\u00eddia pela mesma institui\u00e7\u00e3o. Interessado em pesquisa digital, m\u00e9todos digitais, an\u00e1lise de dados, cultura, sociedade e Nordeste. Pesquisador no Instituto Brasileiro de Pesquisa e An\u00e1lise de Dados. (+)\",\"sameAs\":[\"https:\\\/\\\/www.facebook.com\\\/pedrormeirelles\",\"http:\\\/\\\/instagram.com\\\/seekpedro\",\"https:\\\/\\\/www.linkedin.com\\\/in\\\/meirellespedro\",\"https:\\\/\\\/x.com\\\/https:\\\/\\\/twitter.com\\\/peumeirelles\"],\"url\":\"https:\\\/\\\/insightee.com.br\\\/blog\\\/author\\\/pedro-meirelles\\\/\"}]}<\/script>\n<!-- \/ Yoast SEO plugin. -->","yoast_head_json":{"title":"Leituras da semana: mais sobre m\u00eddia program\u00e1tica, reflex\u00f5es sobre conte\u00fado e redes\/m\u00eddias sociais &#8211; insightee","robots":{"index":"index","follow":"follow","max-snippet":"max-snippet:-1","max-image-preview":"max-image-preview:large","max-video-preview":"max-video-preview:-1"},"canonical":"https:\/\/insightee.com.br\/blog\/leituras-da-semana-mais-sobre-midia-programatica-reflexoes-sobre-conteudo-e-redesmidias-sociais\/","og_locale":"pt_BR","og_type":"article","og_title":"Leituras da semana: mais sobre m\u00eddia program\u00e1tica, reflex\u00f5es sobre conte\u00fado e redes\/m\u00eddias sociais &#8211; insightee","og_description":"A \u00faltima semana foi novamente corrida devido a trabalhos da faculdade e por isso o blog ficou sem post sobre materiais educativos. No entanto, as leituras\u00a0di\u00e1rias continua(ra)m a todo vapor &#8211;\u00a0na campanha pessoal de diminuir o n\u00famero de textos a ler no Pocket de 400 a menos de 100 at\u00e9 o final do ano.\u00a0Nesta semana, [&hellip;]","og_url":"https:\/\/insightee.com.br\/blog\/leituras-da-semana-mais-sobre-midia-programatica-reflexoes-sobre-conteudo-e-redesmidias-sociais\/","og_site_name":"insightee","article_publisher":"https:\/\/www.facebook.com\/pedrormeirelles","article_author":"https:\/\/www.facebook.com\/pedrormeirelles","article_published_time":"2015-11-09T21:26:19+00:00","og_image":[{"width":810,"height":360,"url":"https:\/\/insightee.com.br\/blog\/wp-content\/uploads\/2015\/11\/banner-programatic.jpg","type":"image\/jpeg"}],"author":"Pedro Meirelles","twitter_card":"summary_large_image","twitter_creator":"@https:\/\/twitter.com\/peumeirelles","twitter_site":"@peumeirelles","twitter_misc":{"Escrito por":"Pedro Meirelles","Est. tempo de leitura":"8 minutos"},"schema":{"@context":"https:\/\/schema.org","@graph":[{"@type":"Article","@id":"https:\/\/insightee.com.br\/blog\/leituras-da-semana-mais-sobre-midia-programatica-reflexoes-sobre-conteudo-e-redesmidias-sociais\/#article","isPartOf":{"@id":"https:\/\/insightee.com.br\/blog\/leituras-da-semana-mais-sobre-midia-programatica-reflexoes-sobre-conteudo-e-redesmidias-sociais\/"},"author":{"name":"Pedro Meirelles","@id":"https:\/\/insightee.com.br\/blog\/#\/schema\/person\/25bb944f37e66a0298f607979c5b0a22"},"headline":"Leituras da semana: mais sobre m\u00eddia program\u00e1tica, reflex\u00f5es sobre conte\u00fado e redes\/m\u00eddias sociais","datePublished":"2015-11-09T21:26:19+00:00","mainEntityOfPage":{"@id":"https:\/\/insightee.com.br\/blog\/leituras-da-semana-mais-sobre-midia-programatica-reflexoes-sobre-conteudo-e-redesmidias-sociais\/"},"wordCount":1699,"commentCount":1,"image":{"@id":"https:\/\/insightee.com.br\/blog\/leituras-da-semana-mais-sobre-midia-programatica-reflexoes-sobre-conteudo-e-redesmidias-sociais\/#primaryimage"},"thumbnailUrl":"https:\/\/insightee.com.br\/blog\/wp-content\/uploads\/2015\/11\/banner-programatic.jpg","keywords":["crises","marketing de conte\u00fado","marketing program\u00e1tico","personas","Twitter"],"articleSection":["Leituras"],"inLanguage":"pt-BR","potentialAction":[{"@type":"CommentAction","name":"Comment","target":["https:\/\/insightee.com.br\/blog\/leituras-da-semana-mais-sobre-midia-programatica-reflexoes-sobre-conteudo-e-redesmidias-sociais\/#respond"]}]},{"@type":"WebPage","@id":"https:\/\/insightee.com.br\/blog\/leituras-da-semana-mais-sobre-midia-programatica-reflexoes-sobre-conteudo-e-redesmidias-sociais\/","url":"https:\/\/insightee.com.br\/blog\/leituras-da-semana-mais-sobre-midia-programatica-reflexoes-sobre-conteudo-e-redesmidias-sociais\/","name":"Leituras da semana: mais sobre m\u00eddia program\u00e1tica, reflex\u00f5es sobre conte\u00fado e redes\/m\u00eddias sociais &#8211; insightee","isPartOf":{"@id":"https:\/\/insightee.com.br\/blog\/#website"},"primaryImageOfPage":{"@id":"https:\/\/insightee.com.br\/blog\/leituras-da-semana-mais-sobre-midia-programatica-reflexoes-sobre-conteudo-e-redesmidias-sociais\/#primaryimage"},"image":{"@id":"https:\/\/insightee.com.br\/blog\/leituras-da-semana-mais-sobre-midia-programatica-reflexoes-sobre-conteudo-e-redesmidias-sociais\/#primaryimage"},"thumbnailUrl":"https:\/\/insightee.com.br\/blog\/wp-content\/uploads\/2015\/11\/banner-programatic.jpg","datePublished":"2015-11-09T21:26:19+00:00","author":{"@id":"https:\/\/insightee.com.br\/blog\/#\/schema\/person\/25bb944f37e66a0298f607979c5b0a22"},"breadcrumb":{"@id":"https:\/\/insightee.com.br\/blog\/leituras-da-semana-mais-sobre-midia-programatica-reflexoes-sobre-conteudo-e-redesmidias-sociais\/#breadcrumb"},"inLanguage":"pt-BR","potentialAction":[{"@type":"ReadAction","target":["https:\/\/insightee.com.br\/blog\/leituras-da-semana-mais-sobre-midia-programatica-reflexoes-sobre-conteudo-e-redesmidias-sociais\/"]}]},{"@type":"ImageObject","inLanguage":"pt-BR","@id":"https:\/\/insightee.com.br\/blog\/leituras-da-semana-mais-sobre-midia-programatica-reflexoes-sobre-conteudo-e-redesmidias-sociais\/#primaryimage","url":"https:\/\/insightee.com.br\/blog\/wp-content\/uploads\/2015\/11\/banner-programatic.jpg","contentUrl":"https:\/\/insightee.com.br\/blog\/wp-content\/uploads\/2015\/11\/banner-programatic.jpg","width":810,"height":360},{"@type":"BreadcrumbList","@id":"https:\/\/insightee.com.br\/blog\/leituras-da-semana-mais-sobre-midia-programatica-reflexoes-sobre-conteudo-e-redesmidias-sociais\/#breadcrumb","itemListElement":[{"@type":"ListItem","position":1,"name":"In\u00edcio","item":"https:\/\/insightee.com.br\/blog\/"},{"@type":"ListItem","position":2,"name":"Leituras da semana: mais sobre m\u00eddia program\u00e1tica, reflex\u00f5es sobre conte\u00fado e redes\/m\u00eddias sociais"}]},{"@type":"WebSite","@id":"https:\/\/insightee.com.br\/blog\/#website","url":"https:\/\/insightee.com.br\/blog\/","name":"insightee","description":"\u00e0 procura do insight perfeito","potentialAction":[{"@type":"SearchAction","target":{"@type":"EntryPoint","urlTemplate":"https:\/\/insightee.com.br\/blog\/?s={search_term_string}"},"query-input":{"@type":"PropertyValueSpecification","valueRequired":true,"valueName":"search_term_string"}}],"inLanguage":"pt-BR"},{"@type":"Person","@id":"https:\/\/insightee.com.br\/blog\/#\/schema\/person\/25bb944f37e66a0298f607979c5b0a22","name":"Pedro Meirelles","image":{"@type":"ImageObject","inLanguage":"pt-BR","@id":"https:\/\/secure.gravatar.com\/avatar\/65e627ac6c71e8afcd40409c252c043555caf5da4f58ba46ab903227744c24fd?s=96&d=mm&r=g","url":"https:\/\/secure.gravatar.com\/avatar\/65e627ac6c71e8afcd40409c252c043555caf5da4f58ba46ab903227744c24fd?s=96&d=mm&r=g","contentUrl":"https:\/\/secure.gravatar.com\/avatar\/65e627ac6c71e8afcd40409c252c043555caf5da4f58ba46ab903227744c24fd?s=96&d=mm&r=g","caption":"Pedro Meirelles"},"description":"Mestrando em Cultura e Territorialidades pela Universidade Federal Fluminense, formado em Estudos de M\u00eddia pela mesma institui\u00e7\u00e3o. Interessado em pesquisa digital, m\u00e9todos digitais, an\u00e1lise de dados, cultura, sociedade e Nordeste. Pesquisador no Instituto Brasileiro de Pesquisa e An\u00e1lise de Dados. (+)","sameAs":["https:\/\/www.facebook.com\/pedrormeirelles","http:\/\/instagram.com\/seekpedro","https:\/\/www.linkedin.com\/in\/meirellespedro","https:\/\/x.com\/https:\/\/twitter.com\/peumeirelles"],"url":"https:\/\/insightee.com.br\/blog\/author\/pedro-meirelles\/"}]}},"views":1395,"_links":{"self":[{"href":"https:\/\/insightee.com.br\/blog\/wp-json\/wp\/v2\/posts\/611","targetHints":{"allow":["GET"]}}],"collection":[{"href":"https:\/\/insightee.com.br\/blog\/wp-json\/wp\/v2\/posts"}],"about":[{"href":"https:\/\/insightee.com.br\/blog\/wp-json\/wp\/v2\/types\/post"}],"author":[{"embeddable":true,"href":"https:\/\/insightee.com.br\/blog\/wp-json\/wp\/v2\/users\/1"}],"replies":[{"embeddable":true,"href":"https:\/\/insightee.com.br\/blog\/wp-json\/wp\/v2\/comments?post=611"}],"version-history":[{"count":0,"href":"https:\/\/insightee.com.br\/blog\/wp-json\/wp\/v2\/posts\/611\/revisions"}],"wp:featuredmedia":[{"embeddable":true,"href":"https:\/\/insightee.com.br\/blog\/wp-json\/wp\/v2\/media\/613"}],"wp:attachment":[{"href":"https:\/\/insightee.com.br\/blog\/wp-json\/wp\/v2\/media?parent=611"}],"wp:term":[{"taxonomy":"category","embeddable":true,"href":"https:\/\/insightee.com.br\/blog\/wp-json\/wp\/v2\/categories?post=611"},{"taxonomy":"post_tag","embeddable":true,"href":"https:\/\/insightee.com.br\/blog\/wp-json\/wp\/v2\/tags?post=611"}],"curies":[{"name":"wp","href":"https:\/\/api.w.org\/{rel}","templated":true}]}}