{"id":601,"date":"2015-11-03T11:20:03","date_gmt":"2015-11-03T11:20:03","guid":{"rendered":"https:\/\/estudandosocialmedia.wordpress.com\/?p=601"},"modified":"2015-11-03T11:20:03","modified_gmt":"2015-11-03T11:20:03","slug":"leituras-da-semana-monitoramento-dados-e-classificacao-de-sentimentos","status":"publish","type":"post","link":"https:\/\/insightee.com.br\/blog\/leituras-da-semana-monitoramento-dados-e-classificacao-de-sentimentos\/","title":{"rendered":"Leituras da semana: monitoramento, dados e classifica\u00e7\u00e3o de sentimentos"},"content":{"rendered":"<p>Antes tarde do que nunca. Depois de duas semanas sem atualiza\u00e7\u00f5es, retomo aqui as minhas leituras semanais. Por motivos pessoais (viagem e faculdade), acabei n\u00e3o divulgando as leituras das \u00faltimas semanas, o que tamb\u00e9m significa que acumulei mais 100 textos na conta (acho que j\u00e1 s\u00e3o mais de 300 no Pocket). Este \u00e9 um problema que vivo me questionando: como tirar o atraso\/se manter em dia com um mercado que est\u00e1 em constante mudan\u00e7a? Mas essa reflex\u00e3o fica para outro momento. Por ora, compartilho aqui alguns textos inteligentes com os quais me deparei\u00a0no \u00faltimo m\u00eas.<\/p>\n<hr \/>\n<p><a href=\"http:\/\/dataismo.com.br\/2015\/10\/29\/piramide-de-awareness-no-monitoramento-de-redes-sociais\/\" target=\"_blank\"><strong>Pir\u00e2mide de Awareness no monitoramento de redes sociais<\/strong> <\/a>&#8211; Data\u00edsmo<\/p>\n<p>Para come\u00e7ar com o p\u00e9 direito, um texto do Data\u00edsmo &#8211; que nunca decepciona. Para falar de monitoramento, a autora explica conceitos importantes sobre a pir\u00e2mide de awareness e seus desdobramentos. Como sempre, a linguagem \u00e9 de f\u00e1cil compreens\u00e3o e v\u00e1rios exemplos s\u00e3o dados para ilustrar ainda mais as ideias discutidas.<\/p>\n<blockquote><p>Por meio do monitoramento de redes sociais, podemos identificar o panorama da marca, observar quem fala sobre ela, tra\u00e7ar necessidades, pontos positivos e negativos. Isto pode ocorrer com o monitoramento do buzz (o que foi falado) de forma espont\u00e2nea, sem citar os canais da marca diretamente; de forma direta, com os coment\u00e1rios e replies diretos \u00e0 marca; ou at\u00e9 por meio do universo que comp\u00f5e a marca (grupos ou comunidades que fazem parte do recorte desta marca nas redes sociais.<\/p><\/blockquote>\n<hr \/>\n<p><span style=\"font-weight:normal;\"><a href=\"https:\/\/www.linkedin.com\/pulse\/o-monitoramento-e-seu-potencial-muito-mal-explorado-vin%C3%ADcius-padalino\" target=\"_blank\"><strong>O monitoramento e seu potencial (muito) mal explorado<\/strong><\/a> &#8211; por Vin\u00edcius Padalino<\/span><\/p>\n<p>Nesse artigo, publicado no (LinkedIn) Pulse, o autor aborda algumas quest\u00f5es interessantes sobre o monitoramento e, principalmente, o modo como ele \u00e9 subestimado pelas empresas. \u00c9 um texto curto, praticamente um desabafo, mas muito relevante para pensar para onde a publicidade e comunica\u00e7\u00e3o como um todo deve(ria) seguir.<\/p>\n<blockquote><p>N\u00e3o existe m\u00e1gica que fa\u00e7a com que o trabalho de monitoramento seja, de fato, relevante. S\u00f3 existe intelig\u00eancia efetiva quando h\u00e1 integra\u00e7\u00e3o, planejamento, entendimento, contexto, equipes especializadas, metodologias muito bem estruturadas e definidas, ferramentas eficientes e muita pesquisa e estudo. Todos esses pilares sustentam um bom trabalho de monitoramento e garantem seu desenvolvimento e evolu\u00e7\u00e3o. Por\u00e9m, assim como no trabalho de qualquer outra \u00e1rea, esses pilares t\u00eam um custo. Ilude-se quem imagina que uma grande empresa pode fazer do monitoramento uma ferramenta estrat\u00e9gica do neg\u00f3cio contratando um analista inexperiente ou pagando cerca de R$ 5 mil a alguma consultoria especializada de baixo custo. Ag\u00eancias e consultorias de baixo custo s\u00e3o, sim, estrat\u00e9gicas, por\u00e9m em contextos espec\u00edficos e para clientes espec\u00edficos, como empresas de pequeno porte.\u00a0Precisamos parar de subvalorizar o monitoramento!<\/p><\/blockquote>\n<hr \/>\n<p><strong><a href=\"http:\/\/innovationinsider.com.br\/ok-voce-tem-um-bando-de-dados-do-seu-consumidor-o-que-fazer-com-ele\/\" target=\"_blank\">Ok, voc\u00ea tem um bando de dados do seu consumidor. O que fazer com ele?<\/a><\/strong> &#8211; no Innovation Insider<\/p>\n<p>As pessoas deixam cada vez mais rastros pela internet. As empresas, na maioria das vezes, j\u00e1 t\u00eam esses dados. Para extrair algo positivo daqueles n\u00fameros, no entanto, \u00e9 preciso entender como classificar\/categorizar toda essa informa\u00e7\u00e3o. Nesse artigo, s\u00e3o apresentadas algumas dire\u00e7\u00f5es que podem ser seguidas.<\/p>\n<blockquote><p>Capturar e armazenar dados sobre seu target \u00e9 uma tarefa de alguma complexidade, porque voc\u00ea pode, por exemplo, estar capturando dados in\u00fateis ou de baixo valor. Voc\u00ea pode ainda estar armazenando-os de forma inconsistente e de baixa efic\u00e1cia. E o pior de tudo: depois de capturar e armazenar voc\u00ea pode simplesmente usar esses dados de forma completamente equivocada, perdendo tempo, recursos e impactando de forma negativa toda a performance do seu neg\u00f3cio.<\/p><\/blockquote>\n<hr \/>\n<p><strong><a href=\"http:\/\/www.proxxima.com.br\/home\/conectados\/2015\/10\/Por-que-o-Brasil-n-o-consegue-evoluir-na-cultura-de-dados--.html\" target=\"_blank\">Por que o Brasil n\u00e3o consegue evoluir na cultura de dados?<\/a><\/strong> &#8211; por Gerson Ribeiro, no ProXXima<\/p>\n<p>A cultura data-driven ainda tem muito o que evoluir no Brasil. Nesse artigo, o professor de marketing da ESPM discorre sobre algumas mudan\u00e7as fundamentais que adotar esse m\u00e9todo de trabalho podem agregar ao valores das empresas (ou ag\u00eancias de marketing).<\/p>\n<blockquote><p>Levando para nosso dia a dia do marketing esta cultura de \u201cdata driven marketing\u201d (em portugu\u00eas, \u201cmarketing guiado por dados\u201d), faz toda a diferen\u00e7a, seja para as a\u00e7\u00f5es de marketing ou para a empresa como um todo. Uma empresa com cultura de m\u00e9tricas toma todas as suas decis\u00f5es baseadas em n\u00fameros. E essa cultura vai do presidente para todos os departamentos.<\/p><\/blockquote>\n<hr \/>\n<p><a href=\"http:\/\/arquiteturadeinformacao.com\/series\/metricas-e-ux\/aarrr-o-funil-e-seu-amigo\/\" target=\"_blank\"><strong>AARRR: o funil \u00e9 seu amigo<\/strong><\/a> &#8211; por Willian Sertorio, no Blog de AI<\/p>\n<p>O Blog de AI sempre compartilha posts interessantes sobre m\u00e9tricas. Neste, o autor explica o conceito do funil AARRR. Vale para m\u00e9tricas mas tamb\u00e9m \u00e9 um \u00f3timo m\u00e9todo para enxergar (e avaliar) o neg\u00f3cio da empresa como um todo.<\/p>\n<blockquote><p>Dave McLure, figura importante na cena de startups, criou um framework (estrutura) de m\u00e9tricas em meados de 2007. Este framework permite visualizar de maneira r\u00e1pida os aspectos mais importantes do seu produto. Deu t\u00e3o certo que hoje \u00e9 a forma padr\u00e3o com que startups e outros produtos digitais comunicam seus n\u00fameros.<\/p><\/blockquote>\n<hr \/>\n<p><a href=\"https:\/\/blog.twitter.com\/2015\/usgs-twitter-data-earthquake-detection\" target=\"_blank\"><strong>How the USGS uses Twitter data to track earthquakes<\/strong><\/a> &#8211; no blog do Twitter<\/p>\n<p>Ainda na #Opera\u00e7\u00e3oSalvemOTwitter, este artigo publicado no blog da empresa explica como U.S. Geological Survey passou a utilizar a plataforma para localizar e identificar terremotos nos Estados Unidos. Ou seja, de certa forma, a ferramenta j\u00e1 passou a ser utilidade p\u00fablica para a sociedade norte-americana.<\/p>\n<blockquote><p>This Twitter activity wasn\u2019t a big surprise to the USGS. The USGS National Earthquake Information Center (NEIC) processes about 2,000 realtime earthquake sensors, with the majority based in the United States. That leaves a lot of empty space in the world with no sensors. On the other hand, there are hundreds of millions of people using Twitter who can report earthquakes. At first, the USGS staff was a bit skeptical that Twitter could be used as a detection system for earthquakes \u2013 but when they looked into it, they were surprised at the effectiveness of Twitter data for detection.<\/p><\/blockquote>\n<hr \/>\n<p><a href=\"http:\/\/anacanhoto.com\/2015\/06\/22\/studying-sentiment-on-twitter-is-complicated\/\" target=\"_blank\"><strong>Studying sentiment on Twitter is\u2026 complicated<\/strong><\/a> &#8211; Ana Canhoto<\/p>\n<p>Um dos principais problemas no trabalho de monitoramento \u00e9 o processo de classifica\u00e7\u00e3o de sentimentos.\u00a0Como geralmente o n\u00famero de coleta de dados \u00e9 muito alto, pesquisadores e profissionais do mercado optam por utilizar ferramentas que automatizem esse processo. Nesse artigo, criado a partir de um estudo, a autora explica como essa quest\u00e3o \u00e9 problem\u00e1tica e o que \u00e9 poss\u00edvel fazer para driblar essa quest\u00e3o.<\/p>\n<blockquote><p>Despite its promise and popularity, the sentiment analysis of social media conversations is neither a simple nor a straightforward process. Yuvraj Padmanabhan and I investigated the vulnerabilities present in processing and analysing Twitter data concerning consumers\u2019 sentiment towards coffee. Our study, which has just been published in the <a href=\"http:\/\/www.tandfonline.com\/doi\/full\/10.1080\/0267257X.2015.1047466\" target=\"_blank\">Journal of Marketing Management<\/a>, showed low levels of agreement between manual and automated analysis.<\/p><\/blockquote>\n<hr \/>\n<p><a href=\"http:\/\/www.midiatismo.com.br\/midias-sociais\/classificando-comportamento-em-relacao-a-marcas-usando-a-logica-do-rpg\" target=\"_blank\"><strong>Classificando comportamento em rela\u00e7\u00e3o a marcas usando a l\u00f3gica do RPG<\/strong><\/a> &#8211; por Dennis Altermann, no Midiatismo<\/p>\n<p>Ainda na problem\u00e1tica da classifica\u00e7\u00e3o, esse artigo prop\u00f5e uma solu\u00e7\u00e3o que pode aprimorar o trabalho: utilizar a l\u00f3gica do jogo Dungeons &amp; Dragons. \u00c9 uma leitura interessante porque, embora utilize algo inusitado como refer\u00eancia, tudo parece fazer sentido ao pensar monitoramento de m\u00eddia pr\u00f3pria.<\/p>\n<blockquote><p>Na minha perspectiva, classificar uma men\u00e7\u00e3o a sua empresa dentro da internet apenas como positivas, negativas ou neutras \u00e9 muito simpl\u00f3rio perto do espectro imenso de emo\u00e7\u00f5es humanas. Mesmo utilizando a l\u00f3gica do alinhamento do Dungeos &amp; Dragons, talvez ainda n\u00e3o seja o suficiente. Mas j\u00e1 que vamos precisar categorizar, de alguma forma, e essa \u00e9 a minha sugest\u00e3o para melhores intera\u00e7\u00f5es.<\/p><\/blockquote>\n<hr \/>\n<p><a href=\"http:\/\/blogmidia8.com\/2013\/09\/pequenos-budgets-grandes-resultados.html\" target=\"_blank\"><strong>Pequenos budgets, muito trabalho e grandes resultados<\/strong><\/a> &#8211; por Ana Fl\u00e1via Lacchia, no Blog M\u00eddia 8!<\/p>\n<p>Esse texto \u00e9 para o profissional que cansou das garras das grandes empresas e\/ou das grandes ag\u00eancias. Com um relato pessoal, a autora conta como tem sido enfrentar os problemas que surgem ao trabalhar como freelancer ou com uma empresa pr\u00f3pria.<\/p>\n<blockquote><p>Trabalhando com empresas grandes aprende-se muito sobre o que fazer e o que n\u00e3o fazer, mas trabalhando com as pequenas \u00e9 que se vence os maiores desafios. E quando eu falo em pequenas, n\u00e3o se trata de n\u00famero de funcion\u00e1rios ou de relev\u00e2ncia, mas sim de <a title=\"Budget: o quanto voc\u00ea investe?\" href=\"http:\/\/blogmidia8.com\/2013\/05\/budget-o-quanto-voce-investe.html\" target=\"_blank\">budget<\/a> \u2212 se voc\u00ea trabalha na \u00e1rea, principalmente em m\u00eddias sociais, v\u00ea a realidade nua e crua de gigantes do mercado que t\u00eam somente algumas moedas para investir nesses canais.<\/p><\/blockquote>\n<hr \/>\n<p><a href=\"http:\/\/blog.hootsuite.com\/10-ways-your-brand-is-wasting-time-on-facebook\/\" target=\"_blank\"><strong>10 ways your business is wasting time on Facebook<\/strong><\/a> &#8211; no Blog do Hootsuite<\/p>\n<p>J\u00e1 que estamos falando de pequenas &#8220;eu-ag\u00eancias&#8221;, esse post do Hootsuite levanta alguns pontos importantes que valem a pena serem repensados para o trabalho (ou a perda de tempo do trabalho) no Facebook.<\/p>\n<blockquote><p>Content creation is time-consuming, and you don\u2019t want those hours of hard work to go to waste. If you\u2019ve been wondering about the reason for that drastic dip in your business\u2019s organic reach, you probably haven\u2019t heard <a href=\"http:\/\/blog.hootsuite.com\/facebook-marketing-tips\/\" target=\"_blank\">our calls to halt the creation of overly promotional content<\/a>. Facebook has been encouraging content creators on the network to replace the straight-up promo material with stories that add value or provide more history for\u00a0your business\u2019s products and services. These kinds of posts have a higher likelihood to be seen by bigger audiences.<\/p><\/blockquote>\n<hr \/>\n<p>B\u00f4nus:\u00a0<strong><a href=\"https:\/\/medium.com\/@torniquato\/o-banco-do-facebook-40bc27199cc7#.tcnw6flbn\" target=\"_blank\">O Banco do Facebook<\/a><\/strong> &#8211; por Justin Mauldin, traduzido por Rafa Spoladore<\/p>\n<p>Esse texto talvez fuja um pouco do assunto do blog, no entanto, ainda fala sobre o Facebook. \u00c9 um pouco antigo (de junho) e, \u00e0 \u00e9poca, viralizou dentro de certos nichos &#8211; mas eu s\u00f3 tive a oportunidade de ler nos \u00faltimos dias. Nele, o autor reflete sobre quais mudan\u00e7as reais (financeiras) o site de Mark Zuckerberg poderia aplicar no mundo quando disponibilizar a troca de dinheiro em todos os pa\u00edses. No entanto, a autora v\u00ea essa possibilidade como uma grande salva\u00e7\u00e3o para pequenos empregados &#8211; e n\u00e3o \u00e9 bem assim, n\u00e9?<\/p>\n<blockquote><p>\u00c9 f\u00e1cil imaginar um mundo onde trabalhadores de pa\u00edses em desenvolvimento s\u00e3o pagos via pagamentos peer-to-peer e guardam seu dinheiro no Facebook, compram produtos locais usando transfer\u00eancias e podem pagar por itens usando o Facebook. O efeito que o Facebook poder\u00e1 ter sobre o mundo como uma institui\u00e7\u00e3o financeira eletr\u00f4nica n\u00e3o \u00e9 nada menos do que profundo.<\/p><\/blockquote>\n","protected":false},"excerpt":{"rendered":"<p>Antes tarde do que nunca. Depois de duas semanas sem atualiza\u00e7\u00f5es, retomo aqui as minhas leituras semanais. Por motivos pessoais (viagem e faculdade), acabei n\u00e3o divulgando as leituras das \u00faltimas semanas, o que tamb\u00e9m significa que acumulei mais 100 textos na conta (acho que j\u00e1 s\u00e3o mais de 300 no Pocket). Este \u00e9 um problema [&hellip;]<\/p>\n","protected":false},"author":1,"featured_media":606,"comment_status":"open","ping_status":"open","sticky":false,"template":"","format":"aside","meta":{"footnotes":""},"categories":[9],"tags":[25,32,44,47,65,68,93],"class_list":["post-601","post","type-post","status-publish","format-aside","has-post-thumbnail","hentry","category-leituras","tag-classificacao","tag-dados","tag-facebook","tag-funil-aarrr","tag-monitoramento","tag-piramide-de-awareness","tag-twitter","post_format-post-format-aside"],"yoast_head":"<!-- This site is optimized with the Yoast SEO plugin v27.5 - https:\/\/yoast.com\/product\/yoast-seo-wordpress\/ -->\n<title>Leituras da semana: monitoramento, dados e classifica\u00e7\u00e3o de sentimentos &#8211; insightee<\/title>\n<meta name=\"robots\" content=\"index, follow, max-snippet:-1, max-image-preview:large, max-video-preview:-1\" \/>\n<link rel=\"canonical\" href=\"https:\/\/insightee.com.br\/blog\/leituras-da-semana-monitoramento-dados-e-classificacao-de-sentimentos\/\" \/>\n<meta property=\"og:locale\" content=\"pt_BR\" \/>\n<meta property=\"og:type\" content=\"article\" \/>\n<meta property=\"og:title\" content=\"Leituras da semana: monitoramento, dados e classifica\u00e7\u00e3o de sentimentos &#8211; insightee\" \/>\n<meta property=\"og:description\" content=\"Antes tarde do que nunca. Depois de duas semanas sem atualiza\u00e7\u00f5es, retomo aqui as minhas leituras semanais. Por motivos pessoais (viagem e faculdade), acabei n\u00e3o divulgando as leituras das \u00faltimas semanas, o que tamb\u00e9m significa que acumulei mais 100 textos na conta (acho que j\u00e1 s\u00e3o mais de 300 no Pocket). Este \u00e9 um problema [&hellip;]\" \/>\n<meta property=\"og:url\" content=\"https:\/\/insightee.com.br\/blog\/leituras-da-semana-monitoramento-dados-e-classificacao-de-sentimentos\/\" \/>\n<meta property=\"og:site_name\" content=\"insightee\" \/>\n<meta property=\"article:publisher\" content=\"https:\/\/www.facebook.com\/pedrormeirelles\" \/>\n<meta property=\"article:author\" content=\"https:\/\/www.facebook.com\/pedrormeirelles\" \/>\n<meta property=\"article:published_time\" content=\"2015-11-03T11:20:03+00:00\" \/>\n<meta property=\"og:image\" content=\"https:\/\/insightee.com.br\/blog\/wp-content\/uploads\/2015\/11\/banner-leituras10.jpg\" \/>\n\t<meta property=\"og:image:width\" content=\"810\" \/>\n\t<meta property=\"og:image:height\" content=\"360\" \/>\n\t<meta property=\"og:image:type\" content=\"image\/jpeg\" \/>\n<meta name=\"author\" content=\"Pedro Meirelles\" \/>\n<meta name=\"twitter:card\" content=\"summary_large_image\" \/>\n<meta name=\"twitter:creator\" content=\"@https:\/\/twitter.com\/peumeirelles\" \/>\n<meta name=\"twitter:site\" content=\"@peumeirelles\" \/>\n<meta name=\"twitter:label1\" content=\"Escrito por\" \/>\n\t<meta name=\"twitter:data1\" content=\"Pedro Meirelles\" \/>\n\t<meta name=\"twitter:label2\" content=\"Est. tempo de leitura\" \/>\n\t<meta name=\"twitter:data2\" content=\"9 minutos\" \/>\n<script type=\"application\/ld+json\" class=\"yoast-schema-graph\">{\"@context\":\"https:\\\/\\\/schema.org\",\"@graph\":[{\"@type\":\"Article\",\"@id\":\"https:\\\/\\\/insightee.com.br\\\/blog\\\/leituras-da-semana-monitoramento-dados-e-classificacao-de-sentimentos\\\/#article\",\"isPartOf\":{\"@id\":\"https:\\\/\\\/insightee.com.br\\\/blog\\\/leituras-da-semana-monitoramento-dados-e-classificacao-de-sentimentos\\\/\"},\"author\":{\"name\":\"Pedro Meirelles\",\"@id\":\"https:\\\/\\\/insightee.com.br\\\/blog\\\/#\\\/schema\\\/person\\\/25bb944f37e66a0298f607979c5b0a22\"},\"headline\":\"Leituras da semana: monitoramento, dados e classifica\u00e7\u00e3o de sentimentos\",\"datePublished\":\"2015-11-03T11:20:03+00:00\",\"mainEntityOfPage\":{\"@id\":\"https:\\\/\\\/insightee.com.br\\\/blog\\\/leituras-da-semana-monitoramento-dados-e-classificacao-de-sentimentos\\\/\"},\"wordCount\":1740,\"commentCount\":0,\"image\":{\"@id\":\"https:\\\/\\\/insightee.com.br\\\/blog\\\/leituras-da-semana-monitoramento-dados-e-classificacao-de-sentimentos\\\/#primaryimage\"},\"thumbnailUrl\":\"https:\\\/\\\/insightee.com.br\\\/blog\\\/wp-content\\\/uploads\\\/2015\\\/11\\\/banner-leituras10.jpg\",\"keywords\":[\"classifica\u00e7\u00e3o\",\"dados\",\"facebook\",\"funil AARRR\",\"Monitoramento\",\"pir\u00e2mide de awareness\",\"Twitter\"],\"articleSection\":[\"Leituras\"],\"inLanguage\":\"pt-BR\",\"potentialAction\":[{\"@type\":\"CommentAction\",\"name\":\"Comment\",\"target\":[\"https:\\\/\\\/insightee.com.br\\\/blog\\\/leituras-da-semana-monitoramento-dados-e-classificacao-de-sentimentos\\\/#respond\"]}]},{\"@type\":\"WebPage\",\"@id\":\"https:\\\/\\\/insightee.com.br\\\/blog\\\/leituras-da-semana-monitoramento-dados-e-classificacao-de-sentimentos\\\/\",\"url\":\"https:\\\/\\\/insightee.com.br\\\/blog\\\/leituras-da-semana-monitoramento-dados-e-classificacao-de-sentimentos\\\/\",\"name\":\"Leituras da semana: monitoramento, dados e classifica\u00e7\u00e3o de sentimentos &#8211; insightee\",\"isPartOf\":{\"@id\":\"https:\\\/\\\/insightee.com.br\\\/blog\\\/#website\"},\"primaryImageOfPage\":{\"@id\":\"https:\\\/\\\/insightee.com.br\\\/blog\\\/leituras-da-semana-monitoramento-dados-e-classificacao-de-sentimentos\\\/#primaryimage\"},\"image\":{\"@id\":\"https:\\\/\\\/insightee.com.br\\\/blog\\\/leituras-da-semana-monitoramento-dados-e-classificacao-de-sentimentos\\\/#primaryimage\"},\"thumbnailUrl\":\"https:\\\/\\\/insightee.com.br\\\/blog\\\/wp-content\\\/uploads\\\/2015\\\/11\\\/banner-leituras10.jpg\",\"datePublished\":\"2015-11-03T11:20:03+00:00\",\"author\":{\"@id\":\"https:\\\/\\\/insightee.com.br\\\/blog\\\/#\\\/schema\\\/person\\\/25bb944f37e66a0298f607979c5b0a22\"},\"breadcrumb\":{\"@id\":\"https:\\\/\\\/insightee.com.br\\\/blog\\\/leituras-da-semana-monitoramento-dados-e-classificacao-de-sentimentos\\\/#breadcrumb\"},\"inLanguage\":\"pt-BR\",\"potentialAction\":[{\"@type\":\"ReadAction\",\"target\":[\"https:\\\/\\\/insightee.com.br\\\/blog\\\/leituras-da-semana-monitoramento-dados-e-classificacao-de-sentimentos\\\/\"]}]},{\"@type\":\"ImageObject\",\"inLanguage\":\"pt-BR\",\"@id\":\"https:\\\/\\\/insightee.com.br\\\/blog\\\/leituras-da-semana-monitoramento-dados-e-classificacao-de-sentimentos\\\/#primaryimage\",\"url\":\"https:\\\/\\\/insightee.com.br\\\/blog\\\/wp-content\\\/uploads\\\/2015\\\/11\\\/banner-leituras10.jpg\",\"contentUrl\":\"https:\\\/\\\/insightee.com.br\\\/blog\\\/wp-content\\\/uploads\\\/2015\\\/11\\\/banner-leituras10.jpg\",\"width\":810,\"height\":360},{\"@type\":\"BreadcrumbList\",\"@id\":\"https:\\\/\\\/insightee.com.br\\\/blog\\\/leituras-da-semana-monitoramento-dados-e-classificacao-de-sentimentos\\\/#breadcrumb\",\"itemListElement\":[{\"@type\":\"ListItem\",\"position\":1,\"name\":\"In\u00edcio\",\"item\":\"https:\\\/\\\/insightee.com.br\\\/blog\\\/\"},{\"@type\":\"ListItem\",\"position\":2,\"name\":\"Leituras da semana: monitoramento, dados e classifica\u00e7\u00e3o de sentimentos\"}]},{\"@type\":\"WebSite\",\"@id\":\"https:\\\/\\\/insightee.com.br\\\/blog\\\/#website\",\"url\":\"https:\\\/\\\/insightee.com.br\\\/blog\\\/\",\"name\":\"insightee\",\"description\":\"\u00e0 procura do insight perfeito\",\"potentialAction\":[{\"@type\":\"SearchAction\",\"target\":{\"@type\":\"EntryPoint\",\"urlTemplate\":\"https:\\\/\\\/insightee.com.br\\\/blog\\\/?s={search_term_string}\"},\"query-input\":{\"@type\":\"PropertyValueSpecification\",\"valueRequired\":true,\"valueName\":\"search_term_string\"}}],\"inLanguage\":\"pt-BR\"},{\"@type\":\"Person\",\"@id\":\"https:\\\/\\\/insightee.com.br\\\/blog\\\/#\\\/schema\\\/person\\\/25bb944f37e66a0298f607979c5b0a22\",\"name\":\"Pedro Meirelles\",\"image\":{\"@type\":\"ImageObject\",\"inLanguage\":\"pt-BR\",\"@id\":\"https:\\\/\\\/secure.gravatar.com\\\/avatar\\\/65e627ac6c71e8afcd40409c252c043555caf5da4f58ba46ab903227744c24fd?s=96&d=mm&r=g\",\"url\":\"https:\\\/\\\/secure.gravatar.com\\\/avatar\\\/65e627ac6c71e8afcd40409c252c043555caf5da4f58ba46ab903227744c24fd?s=96&d=mm&r=g\",\"contentUrl\":\"https:\\\/\\\/secure.gravatar.com\\\/avatar\\\/65e627ac6c71e8afcd40409c252c043555caf5da4f58ba46ab903227744c24fd?s=96&d=mm&r=g\",\"caption\":\"Pedro Meirelles\"},\"description\":\"Mestrando em Cultura e Territorialidades pela Universidade Federal Fluminense, formado em Estudos de M\u00eddia pela mesma institui\u00e7\u00e3o. Interessado em pesquisa digital, m\u00e9todos digitais, an\u00e1lise de dados, cultura, sociedade e Nordeste. Pesquisador no Instituto Brasileiro de Pesquisa e An\u00e1lise de Dados. (+)\",\"sameAs\":[\"https:\\\/\\\/www.facebook.com\\\/pedrormeirelles\",\"http:\\\/\\\/instagram.com\\\/seekpedro\",\"https:\\\/\\\/www.linkedin.com\\\/in\\\/meirellespedro\",\"https:\\\/\\\/x.com\\\/https:\\\/\\\/twitter.com\\\/peumeirelles\"],\"url\":\"https:\\\/\\\/insightee.com.br\\\/blog\\\/author\\\/pedro-meirelles\\\/\"}]}<\/script>\n<!-- \/ Yoast SEO plugin. -->","yoast_head_json":{"title":"Leituras da semana: monitoramento, dados e classifica\u00e7\u00e3o de sentimentos &#8211; insightee","robots":{"index":"index","follow":"follow","max-snippet":"max-snippet:-1","max-image-preview":"max-image-preview:large","max-video-preview":"max-video-preview:-1"},"canonical":"https:\/\/insightee.com.br\/blog\/leituras-da-semana-monitoramento-dados-e-classificacao-de-sentimentos\/","og_locale":"pt_BR","og_type":"article","og_title":"Leituras da semana: monitoramento, dados e classifica\u00e7\u00e3o de sentimentos &#8211; insightee","og_description":"Antes tarde do que nunca. Depois de duas semanas sem atualiza\u00e7\u00f5es, retomo aqui as minhas leituras semanais. Por motivos pessoais (viagem e faculdade), acabei n\u00e3o divulgando as leituras das \u00faltimas semanas, o que tamb\u00e9m significa que acumulei mais 100 textos na conta (acho que j\u00e1 s\u00e3o mais de 300 no Pocket). Este \u00e9 um problema [&hellip;]","og_url":"https:\/\/insightee.com.br\/blog\/leituras-da-semana-monitoramento-dados-e-classificacao-de-sentimentos\/","og_site_name":"insightee","article_publisher":"https:\/\/www.facebook.com\/pedrormeirelles","article_author":"https:\/\/www.facebook.com\/pedrormeirelles","article_published_time":"2015-11-03T11:20:03+00:00","og_image":[{"width":810,"height":360,"url":"https:\/\/insightee.com.br\/blog\/wp-content\/uploads\/2015\/11\/banner-leituras10.jpg","type":"image\/jpeg"}],"author":"Pedro Meirelles","twitter_card":"summary_large_image","twitter_creator":"@https:\/\/twitter.com\/peumeirelles","twitter_site":"@peumeirelles","twitter_misc":{"Escrito por":"Pedro Meirelles","Est. tempo de leitura":"9 minutos"},"schema":{"@context":"https:\/\/schema.org","@graph":[{"@type":"Article","@id":"https:\/\/insightee.com.br\/blog\/leituras-da-semana-monitoramento-dados-e-classificacao-de-sentimentos\/#article","isPartOf":{"@id":"https:\/\/insightee.com.br\/blog\/leituras-da-semana-monitoramento-dados-e-classificacao-de-sentimentos\/"},"author":{"name":"Pedro Meirelles","@id":"https:\/\/insightee.com.br\/blog\/#\/schema\/person\/25bb944f37e66a0298f607979c5b0a22"},"headline":"Leituras da semana: monitoramento, dados e classifica\u00e7\u00e3o de sentimentos","datePublished":"2015-11-03T11:20:03+00:00","mainEntityOfPage":{"@id":"https:\/\/insightee.com.br\/blog\/leituras-da-semana-monitoramento-dados-e-classificacao-de-sentimentos\/"},"wordCount":1740,"commentCount":0,"image":{"@id":"https:\/\/insightee.com.br\/blog\/leituras-da-semana-monitoramento-dados-e-classificacao-de-sentimentos\/#primaryimage"},"thumbnailUrl":"https:\/\/insightee.com.br\/blog\/wp-content\/uploads\/2015\/11\/banner-leituras10.jpg","keywords":["classifica\u00e7\u00e3o","dados","facebook","funil AARRR","Monitoramento","pir\u00e2mide de awareness","Twitter"],"articleSection":["Leituras"],"inLanguage":"pt-BR","potentialAction":[{"@type":"CommentAction","name":"Comment","target":["https:\/\/insightee.com.br\/blog\/leituras-da-semana-monitoramento-dados-e-classificacao-de-sentimentos\/#respond"]}]},{"@type":"WebPage","@id":"https:\/\/insightee.com.br\/blog\/leituras-da-semana-monitoramento-dados-e-classificacao-de-sentimentos\/","url":"https:\/\/insightee.com.br\/blog\/leituras-da-semana-monitoramento-dados-e-classificacao-de-sentimentos\/","name":"Leituras da semana: monitoramento, dados e classifica\u00e7\u00e3o de sentimentos &#8211; insightee","isPartOf":{"@id":"https:\/\/insightee.com.br\/blog\/#website"},"primaryImageOfPage":{"@id":"https:\/\/insightee.com.br\/blog\/leituras-da-semana-monitoramento-dados-e-classificacao-de-sentimentos\/#primaryimage"},"image":{"@id":"https:\/\/insightee.com.br\/blog\/leituras-da-semana-monitoramento-dados-e-classificacao-de-sentimentos\/#primaryimage"},"thumbnailUrl":"https:\/\/insightee.com.br\/blog\/wp-content\/uploads\/2015\/11\/banner-leituras10.jpg","datePublished":"2015-11-03T11:20:03+00:00","author":{"@id":"https:\/\/insightee.com.br\/blog\/#\/schema\/person\/25bb944f37e66a0298f607979c5b0a22"},"breadcrumb":{"@id":"https:\/\/insightee.com.br\/blog\/leituras-da-semana-monitoramento-dados-e-classificacao-de-sentimentos\/#breadcrumb"},"inLanguage":"pt-BR","potentialAction":[{"@type":"ReadAction","target":["https:\/\/insightee.com.br\/blog\/leituras-da-semana-monitoramento-dados-e-classificacao-de-sentimentos\/"]}]},{"@type":"ImageObject","inLanguage":"pt-BR","@id":"https:\/\/insightee.com.br\/blog\/leituras-da-semana-monitoramento-dados-e-classificacao-de-sentimentos\/#primaryimage","url":"https:\/\/insightee.com.br\/blog\/wp-content\/uploads\/2015\/11\/banner-leituras10.jpg","contentUrl":"https:\/\/insightee.com.br\/blog\/wp-content\/uploads\/2015\/11\/banner-leituras10.jpg","width":810,"height":360},{"@type":"BreadcrumbList","@id":"https:\/\/insightee.com.br\/blog\/leituras-da-semana-monitoramento-dados-e-classificacao-de-sentimentos\/#breadcrumb","itemListElement":[{"@type":"ListItem","position":1,"name":"In\u00edcio","item":"https:\/\/insightee.com.br\/blog\/"},{"@type":"ListItem","position":2,"name":"Leituras da semana: monitoramento, dados e classifica\u00e7\u00e3o de sentimentos"}]},{"@type":"WebSite","@id":"https:\/\/insightee.com.br\/blog\/#website","url":"https:\/\/insightee.com.br\/blog\/","name":"insightee","description":"\u00e0 procura do insight perfeito","potentialAction":[{"@type":"SearchAction","target":{"@type":"EntryPoint","urlTemplate":"https:\/\/insightee.com.br\/blog\/?s={search_term_string}"},"query-input":{"@type":"PropertyValueSpecification","valueRequired":true,"valueName":"search_term_string"}}],"inLanguage":"pt-BR"},{"@type":"Person","@id":"https:\/\/insightee.com.br\/blog\/#\/schema\/person\/25bb944f37e66a0298f607979c5b0a22","name":"Pedro Meirelles","image":{"@type":"ImageObject","inLanguage":"pt-BR","@id":"https:\/\/secure.gravatar.com\/avatar\/65e627ac6c71e8afcd40409c252c043555caf5da4f58ba46ab903227744c24fd?s=96&d=mm&r=g","url":"https:\/\/secure.gravatar.com\/avatar\/65e627ac6c71e8afcd40409c252c043555caf5da4f58ba46ab903227744c24fd?s=96&d=mm&r=g","contentUrl":"https:\/\/secure.gravatar.com\/avatar\/65e627ac6c71e8afcd40409c252c043555caf5da4f58ba46ab903227744c24fd?s=96&d=mm&r=g","caption":"Pedro Meirelles"},"description":"Mestrando em Cultura e Territorialidades pela Universidade Federal Fluminense, formado em Estudos de M\u00eddia pela mesma institui\u00e7\u00e3o. Interessado em pesquisa digital, m\u00e9todos digitais, an\u00e1lise de dados, cultura, sociedade e Nordeste. Pesquisador no Instituto Brasileiro de Pesquisa e An\u00e1lise de Dados. (+)","sameAs":["https:\/\/www.facebook.com\/pedrormeirelles","http:\/\/instagram.com\/seekpedro","https:\/\/www.linkedin.com\/in\/meirellespedro","https:\/\/x.com\/https:\/\/twitter.com\/peumeirelles"],"url":"https:\/\/insightee.com.br\/blog\/author\/pedro-meirelles\/"}]}},"views":1253,"_links":{"self":[{"href":"https:\/\/insightee.com.br\/blog\/wp-json\/wp\/v2\/posts\/601","targetHints":{"allow":["GET"]}}],"collection":[{"href":"https:\/\/insightee.com.br\/blog\/wp-json\/wp\/v2\/posts"}],"about":[{"href":"https:\/\/insightee.com.br\/blog\/wp-json\/wp\/v2\/types\/post"}],"author":[{"embeddable":true,"href":"https:\/\/insightee.com.br\/blog\/wp-json\/wp\/v2\/users\/1"}],"replies":[{"embeddable":true,"href":"https:\/\/insightee.com.br\/blog\/wp-json\/wp\/v2\/comments?post=601"}],"version-history":[{"count":0,"href":"https:\/\/insightee.com.br\/blog\/wp-json\/wp\/v2\/posts\/601\/revisions"}],"wp:featuredmedia":[{"embeddable":true,"href":"https:\/\/insightee.com.br\/blog\/wp-json\/wp\/v2\/media\/606"}],"wp:attachment":[{"href":"https:\/\/insightee.com.br\/blog\/wp-json\/wp\/v2\/media?parent=601"}],"wp:term":[{"taxonomy":"category","embeddable":true,"href":"https:\/\/insightee.com.br\/blog\/wp-json\/wp\/v2\/categories?post=601"},{"taxonomy":"post_tag","embeddable":true,"href":"https:\/\/insightee.com.br\/blog\/wp-json\/wp\/v2\/tags?post=601"}],"curies":[{"name":"wp","href":"https:\/\/api.w.org\/{rel}","templated":true}]}}