{"id":4660,"date":"2021-01-13T19:35:34","date_gmt":"2021-01-13T22:35:34","guid":{"rendered":"http:\/\/insightee.com.br\/blog\/?p=4660"},"modified":"2021-01-13T19:35:36","modified_gmt":"2021-01-13T22:35:36","slug":"introducao-a-analise-de-redes-sociais-online-quais-sao-os-principais-conceitos","status":"publish","type":"post","link":"https:\/\/insightee.com.br\/blog\/introducao-a-analise-de-redes-sociais-online-quais-sao-os-principais-conceitos\/","title":{"rendered":"Introdu\u00e7\u00e3o \u00e0 an\u00e1lise de redes sociais online: quais s\u00e3o os principais conceitos?"},"content":{"rendered":"\n<p><em>[Este post faz parte de uma s\u00e9rie de resumos comentados do e-book &#8220;<a href=\"http:\/\/www.edufba.ufba.br\/2017\/12\/introducao-a-analise-de-redes-sociais-online\/\" target=\"_blank\" rel=\"noreferrer noopener\">Introdu\u00e7\u00e3o \u00e0 an\u00e1lise de redes sociais online<\/a>&#8221; (2017), de Raquel Recuero]<\/em><\/p>\n\n\n\n<p>No <a href=\"https:\/\/insightee.com.br\/blog\/introducao-a-analise-de-redes-sociais-online-o-que-e-a-analise-de-redes\/\" target=\"_blank\" rel=\"noreferrer noopener\">post anterior<\/a>, vimos os precedentes da an\u00e1lise de redes muito antes de chegarmos \u00e0s redes sociais na internet (ou aos sites de redes sociais). Em resumo, no primeiro cap\u00edtulo do e-book, Raquel Recuero apresenta as duas teorias metodol\u00f3gicas fundadoras do pensamento de redes: a Sociometria de Jacob Moreno e a Teoria dos Grafos da matem\u00e1tica. S\u00e3o desses pilares que surge a an\u00e1lise de redes sociais, cuja origem pode ser remontada ainda \u00e0 primeira metade do s\u00e9culo XX. Sua populariza\u00e7\u00e3o nas \u00faltimas d\u00e9cadas \u00e9 justificada pelo aumento de dados produzidos e disponibilizados na plataformiza\u00e7\u00e3o da vida social e tamb\u00e9m pelo avan\u00e7o das t\u00e9cnicas (ferramentais) de an\u00e1lise \u00e0 disposi\u00e7\u00e3o de pesquisadores.<\/p>\n\n\n\n<p>Outro fundamento te\u00f3rico importante o qual a autora resume na primeira parte \u00e9 referente \u00e0 ideia de (sites de) redes sociais, a partir principalmente do conceito e discuss\u00f5es propostas pela americana danah boyd. A ideia de &#8220;p\u00fablicos em rede&#8221; (ou networked publics) traz caracter\u00edsticas espec\u00edficas dos sites de redes sociais que permitiram tamb\u00e9m essa prolifera\u00e7\u00e3o da an\u00e1lise de redes, sendo elas: a persist\u00eancia (os registros) das intera\u00e7\u00f5es\/conex\u00f5es, a replicabilidade, a escalabilidade e a buscabilidade. Tudo isso reitera as din\u00e2micas de audi\u00eancias invis\u00edveis, colapso dos contexts e borramento das fronteiras entre o p\u00fablico e o privado encontrado nesses p\u00fablicos em rede que est\u00e3o na internet.<\/p>\n\n\n\n<blockquote class=\"wp-block-quote is-layout-flow wp-block-quote-is-layout-flow\"><p>A ideia de \u201credes sociais\u201d \u00e9 uma met\u00e1fora estrutural para que se observem grupos de indiv\u00edduos, compreendendo os atores e suas rela\u00e7\u00f5es. Ou seja, <strong>observam-se os atores e suas intera\u00e7\u00f5es, que por sua vez, v\u00e3o constituir rela\u00e7\u00f5es e la\u00e7os sociais que originam o \u201ctecido\u201d dos grupos<\/strong>. Essas intera\u00e7\u00f5es proporcionam aos atores posi\u00e7\u00f5es no grupo social que podem ser mais ou menos vantajosas e lhes dar acesso a valores diferentes. [&#8230;]<p><strong>O grafo \u00e9, desse modo, uma representa\u00e7\u00e3o de dois conjuntos de vari\u00e1veis (n\u00f3s e conex\u00f5es).<\/strong> Concebendo uma rede social como uma dessas representa\u00e7\u00f5es, os n\u00f3s seriam os atores sociais (compreendendo esses atores como organiza\u00e7\u00f5es sociais, grupos ou mesmo indiv\u00edduos no conjunto analisado) e suas conex\u00f5es (aqui entendidas como os elementos que ser\u00e3o considerados parte da estrutura social, como intera\u00e7\u00f5es formais ou informais, conversa\u00e7\u00f5es etc.).<\/p><cite>RECUERO, 2017, p. 23.<\/cite><\/blockquote>\n\n\n\n<p>O segundo cap\u00edtulo do e-book segue com foco na teoria por tr\u00e1s das discuss\u00f5es, apresentando diversos conceitos importantes (ou, at\u00e9 mesmo, b\u00e1sicos) para a an\u00e1lise de redes sociais na internet. Ela come\u00e7a de uma concep\u00e7\u00e3o mais geral em torno das redes sociais em sua composi\u00e7\u00e3o representativa, at\u00e9 chegar nos elementos que as constituem: n\u00f3s (ou v\u00e9rtices) e arestas (ou la\u00e7os) &#8211; cujas conex\u00f5es entre eles podem representar diferentes tipos de rela\u00e7\u00f5es sociais. \u00c9 a partir da\u00ed que elenca conceitos como la\u00e7os fracos, capital social, homofilia, etc. &#8211; cada um desses est\u00e1 diretamente ligado \u00e0 representa\u00e7\u00e3o das redes &#8220;como sociogramas (grafos sociais), que s\u00e3o analisados a partir das medidas de suas propriedades estruturais&#8221;.<\/p>\n\n\n\n<p>\u00c9 importante ter em vista que a representa\u00e7\u00e3o dos dados n\u00e3o \u00e9 somente um artif\u00edcio visual-est\u00e9tico, mas tem fundamenta\u00e7\u00e3o nas matrizes matem\u00e1ticas da teoria dos grafos, que estipulam &#8220;as rela\u00e7\u00f5es entre os atores do grupo&#8221; e &#8220;servem de base para a estrutura geral da rede&#8221;. Nesse mesmo sentido, a representa\u00e7\u00e3o de uma rede \u00e9 tamb\u00e9m uma abordagem te\u00f3rico-metodol\u00f3gica, em que os n\u00f3s (ou nodos) podem representar coisas diferentes e at\u00e9 distintas. A autora apresenta como exemplo o caso das redes bimodais, em que n\u00f3s de uma mesma rede podem representar tanto indiv\u00edduos quanto categorias ou grupos.<\/p>\n\n\n\n<figure class=\"wp-block-image size-large\"><a href=\"https:\/\/www.tandfonline.com\/doi\/full\/10.1080\/1369118X.2018.1486871\"><img loading=\"lazy\" decoding=\"async\" width=\"1024\" height=\"627\" src=\"https:\/\/insightee.com.br\/blog\/wp-content\/uploads\/2021\/01\/rics_a_1486871_f0001_oc-1024x627.jpeg\" alt=\"\" class=\"wp-image-4679\" srcset=\"https:\/\/insightee.com.br\/blog\/wp-content\/uploads\/2021\/01\/rics_a_1486871_f0001_oc-1024x627.jpeg 1024w, https:\/\/insightee.com.br\/blog\/wp-content\/uploads\/2021\/01\/rics_a_1486871_f0001_oc-300x184.jpeg 300w, https:\/\/insightee.com.br\/blog\/wp-content\/uploads\/2021\/01\/rics_a_1486871_f0001_oc-768x471.jpeg 768w, https:\/\/insightee.com.br\/blog\/wp-content\/uploads\/2021\/01\/rics_a_1486871_f0001_oc.jpeg 1500w\" sizes=\"auto, (max-width: 1024px) 100vw, 1024px\" \/><\/a><figcaption>Exemplo de rede bimodal em que os n\u00f3s representam 1) imagens e 2) labels associadas a essas imagens<\/figcaption><\/figure>\n\n\n\n<div style=\"height:100px\" aria-hidden=\"true\" class=\"wp-block-spacer\"><\/div>\n\n\n\n<h4 class=\"wp-block-heading\">&#8211; As conex\u00f5es: la\u00e7os sociais [e o conceito de la\u00e7os fracos]<\/h4>\n\n\n\n<p>T\u00e3o importantes quanto os n\u00f3s s\u00e3o as chamadas arestas ou la\u00e7os (ou, ainda, arcos), que indicam a conex\u00e3o entre os atores &#8211; nas redes sociais, pode representar intera\u00e7\u00e3o, conversa\u00e7\u00e3o, rela\u00e7\u00e3o de amizade\/pertencimento, etc. Essa ag\u00eancia necess\u00e1ria, ou seja, o &#8220;esfor\u00e7o&#8221; ou a &#8220;a\u00e7\u00e3o&#8221; que envolve esse indicador \u00e9 o que levou Mark Granovetter (1973) a propor uma classifica\u00e7\u00e3o de <strong>la\u00e7os fortes<\/strong>, <strong>fracos<\/strong> ou <strong>ausentes<\/strong>: ainda no caso de redes sociais, o primeiro estaria associado a rela\u00e7\u00f5es de maior proximidade e\/ou intimidade, &#8220;enquanto os la\u00e7os fracos representariam associa\u00e7\u00f5es mais fluidas e pontuais&#8221;; por fim, aqueles ausentes &#8220;seriam insignificantes em termos de import\u00e2ncia estrutural ou completamente ausentes&#8221;.<\/p>\n\n\n\n<blockquote class=\"wp-block-quote is-layout-flow wp-block-quote-is-layout-flow\"><p>Granovetter (1973, p. 1361) define a \u201cfor\u00e7a\u201d do la\u00e7o como \u201cuma combina\u00e7\u00e3o (provavelmente linear) da quantidade de tempo, da intensidade emocional, da intimidade (confian\u00e7a m\u00fatua) e da reciprocidade que caracterizam o la\u00e7o\u201d. Desse modo, presume-se que <strong>a quantidade de intera\u00e7\u00f5es entre dois atores pode representar, assim, a for\u00e7a da conex\u00e3o, uma vez que conex\u00f5es fortes requerem maior investimento do que conex\u00f5es fracas<\/strong>. A partir dessa discuss\u00e3o, podemos observar que os tipos de la\u00e7o social representam conex\u00f5es que s\u00e3o qualitativamente diferentes, e \u00e9 um desafio importante compreender como a estrutura constru\u00edda atrav\u00e9s dos dados e da an\u00e1lise de redes pode, efetivamente, representar esse conceito complexo.<\/p><cite>RECUERO, 2017, p. 26.<\/cite><\/blockquote>\n\n\n\n<p>A autora aponta como, na an\u00e1lise de redes (sociais), &#8220;as conex\u00f5es s\u00e3o representadas de modo num\u00e9rico e direcional, indicando um valor que \u00e9 relacionado ao &#8216;peso&#8217; da conex\u00e3o&#8221; &#8211; \u00e9, portanto, essa m\u00e9trica que auxilia na identifica\u00e7\u00e3o dos tipos de la\u00e7os sociais existentes entre determinados atores. Lembra tamb\u00e9m que as conex\u00f5es (ou seja, as arestas) podem ser <strong>direcionadas<\/strong>, como no caso de intera\u00e7\u00f5es (online ou off-line); ou n\u00e3o <strong>direcionadas<\/strong>, como no caso de la\u00e7os de amizade (do Facebook), por exemplo. Esse (n\u00e3o) direcionamento \u00e9 fundamental para calcular o peso das conex\u00f5es.<\/p>\n\n\n\n<div class=\"wp-block-columns is-layout-flex wp-container-core-columns-is-layout-9d6595d7 wp-block-columns-is-layout-flex\">\n<div class=\"wp-block-column is-layout-flow wp-block-column-is-layout-flow\">\n<p><strong>REDE DIRECIONADA (GRAFO DIRECIONADO)<\/strong><\/p>\n\n\n\n<p>As conex\u00f5es possuem dire\u00e7\u00e3o (geralmente representados por uma seta), ocorre quando as conex\u00f5es estabelecidas n\u00e3o s\u00e3o iguais (ou n\u00e3o t\u00eam o mesmo peso) [p. 36]\n<\/div>\n\n\n\n<div class=\"wp-block-column is-layout-flow wp-block-column-is-layout-flow\">\n<p><strong>REDE N\u00c3O DIRECIONADA (GRAFO N\u00c3O DIRECIONADO)<\/strong><\/p>\n\n\n\n<p>As conex\u00f5es n\u00e3o possuem dire\u00e7\u00e3o ou a dire\u00e7\u00e3o n\u00e3o importa (geralmente representada por uma linha), mostram uma matriz na qual os dados dessas conex\u00f5es s\u00e3o exatamente iguais entre os dois atores. [p. 36]\n<\/div>\n<\/div>\n\n\n\n<p>Outro conceito tamb\u00e9m muito importante que est\u00e1 relacionado aos la\u00e7os (fortes) \u00e9 o de <strong>clusters <\/strong>ou agrupamento, que \u00e9 &#8220;um conjunto de n\u00f3s mais densamente conectados (ou mais inteconectados) do que os demais na rede&#8221;, ou seja, em que as conex\u00f5es s\u00e3o mais rec\u00edprocas. Essa caracter\u00edstica fica evidente na estrutura da rede, em que os n\u00f3s est\u00e3o mais pr\u00f3ximos &#8220;ou porque interagem mais (e suas arestas t\u00eam um peso maior) ou porque possuem mais conex\u00f5es entre si do que com os demais n\u00f3s da rede&#8221;. \u00c9 justamente essa presen\u00e7a de la\u00e7os mais fortes que indicam, em termos sociol\u00f3gicos, caracter\u00edsticas mais pr\u00f3ximas das defini\u00e7\u00f5es de comunidade.<\/p>\n\n\n\n<div style=\"height:100px\" aria-hidden=\"true\" class=\"wp-block-spacer\"><\/div>\n\n\n\n<h4 class=\"wp-block-heading\">&#8211; Capital social e os valores das conex\u00f5es<\/h4>\n\n\n\n<p>Recuero tamb\u00e9m parte do conceito de la\u00e7os sociais de Granovetter (1973) para introduzir a discuss\u00e3o sobre <strong>capital social<\/strong>, cujas formas correspondem \u00e0s vantagens estruturais das quais os atores se beneficiam (informa\u00e7\u00e3o, intimidade e reciprocidade). A discuss\u00e3o em torno desse conceito, entretanto, \u00e9 muito mais complexa e extrapola os estudos de redes sociais em seu car\u00e1ter metodol\u00f3gico, mas o que interessa aqui \u00e9 o que est\u00e1 no cerne da express\u00e3o: se trata de um capital, h\u00e1 tanto negocia\u00e7\u00e3o quanto ac\u00famulo (de valores, posi\u00e7\u00f5es, vantagens, etc.), e esses dois aspectos t\u00eam rela\u00e7\u00e3o direta com as matrizes das redes.<\/p>\n\n\n\n<p>Desse modo, &#8220;as trocas sociais implicam na constru\u00e7\u00e3o de valores cuja percep\u00e7\u00e3o por parte do grupo tamb\u00e9m atua na constru\u00e7\u00e3o de rela\u00e7\u00f5es de confian\u00e7a, resultado dos investimentos individuais na estrutura&#8221;. A autora aponta que a maioria dos autores concorda, portanto, que o <strong>capital social<\/strong> representa um valor associado \u00e0 estrutura social &#8211; &#8220;Burt (1992) argumenta que o conceito \u00e9 uma met\u00e1fora para as transa\u00e7\u00e3o que caracterizam as intera\u00e7\u00f5es sociais&#8221;, enquanto Putnam (2000) separa dois tipos: bridging (pontes ou la\u00e7os fracos entre atores de diferentes grupos) e bonding (qualidade\/for\u00e7a das conex\u00f5es ou la\u00e7os fortes num mesmo grupo).<\/p>\n\n\n\n<blockquote class=\"wp-block-quote is-layout-flow wp-block-quote-is-layout-flow\"><p>Estar em uma rede social, assim, permite a constru\u00e7\u00e3o de valores para os atores. Desse modo, <strong>as rela\u00e7\u00f5es sociais s\u00e3o constitu\u00eddas de trocas atrav\u00e9s das quais os atores buscam atingir objetivos e interesses, como um sistema econ\u00f4mico. \u00c9 preciso investir (interagir) na estrutura social para colher os benef\u00edcios<\/strong>. Os valores de capital social s\u00e3o, desse modo, associados a normas de comportamento, participa\u00e7\u00e3o e \u00e0s pr\u00f3prias conex\u00f5es que algu\u00e9m possui, al\u00e9m de vantagens competitivas advindas desses valores. (BURT, 1992, p. 348)<\/p><cite>RECUERO, 2017, p. 29.<\/cite><\/blockquote>\n\n\n\n<p>Na perspectiva de redes, portanto, os la\u00e7os sociais (e, portanto, sua posi\u00e7\u00e3o na estrutura) s\u00e3o como a moeda que garantem acesso a determinados bens, como informa\u00e7\u00f5es novas e diferentes (mais associados a la\u00e7os fracos) ou confian\u00e7a e intimidade (mais associados a la\u00e7os fortes). Essas vantagens s\u00e3o atribu\u00eddas n\u00e3o somente aos indiv\u00edduos (ou atores), mas para os grupos sociais (os clusters) como todo, que det\u00eam valores pr\u00f3prios entre si. E al\u00e9m da circula\u00e7\u00e3o de informa\u00e7\u00e3o, mais associado ao conceito de capital social nos estudo das redes, h\u00e1 tamb\u00e9m outros valores dispon\u00edveis em negocia\u00e7\u00e3o.<\/p>\n\n\n\n<ul class=\"wp-block-list\"><li><strong><em>BERTOLINI E BRAVO (2004) &#8211; tipologia de n\u00edveis de capital na rede<\/em><\/strong><ul><li><strong>Primeiro n\u00edvel:<\/strong> apropriado de modo individual e relacionado a elementos de la\u00e7os fracos \/ tipos: 1) as conex\u00f5es sociais que os atores possuem, 2) as informa\u00e7\u00f5es \u00e0s quais t\u00eam acesso e 3) o conhecimento das normas associadas ao grupo que pertencem;<\/li><li><strong>Segundo n\u00edvel:<\/strong> apropriado de modo coletivo e relacionado a elementos de la\u00e7os fortes \/ tipos: 1) a confian\u00e7a no ambiente social e 2) a institucionaliza\u00e7\u00e3o relacionado ao reconhecimento do grupo como tal.<\/li><\/ul><\/li><\/ul>\n\n\n\n<p>Outro valor tamb\u00e9m muito importante na perspectiva dos sites de redes sociais \u00e9 aquele relacionado \u00e0 popularidade: &#8220;\u00e9 uma concess\u00e3o, no sentido de que o ator popular concentra mais capital social, em termos de aten\u00e7\u00e3o e visibilidade de seus pares, do que outras pessoas n\u00e3o populares&#8221;. Fica ainda mais evidente, neste caso, a rela\u00e7\u00e3o de apropria\u00e7\u00e3o e escassez, em que os pr\u00f3prios recursos de v\u00ednculos sociais (a serem investidos ou capturados) s\u00e3o tamb\u00e9m limitados. Recuero retoma o trabalho de Barab\u00e1si (2003) sobre a presen\u00e7a de conectores (grupos pequenos muito conectados entre si) para complementar o argumento de que todos detemos de capital social, mas a sua l\u00f3gica pr\u00f3pria exige a distribui\u00e7\u00e3o desproporcional de recursos.<\/p>\n\n\n\n<div style=\"height:100px\" aria-hidden=\"true\" class=\"wp-block-spacer\"><\/div>\n\n\n\n<h4 class=\"wp-block-heading\">&#8211; Homofolia, [Pontes, Conex\u00f5es Reduntantes,] Buracos Estruturais e Fechamentos<\/h4>\n\n\n\n<p>O conceito de <strong>homofilia<\/strong>, de modo simplificado, diz respeito \u00e0 ideia de que &#8220;pessoas mais pr\u00f3ximas tendem a ter interesses comuns e padr\u00f5es de comportamento semelhantes&#8221;, seja isso tanto efeito quanto causa. Ou seja, um grupo social pode ser identificado enquanto tal justamente por agregar pessoas &#8220;parecidas&#8221;, o que resulta &#8220;no fato de que esses atores tendem a ter acesso \u00e0s mesmas fontes e a circular as mesmas informa\u00e7\u00f5es&#8221;. Essa caracter\u00edstica, portanto, tamb\u00e9m se relaciona ao capital social, &#8220;uma vez que pode auxiliar na constru\u00e7\u00e3o e no fortalecimento dos la\u00e7os sociais que v\u00e3o ger\u00e1-lo&#8221;.<\/p>\n\n\n\n<p>Outro conceito tamb\u00e9m muito importante nas redes sociais s\u00e3o as chamadas conex\u00f5es &#8220;<strong>pontes<\/strong>&#8220;, aquelas que se conectam a v\u00e1rios grupos, transitando em c\u00edrculos variados e aproximando grupos distantes\/diferentes entre si. S\u00e3o fundamentais para que as informa\u00e7\u00f5es circulem na rede, formadas geralmente de la\u00e7os fracos. O conceito de &#8220;<strong>buraco estrutural<\/strong>&#8221; parte dessa ideia, em que os buracos &#8220;representam a aus\u00eancia de conex\u00f5es entre dois n\u00f3s que possuem grupos\/fontes informativas complementares ou n\u00e3o redundantes&#8221;.<\/p>\n\n\n\n<blockquote class=\"wp-block-quote is-layout-flow wp-block-quote-is-layout-flow\"><p>Um cluster geralmente tem conex\u00f5es redundantes, ou seja, conex\u00f5es que interligam o mesmo conjunto de n\u00f3s. J\u00e1 conex\u00f5es n\u00e3o redundantes s\u00e3o aquelas que interligam os atores de diferentes grupos. Conex\u00f5es redundantes o s\u00e3o porque nelas circulam as mesmas informa\u00e7\u00f5es. J\u00e1 as n\u00e3o redundantes s\u00e3o aquelas capazes de trazer informa\u00e7\u00f5es novas para o grupo. Assim, como dissemos, as conex\u00f5es transmitem informa\u00e7\u00e3o e est\u00e3o relacionadas ao conceito de capital social. <strong>O buraco estrutural, portanto, representa uma falha no caminho de transmiss\u00e3o de informa\u00e7\u00f5es, que poderia dar acesso a fontes de informa\u00e7\u00e3o diferentes para os dois grupos em quest\u00e3o. Desse modo, aqueles atores que fazem a \u201cponte\u201d (ou media\u00e7\u00e3o) entre diferentes grupos possuem uma vantagem em rela\u00e7\u00e3o aos demais, pois t\u00eam acesso a tipos diferentes de informa\u00e7\u00e3o, enquanto que os buracos estruturais representam uma desvantagem para os grupos.<\/strong><\/p><cite>RECUERO, 2017, p. 32.<\/cite><\/blockquote>\n\n\n\n<p>J\u00e1 a ideia de &#8220;<strong>fechamento da rede<\/strong>&#8221; \u00e9 o oposto dos buracos estruturais: &#8220;\u00e9 a qualidade associada a todos os n\u00f3s de uma determinada rede estarem interconectados&#8221;. Est\u00e1 associada aos chamados clusters, que s\u00e3o grupos mais fechados entre si (atores que compartilham de mais conex\u00f5es uns com os outros) &#8211; cujo fechamento completo (inteiramente conectado) \u00e9 chamado de clique, &#8220;um grupo em que todas as conex\u00f5es poss\u00edveis existem&#8221;. Assim como o conceito de homofilia, pontes, conex\u00f5es reduntantes e buracos estruturais, tamb\u00e9m corresponde \u00e0 no\u00e7\u00e3o de capital social por operar no interc\u00e2mbio relacional da rede.<\/p>\n\n\n\n<div style=\"height:100px\" aria-hidden=\"true\" class=\"wp-block-spacer\"><\/div>\n\n\n\n<h4 class=\"wp-block-heading\">&#8211; Graus de separa\u00e7\u00e3o [e estrutura de mundo pequeno]<\/h4>\n\n\n\n<p>Vimos na primeira parte que um dos fundamentos da Teoria dos Grafos \u00e9 o enigma das Pontes de K\u00f6nigsberg, em que foi feito a tentativa de calcular qual era a dist\u00e2ncia m\u00ednima entre dois pontos sem repetir um mesmo caminho. Na perspectiva das redes, isso veio a se chamar de <strong>&#8220;grau de separa\u00e7\u00e3o&#8221;<\/strong>, ou seja, a dist\u00e2ncia entre dois n\u00f3s. As m\u00e9tricas de &#8220;caminho m\u00e9dio&#8221; ou &#8220;dist\u00e2ncia m\u00e9dia&#8221; (average path) calculam justamente o caminho m\u00e9dio mais curto entre todos os n\u00f3s da rede, podendo indicar &#8220;o qu\u00e3o interconectada est\u00e1 a rede pelos diversos la\u00e7os existentes&#8221;.<\/p>\n\n\n\n<figure class=\"wp-block-embed is-type-video is-provider-youtube wp-block-embed-youtube wp-embed-aspect-16-9 wp-has-aspect-ratio\"><div class=\"wp-block-embed__wrapper\">\n<iframe loading=\"lazy\" title=\"The Science of Six Degrees of Separation\" width=\"980\" height=\"551\" src=\"https:\/\/www.youtube.com\/embed\/TcxZSmzPw8k?feature=oembed\" frameborder=\"0\" allow=\"accelerometer; autoplay; clipboard-write; encrypted-media; gyroscope; picture-in-picture\" allowfullscreen><\/iframe>\n<\/div><\/figure>\n\n\n\n<p>Recuero parte do conceito de grau de separa\u00e7\u00e3o para falar da teoria de <strong>mundo pequeno<\/strong>, que foi apropriada no estudo de redes de modo que &#8220;uma rede mundo pequeno \u00e9 aquela em que um conjunto de n\u00f3s \u00e9 aproximado na rede por algumas conex\u00f5es, que terminam por reduzir a dist\u00e2ncia (grau de separa\u00e7\u00e3o) entre todos os n\u00f3s na estrutura&#8221;. A import\u00e2ncia aqui est\u00e1 no fato de que n\u00f3s (ou indiv\u00edduos) mais conectados (mais conhecidos) podem diminuir significativamente a dist\u00e2ncia entre os demais atores da rede.<\/p>\n\n\n\n<blockquote class=\"wp-block-quote is-layout-flow wp-block-quote-is-layout-flow\"><p><strong>A estrutura de mundos pequenos<\/strong>, assim, \u00e9 encontrada em redes sociais e est\u00e1 relacionada \u00e0 presen\u00e7a de \u201c<strong>pontes<\/strong>\u201d entre os v\u00e1rios n\u00f3s da rede e \u00e0 redu\u00e7\u00e3o do \u201ccaminho\u201d (path) entre dois n\u00f3s quaisquer da rede pela presen\u00e7a dessas conex\u00f5es, que s\u00e3o apresentadas por autores como Granovetter (1973) e Watts e Strogats (1998) como <strong>conex\u00f5es fracas<\/strong> ou associadas aos <strong>la\u00e7os fracos<\/strong>, e portanto, ao <strong>capital social<\/strong> do tipo <em>bridging<\/em> de Putnam (2000), pois permitem que os atores tenham acesso a fontes diferentes de informa\u00e7\u00f5es<\/p><cite>RECUERO, 2017, p. 34.<\/cite><\/blockquote>\n\n\n\n<div class=\"wp-block-columns is-layout-flex wp-container-core-columns-is-layout-9d6595d7 wp-block-columns-is-layout-flex\">\n<div class=\"wp-block-column is-layout-flow wp-block-column-is-layout-flow\">\n<p><strong>REDE EGO<\/strong><\/p>\n\n\n\n<p>A estrutura \u00e9 desenhada a partir de um indiv\u00edduo central, determinando, a partir desse &#8220;ego&#8221;, um n\u00famero de graus de separa\u00e7\u00e3o; [p. 37]\n<\/div>\n\n\n\n<div class=\"wp-block-column is-layout-flow wp-block-column-is-layout-flow\">\n<p><strong>REDE INTEIRA<\/strong><\/p>\n\n\n\n<p>\u00c9 mapeada na sua integridade, quando \u00e9 poss\u00edvel limitar essa rede de modo externo [p. 37].<\/p>\n<\/div>\n<\/div>\n\n\n\n<hr class=\"wp-block-separator\"\/>\n\n\n\n<p>Recapitulando, neste post (e neste segundo cap\u00edtulo) vimos os conceitos de: redes sociais, n\u00f3s\/v\u00e9rtices e conex\u00f5es\/arestas, redes bimodais, la\u00e7os fracos\/fortes\/ausentes, redes direcionadas e n\u00e3o direcionadas, clusters, capital social, briding\/bonding, homofilia, pontes, conex\u00f5es redundantes, buracos estruturais, fechamentos, graus de separa\u00e7\u00e3o, estrutura de mundos pequenos, redes ego e redes inteiras. Anotou tudo?<\/p>\n\n\n\n<p><strong>Refer\u00eancias citadas neste cap\u00edtulo<\/strong><\/p>\n\n\n\n<ul class=\"wp-block-list\"><li>BURT, R. The Social Structure of Competition. In: BURT, R. Structural Holes: the social structure of competition. Cambridge: Harverd University Press, 1992.<\/li><li>BERTOLINI, S.; BRAVO, G. Social Capital, a Multidimensional Concept. [S.l.:s.n.], [2004]. Dispon\u00edvel em: <a href=\"http:\/\/www.ex.ac.uk\/shipss\/politics\/research\/socialcapital\/other\/bertolini.pdf\">http:\/\/www.ex.ac.uk\/shipss\/politics\/research\/socialcapital\/other\/bertolini.pdf<\/a>. Acesso em: 17 out. 2004.<\/li><li>BARAB\u00c1SI, A. Linked: How everything is connected to to Everything Else and What It Means for Business, Science, and Everyday Life. New York: Basic Books, 2003.<\/li><li>GRANOVETTER, M. S. The Strength of Weak Ties. American Journal of Sociology, Chicago, v. 78, n. 6, p. 1360 &#8211; 1380, 1973.<\/li><li>PUTNAM, R. D. Bowling Alone: The collapse and Revival of American Community. New York: Simon e Schuster, 2000.<\/li><li>WATTS, D.; STROGATZ, S. Collective dynamics of \u2018small-world\u2019 networks. Nature, [S.l.], v. 393, p. 440-442, 1998.<\/li><\/ul>\n","protected":false},"excerpt":{"rendered":"<p>[Este post faz parte de uma s\u00e9rie de resumos comentados do e-book &#8220;Introdu\u00e7\u00e3o \u00e0 an\u00e1lise de redes sociais online&#8221; (2017), de Raquel Recuero] No post anterior, vimos os precedentes da an\u00e1lise de redes muito antes de chegarmos \u00e0s redes sociais na internet (ou aos sites de redes sociais). Em resumo, no primeiro cap\u00edtulo do e-book, [&hellip;]<\/p>\n","protected":false},"author":1,"featured_media":4689,"comment_status":"open","ping_status":"open","sticky":false,"template":"","format":"standard","meta":{"footnotes":""},"categories":[132],"tags":[209,134,208],"class_list":["post-4660","post","type-post","status-publish","format-standard","has-post-thumbnail","hentry","category-livros","tag-analise-de-redes-sociais","tag-raquel-recuero","tag-redes-sociais"],"yoast_head":"<!-- This site is optimized with the Yoast SEO plugin v27.5 - https:\/\/yoast.com\/product\/yoast-seo-wordpress\/ -->\n<title>Introdu\u00e7\u00e3o \u00e0 an\u00e1lise de redes sociais online: quais s\u00e3o os principais conceitos? &#8211; insightee<\/title>\n<meta name=\"description\" content=\"Parte 2\/4 da s\u00e9rie sobre o livro &quot;Introdu\u00e7\u00e3o \u00e0 an\u00e1lise de rede sociais online&quot; (2017), de Raquel Recuero (EDUFBA).\" \/>\n<meta name=\"robots\" content=\"index, follow, max-snippet:-1, max-image-preview:large, max-video-preview:-1\" \/>\n<link rel=\"canonical\" href=\"https:\/\/insightee.com.br\/blog\/introducao-a-analise-de-redes-sociais-online-quais-sao-os-principais-conceitos\/\" \/>\n<meta property=\"og:locale\" content=\"pt_BR\" \/>\n<meta property=\"og:type\" content=\"article\" \/>\n<meta property=\"og:title\" content=\"Introdu\u00e7\u00e3o \u00e0 an\u00e1lise de redes sociais online: quais s\u00e3o os principais conceitos? &#8211; insightee\" \/>\n<meta property=\"og:description\" content=\"Parte 2\/4 da s\u00e9rie sobre o livro &quot;Introdu\u00e7\u00e3o \u00e0 an\u00e1lise de rede sociais online&quot; (2017), de Raquel Recuero (EDUFBA).\" \/>\n<meta property=\"og:url\" content=\"https:\/\/insightee.com.br\/blog\/introducao-a-analise-de-redes-sociais-online-quais-sao-os-principais-conceitos\/\" \/>\n<meta property=\"og:site_name\" content=\"insightee\" \/>\n<meta property=\"article:publisher\" content=\"https:\/\/www.facebook.com\/pedrormeirelles\" \/>\n<meta property=\"article:author\" content=\"https:\/\/www.facebook.com\/pedrormeirelles\" \/>\n<meta property=\"article:published_time\" content=\"2021-01-13T22:35:34+00:00\" \/>\n<meta property=\"article:modified_time\" content=\"2021-01-13T22:35:36+00:00\" \/>\n<meta property=\"og:image\" content=\"https:\/\/insightee.com.br\/blog\/wp-content\/uploads\/2021\/01\/bannerrecuero2.png\" \/>\n\t<meta property=\"og:image:width\" content=\"791\" \/>\n\t<meta property=\"og:image:height\" content=\"426\" \/>\n\t<meta property=\"og:image:type\" content=\"image\/png\" \/>\n<meta name=\"author\" content=\"Pedro Meirelles\" \/>\n<meta name=\"twitter:card\" content=\"summary_large_image\" \/>\n<meta name=\"twitter:creator\" content=\"@https:\/\/twitter.com\/peumeirelles\" \/>\n<meta name=\"twitter:site\" content=\"@peumeirelles\" \/>\n<meta name=\"twitter:label1\" content=\"Escrito por\" \/>\n\t<meta name=\"twitter:data1\" content=\"Pedro Meirelles\" \/>\n\t<meta name=\"twitter:label2\" content=\"Est. tempo de leitura\" \/>\n\t<meta name=\"twitter:data2\" content=\"12 minutos\" \/>\n<script type=\"application\/ld+json\" class=\"yoast-schema-graph\">{\"@context\":\"https:\\\/\\\/schema.org\",\"@graph\":[{\"@type\":\"Article\",\"@id\":\"https:\\\/\\\/insightee.com.br\\\/blog\\\/introducao-a-analise-de-redes-sociais-online-quais-sao-os-principais-conceitos\\\/#article\",\"isPartOf\":{\"@id\":\"https:\\\/\\\/insightee.com.br\\\/blog\\\/introducao-a-analise-de-redes-sociais-online-quais-sao-os-principais-conceitos\\\/\"},\"author\":{\"name\":\"Pedro Meirelles\",\"@id\":\"https:\\\/\\\/insightee.com.br\\\/blog\\\/#\\\/schema\\\/person\\\/25bb944f37e66a0298f607979c5b0a22\"},\"headline\":\"Introdu\u00e7\u00e3o \u00e0 an\u00e1lise de redes sociais online: quais s\u00e3o os principais conceitos?\",\"datePublished\":\"2021-01-13T22:35:34+00:00\",\"dateModified\":\"2021-01-13T22:35:36+00:00\",\"mainEntityOfPage\":{\"@id\":\"https:\\\/\\\/insightee.com.br\\\/blog\\\/introducao-a-analise-de-redes-sociais-online-quais-sao-os-principais-conceitos\\\/\"},\"wordCount\":2889,\"commentCount\":1,\"image\":{\"@id\":\"https:\\\/\\\/insightee.com.br\\\/blog\\\/introducao-a-analise-de-redes-sociais-online-quais-sao-os-principais-conceitos\\\/#primaryimage\"},\"thumbnailUrl\":\"https:\\\/\\\/insightee.com.br\\\/blog\\\/wp-content\\\/uploads\\\/2021\\\/01\\\/bannerrecuero2.png\",\"keywords\":[\"an\u00e1lise de redes sociais\",\"Raquel Recuero\",\"redes sociais\"],\"articleSection\":[\"Livros\"],\"inLanguage\":\"pt-BR\",\"potentialAction\":[{\"@type\":\"CommentAction\",\"name\":\"Comment\",\"target\":[\"https:\\\/\\\/insightee.com.br\\\/blog\\\/introducao-a-analise-de-redes-sociais-online-quais-sao-os-principais-conceitos\\\/#respond\"]}]},{\"@type\":\"WebPage\",\"@id\":\"https:\\\/\\\/insightee.com.br\\\/blog\\\/introducao-a-analise-de-redes-sociais-online-quais-sao-os-principais-conceitos\\\/\",\"url\":\"https:\\\/\\\/insightee.com.br\\\/blog\\\/introducao-a-analise-de-redes-sociais-online-quais-sao-os-principais-conceitos\\\/\",\"name\":\"Introdu\u00e7\u00e3o \u00e0 an\u00e1lise de redes sociais online: quais s\u00e3o os principais conceitos? &#8211; insightee\",\"isPartOf\":{\"@id\":\"https:\\\/\\\/insightee.com.br\\\/blog\\\/#website\"},\"primaryImageOfPage\":{\"@id\":\"https:\\\/\\\/insightee.com.br\\\/blog\\\/introducao-a-analise-de-redes-sociais-online-quais-sao-os-principais-conceitos\\\/#primaryimage\"},\"image\":{\"@id\":\"https:\\\/\\\/insightee.com.br\\\/blog\\\/introducao-a-analise-de-redes-sociais-online-quais-sao-os-principais-conceitos\\\/#primaryimage\"},\"thumbnailUrl\":\"https:\\\/\\\/insightee.com.br\\\/blog\\\/wp-content\\\/uploads\\\/2021\\\/01\\\/bannerrecuero2.png\",\"datePublished\":\"2021-01-13T22:35:34+00:00\",\"dateModified\":\"2021-01-13T22:35:36+00:00\",\"author\":{\"@id\":\"https:\\\/\\\/insightee.com.br\\\/blog\\\/#\\\/schema\\\/person\\\/25bb944f37e66a0298f607979c5b0a22\"},\"description\":\"Parte 2\\\/4 da s\u00e9rie sobre o livro \\\"Introdu\u00e7\u00e3o \u00e0 an\u00e1lise de rede sociais online\\\" (2017), de Raquel Recuero (EDUFBA).\",\"breadcrumb\":{\"@id\":\"https:\\\/\\\/insightee.com.br\\\/blog\\\/introducao-a-analise-de-redes-sociais-online-quais-sao-os-principais-conceitos\\\/#breadcrumb\"},\"inLanguage\":\"pt-BR\",\"potentialAction\":[{\"@type\":\"ReadAction\",\"target\":[\"https:\\\/\\\/insightee.com.br\\\/blog\\\/introducao-a-analise-de-redes-sociais-online-quais-sao-os-principais-conceitos\\\/\"]}]},{\"@type\":\"ImageObject\",\"inLanguage\":\"pt-BR\",\"@id\":\"https:\\\/\\\/insightee.com.br\\\/blog\\\/introducao-a-analise-de-redes-sociais-online-quais-sao-os-principais-conceitos\\\/#primaryimage\",\"url\":\"https:\\\/\\\/insightee.com.br\\\/blog\\\/wp-content\\\/uploads\\\/2021\\\/01\\\/bannerrecuero2.png\",\"contentUrl\":\"https:\\\/\\\/insightee.com.br\\\/blog\\\/wp-content\\\/uploads\\\/2021\\\/01\\\/bannerrecuero2.png\",\"width\":791,\"height\":426},{\"@type\":\"BreadcrumbList\",\"@id\":\"https:\\\/\\\/insightee.com.br\\\/blog\\\/introducao-a-analise-de-redes-sociais-online-quais-sao-os-principais-conceitos\\\/#breadcrumb\",\"itemListElement\":[{\"@type\":\"ListItem\",\"position\":1,\"name\":\"In\u00edcio\",\"item\":\"https:\\\/\\\/insightee.com.br\\\/blog\\\/\"},{\"@type\":\"ListItem\",\"position\":2,\"name\":\"Introdu\u00e7\u00e3o \u00e0 an\u00e1lise de redes sociais online: quais s\u00e3o os principais conceitos?\"}]},{\"@type\":\"WebSite\",\"@id\":\"https:\\\/\\\/insightee.com.br\\\/blog\\\/#website\",\"url\":\"https:\\\/\\\/insightee.com.br\\\/blog\\\/\",\"name\":\"insightee\",\"description\":\"\u00e0 procura do insight perfeito\",\"potentialAction\":[{\"@type\":\"SearchAction\",\"target\":{\"@type\":\"EntryPoint\",\"urlTemplate\":\"https:\\\/\\\/insightee.com.br\\\/blog\\\/?s={search_term_string}\"},\"query-input\":{\"@type\":\"PropertyValueSpecification\",\"valueRequired\":true,\"valueName\":\"search_term_string\"}}],\"inLanguage\":\"pt-BR\"},{\"@type\":\"Person\",\"@id\":\"https:\\\/\\\/insightee.com.br\\\/blog\\\/#\\\/schema\\\/person\\\/25bb944f37e66a0298f607979c5b0a22\",\"name\":\"Pedro Meirelles\",\"image\":{\"@type\":\"ImageObject\",\"inLanguage\":\"pt-BR\",\"@id\":\"https:\\\/\\\/secure.gravatar.com\\\/avatar\\\/65e627ac6c71e8afcd40409c252c043555caf5da4f58ba46ab903227744c24fd?s=96&d=mm&r=g\",\"url\":\"https:\\\/\\\/secure.gravatar.com\\\/avatar\\\/65e627ac6c71e8afcd40409c252c043555caf5da4f58ba46ab903227744c24fd?s=96&d=mm&r=g\",\"contentUrl\":\"https:\\\/\\\/secure.gravatar.com\\\/avatar\\\/65e627ac6c71e8afcd40409c252c043555caf5da4f58ba46ab903227744c24fd?s=96&d=mm&r=g\",\"caption\":\"Pedro Meirelles\"},\"description\":\"Mestrando em Cultura e Territorialidades pela Universidade Federal Fluminense, formado em Estudos de M\u00eddia pela mesma institui\u00e7\u00e3o. Interessado em pesquisa digital, m\u00e9todos digitais, an\u00e1lise de dados, cultura, sociedade e Nordeste. Pesquisador no Instituto Brasileiro de Pesquisa e An\u00e1lise de Dados. (+)\",\"sameAs\":[\"https:\\\/\\\/www.facebook.com\\\/pedrormeirelles\",\"http:\\\/\\\/instagram.com\\\/seekpedro\",\"https:\\\/\\\/www.linkedin.com\\\/in\\\/meirellespedro\",\"https:\\\/\\\/x.com\\\/https:\\\/\\\/twitter.com\\\/peumeirelles\"],\"url\":\"https:\\\/\\\/insightee.com.br\\\/blog\\\/author\\\/pedro-meirelles\\\/\"}]}<\/script>\n<!-- \/ Yoast SEO plugin. -->","yoast_head_json":{"title":"Introdu\u00e7\u00e3o \u00e0 an\u00e1lise de redes sociais online: quais s\u00e3o os principais conceitos? &#8211; insightee","description":"Parte 2\/4 da s\u00e9rie sobre o livro \"Introdu\u00e7\u00e3o \u00e0 an\u00e1lise de rede sociais online\" (2017), de Raquel Recuero (EDUFBA).","robots":{"index":"index","follow":"follow","max-snippet":"max-snippet:-1","max-image-preview":"max-image-preview:large","max-video-preview":"max-video-preview:-1"},"canonical":"https:\/\/insightee.com.br\/blog\/introducao-a-analise-de-redes-sociais-online-quais-sao-os-principais-conceitos\/","og_locale":"pt_BR","og_type":"article","og_title":"Introdu\u00e7\u00e3o \u00e0 an\u00e1lise de redes sociais online: quais s\u00e3o os principais conceitos? &#8211; insightee","og_description":"Parte 2\/4 da s\u00e9rie sobre o livro \"Introdu\u00e7\u00e3o \u00e0 an\u00e1lise de rede sociais online\" (2017), de Raquel Recuero (EDUFBA).","og_url":"https:\/\/insightee.com.br\/blog\/introducao-a-analise-de-redes-sociais-online-quais-sao-os-principais-conceitos\/","og_site_name":"insightee","article_publisher":"https:\/\/www.facebook.com\/pedrormeirelles","article_author":"https:\/\/www.facebook.com\/pedrormeirelles","article_published_time":"2021-01-13T22:35:34+00:00","article_modified_time":"2021-01-13T22:35:36+00:00","og_image":[{"width":791,"height":426,"url":"https:\/\/insightee.com.br\/blog\/wp-content\/uploads\/2021\/01\/bannerrecuero2.png","type":"image\/png"}],"author":"Pedro Meirelles","twitter_card":"summary_large_image","twitter_creator":"@https:\/\/twitter.com\/peumeirelles","twitter_site":"@peumeirelles","twitter_misc":{"Escrito por":"Pedro Meirelles","Est. tempo de leitura":"12 minutos"},"schema":{"@context":"https:\/\/schema.org","@graph":[{"@type":"Article","@id":"https:\/\/insightee.com.br\/blog\/introducao-a-analise-de-redes-sociais-online-quais-sao-os-principais-conceitos\/#article","isPartOf":{"@id":"https:\/\/insightee.com.br\/blog\/introducao-a-analise-de-redes-sociais-online-quais-sao-os-principais-conceitos\/"},"author":{"name":"Pedro Meirelles","@id":"https:\/\/insightee.com.br\/blog\/#\/schema\/person\/25bb944f37e66a0298f607979c5b0a22"},"headline":"Introdu\u00e7\u00e3o \u00e0 an\u00e1lise de redes sociais online: quais s\u00e3o os principais conceitos?","datePublished":"2021-01-13T22:35:34+00:00","dateModified":"2021-01-13T22:35:36+00:00","mainEntityOfPage":{"@id":"https:\/\/insightee.com.br\/blog\/introducao-a-analise-de-redes-sociais-online-quais-sao-os-principais-conceitos\/"},"wordCount":2889,"commentCount":1,"image":{"@id":"https:\/\/insightee.com.br\/blog\/introducao-a-analise-de-redes-sociais-online-quais-sao-os-principais-conceitos\/#primaryimage"},"thumbnailUrl":"https:\/\/insightee.com.br\/blog\/wp-content\/uploads\/2021\/01\/bannerrecuero2.png","keywords":["an\u00e1lise de redes sociais","Raquel Recuero","redes sociais"],"articleSection":["Livros"],"inLanguage":"pt-BR","potentialAction":[{"@type":"CommentAction","name":"Comment","target":["https:\/\/insightee.com.br\/blog\/introducao-a-analise-de-redes-sociais-online-quais-sao-os-principais-conceitos\/#respond"]}]},{"@type":"WebPage","@id":"https:\/\/insightee.com.br\/blog\/introducao-a-analise-de-redes-sociais-online-quais-sao-os-principais-conceitos\/","url":"https:\/\/insightee.com.br\/blog\/introducao-a-analise-de-redes-sociais-online-quais-sao-os-principais-conceitos\/","name":"Introdu\u00e7\u00e3o \u00e0 an\u00e1lise de redes sociais online: quais s\u00e3o os principais conceitos? &#8211; insightee","isPartOf":{"@id":"https:\/\/insightee.com.br\/blog\/#website"},"primaryImageOfPage":{"@id":"https:\/\/insightee.com.br\/blog\/introducao-a-analise-de-redes-sociais-online-quais-sao-os-principais-conceitos\/#primaryimage"},"image":{"@id":"https:\/\/insightee.com.br\/blog\/introducao-a-analise-de-redes-sociais-online-quais-sao-os-principais-conceitos\/#primaryimage"},"thumbnailUrl":"https:\/\/insightee.com.br\/blog\/wp-content\/uploads\/2021\/01\/bannerrecuero2.png","datePublished":"2021-01-13T22:35:34+00:00","dateModified":"2021-01-13T22:35:36+00:00","author":{"@id":"https:\/\/insightee.com.br\/blog\/#\/schema\/person\/25bb944f37e66a0298f607979c5b0a22"},"description":"Parte 2\/4 da s\u00e9rie sobre o livro \"Introdu\u00e7\u00e3o \u00e0 an\u00e1lise de rede sociais online\" (2017), de Raquel Recuero (EDUFBA).","breadcrumb":{"@id":"https:\/\/insightee.com.br\/blog\/introducao-a-analise-de-redes-sociais-online-quais-sao-os-principais-conceitos\/#breadcrumb"},"inLanguage":"pt-BR","potentialAction":[{"@type":"ReadAction","target":["https:\/\/insightee.com.br\/blog\/introducao-a-analise-de-redes-sociais-online-quais-sao-os-principais-conceitos\/"]}]},{"@type":"ImageObject","inLanguage":"pt-BR","@id":"https:\/\/insightee.com.br\/blog\/introducao-a-analise-de-redes-sociais-online-quais-sao-os-principais-conceitos\/#primaryimage","url":"https:\/\/insightee.com.br\/blog\/wp-content\/uploads\/2021\/01\/bannerrecuero2.png","contentUrl":"https:\/\/insightee.com.br\/blog\/wp-content\/uploads\/2021\/01\/bannerrecuero2.png","width":791,"height":426},{"@type":"BreadcrumbList","@id":"https:\/\/insightee.com.br\/blog\/introducao-a-analise-de-redes-sociais-online-quais-sao-os-principais-conceitos\/#breadcrumb","itemListElement":[{"@type":"ListItem","position":1,"name":"In\u00edcio","item":"https:\/\/insightee.com.br\/blog\/"},{"@type":"ListItem","position":2,"name":"Introdu\u00e7\u00e3o \u00e0 an\u00e1lise de redes sociais online: quais s\u00e3o os principais conceitos?"}]},{"@type":"WebSite","@id":"https:\/\/insightee.com.br\/blog\/#website","url":"https:\/\/insightee.com.br\/blog\/","name":"insightee","description":"\u00e0 procura do insight perfeito","potentialAction":[{"@type":"SearchAction","target":{"@type":"EntryPoint","urlTemplate":"https:\/\/insightee.com.br\/blog\/?s={search_term_string}"},"query-input":{"@type":"PropertyValueSpecification","valueRequired":true,"valueName":"search_term_string"}}],"inLanguage":"pt-BR"},{"@type":"Person","@id":"https:\/\/insightee.com.br\/blog\/#\/schema\/person\/25bb944f37e66a0298f607979c5b0a22","name":"Pedro Meirelles","image":{"@type":"ImageObject","inLanguage":"pt-BR","@id":"https:\/\/secure.gravatar.com\/avatar\/65e627ac6c71e8afcd40409c252c043555caf5da4f58ba46ab903227744c24fd?s=96&d=mm&r=g","url":"https:\/\/secure.gravatar.com\/avatar\/65e627ac6c71e8afcd40409c252c043555caf5da4f58ba46ab903227744c24fd?s=96&d=mm&r=g","contentUrl":"https:\/\/secure.gravatar.com\/avatar\/65e627ac6c71e8afcd40409c252c043555caf5da4f58ba46ab903227744c24fd?s=96&d=mm&r=g","caption":"Pedro Meirelles"},"description":"Mestrando em Cultura e Territorialidades pela Universidade Federal Fluminense, formado em Estudos de M\u00eddia pela mesma institui\u00e7\u00e3o. Interessado em pesquisa digital, m\u00e9todos digitais, an\u00e1lise de dados, cultura, sociedade e Nordeste. Pesquisador no Instituto Brasileiro de Pesquisa e An\u00e1lise de Dados. (+)","sameAs":["https:\/\/www.facebook.com\/pedrormeirelles","http:\/\/instagram.com\/seekpedro","https:\/\/www.linkedin.com\/in\/meirellespedro","https:\/\/x.com\/https:\/\/twitter.com\/peumeirelles"],"url":"https:\/\/insightee.com.br\/blog\/author\/pedro-meirelles\/"}]}},"views":2133,"_links":{"self":[{"href":"https:\/\/insightee.com.br\/blog\/wp-json\/wp\/v2\/posts\/4660","targetHints":{"allow":["GET"]}}],"collection":[{"href":"https:\/\/insightee.com.br\/blog\/wp-json\/wp\/v2\/posts"}],"about":[{"href":"https:\/\/insightee.com.br\/blog\/wp-json\/wp\/v2\/types\/post"}],"author":[{"embeddable":true,"href":"https:\/\/insightee.com.br\/blog\/wp-json\/wp\/v2\/users\/1"}],"replies":[{"embeddable":true,"href":"https:\/\/insightee.com.br\/blog\/wp-json\/wp\/v2\/comments?post=4660"}],"version-history":[{"count":15,"href":"https:\/\/insightee.com.br\/blog\/wp-json\/wp\/v2\/posts\/4660\/revisions"}],"predecessor-version":[{"id":4690,"href":"https:\/\/insightee.com.br\/blog\/wp-json\/wp\/v2\/posts\/4660\/revisions\/4690"}],"wp:featuredmedia":[{"embeddable":true,"href":"https:\/\/insightee.com.br\/blog\/wp-json\/wp\/v2\/media\/4689"}],"wp:attachment":[{"href":"https:\/\/insightee.com.br\/blog\/wp-json\/wp\/v2\/media?parent=4660"}],"wp:term":[{"taxonomy":"category","embeddable":true,"href":"https:\/\/insightee.com.br\/blog\/wp-json\/wp\/v2\/categories?post=4660"},{"taxonomy":"post_tag","embeddable":true,"href":"https:\/\/insightee.com.br\/blog\/wp-json\/wp\/v2\/tags?post=4660"}],"curies":[{"name":"wp","href":"https:\/\/api.w.org\/{rel}","templated":true}]}}