{"id":466,"date":"2015-09-30T01:29:58","date_gmt":"2015-09-30T01:29:58","guid":{"rendered":"https:\/\/estudandosocialmedia.wordpress.com\/?p=466"},"modified":"2015-09-30T01:29:58","modified_gmt":"2015-09-30T01:29:58","slug":"leituras-da-semana-midia-programatica-os-desafios-e-as-mudancas-das-midias-sociais","status":"publish","type":"post","link":"https:\/\/insightee.com.br\/blog\/leituras-da-semana-midia-programatica-os-desafios-e-as-mudancas-das-midias-sociais\/","title":{"rendered":"Leituras da semana: m\u00eddia program\u00e1tica, os desafios e as mudan\u00e7as das m\u00eddias sociais"},"content":{"rendered":"<p>Aqui estou eu, novamente atrasado com as leituras da semana &#8211; mas pe\u00e7o um desconto, afinal, foi fim de semana de Rock In Rio. Tamb\u00e9m confesso que acumulei algumas leituras durante a semana, mas prometo que vou me empenhar pra apagar todas as &#8220;n\u00e3o lidas&#8221; do Pocket at\u00e9 o final de novembro (tem muito texto l\u00e1, acredite). Em tempo, compartilho todos os artigos, mat\u00e9rias e not\u00edcias que pude ler nos \u00faltimos nove (!) dias. Desta vez, s\u00e3o poucas as novidades mas muitas as an\u00e1lises sobre diversos fatores. Ao aprendizado!<\/p>\n<hr \/>\n<p><strong><a href=\"http:\/\/www.midializado.com.br\/2013\/04\/dicas-entrar-mercado-midias-sociais.html\" target=\"_blank\">Dicas para quem quer entrar no mercado de m\u00eddias sociais<\/a><\/strong> &#8211; por Gabriel Ishida<\/p>\n<p>Sempre que encontro algum texto que aborde o in\u00edcio da carreira de quem quer entrar no mercado de m\u00eddias sociais eu fa\u00e7o quest\u00e3o de colocar em primeiro na lista &#8211; afinal, n\u00e3o h\u00e1 mais quem se identifique com eles do que eu (a persona ideal). Nesse texto do mestre Ishida publicado em 2013, ele d\u00e1 algumas dicas para quem, assim como eu, deseja come\u00e7ar na \u00e1rea &#8211; em suma: movimente-se. Por ora, recomendo tamb\u00e9m <a href=\"http:\/\/www.publicitariossc.com\/2015\/09\/9-dicas-para-se-tornar-um-influenciador\/\" target=\"_blank\">esse texto do Publicit\u00e1rios S.C.<\/a>, que fala sobre influenciadores mas h\u00e1 como tirar bons conselhos para por em pr\u00e1tica.<\/p>\n<blockquote>\n<div><b>Fazer mil cursos n\u00e3o \u00e9 diferencial<\/b>. Habilidades t\u00e9cnicas e te\u00f3ricas s\u00e3o, mas s\u00f3 as que interessam para cada vaga. Como saber o que \u00e9 diferencial ou n\u00e3o? Entendendo as fun\u00e7\u00f5es da vaga. Mas antes disso, vou dizer por que fazer mil cursos n\u00e3o \u00e9 diferencial. <b>N\u00e3o adianta nada voc\u00ea fazer todos os cursos do mundo se voc\u00ea n\u00e3o botou o conhecimento que adquiriu em pr\u00e1tica<\/b>. \u00c9 muito f\u00e1cil voc\u00ea fazer um curso, n\u00e3o ter absorvido nada, pegar o certificado e colocar no curr\u00edculo. Ou seja, cursos s\u00f3 melhoram o curr\u00edculo se voc\u00ea comprova que aplicou o que aprendeu.<\/div>\n<\/blockquote>\n<hr \/>\n<p><a href=\"http:\/\/M\u00eddia%20program\u00e1tica, por onde come\u00e7ar?\" target=\"_blank\"><strong>M\u00eddia program\u00e1tica, por onde come\u00e7ar?<\/strong><\/a> &#8211; do Publicit\u00e1rios S.C.<\/p>\n<p>Depois de ler esse texto, sinto que finalmente compreendi como funciona (por cima) todo o processo de m\u00eddia program\u00e1tica. J\u00e1 havia lido alguns artigos e mat\u00e9ria sobre, mas nenhum conseguiu explicar t\u00e3o bem quanto este. O v\u00eddeo em si, da IAB UK, j\u00e1 \u00e9 bastante did\u00e1tico, mas o autor destrinchou cada parte e explicou deixando tudo ainda mais claro.<\/p>\n<blockquote><p>Com a propor\u00e7\u00e3o que a web vem tomando, e sua maior fragmenta\u00e7\u00e3o, esse processo de compra em isolado j\u00e1 n\u00e3o \u00e9 mais eficiente como antes e suficiente para as novas demandas de mercado. Assim, come\u00e7aram a surgir as ad networks (vamos falar mais disso ali embaixo), empresas que agrupam sites, tornando a compra de m\u00eddia mais eficiente. As ad networks facilitaram e facilitam o processo de compra de m\u00eddia, mas ainda assim o alcance delas \u00e9 limitado ao volume e conte\u00fado dos sites que fazem parte da sua rede.<\/p><\/blockquote>\n<hr \/>\n<p><strong>O desafio do HTML5 e do ad-block<\/strong><\/p>\n<p>Pegando carona nesse assunto de m\u00eddia program\u00e1tica, trago aqui dois textos que abordam uma novidade que j\u00e1 \u00e9 realidade: o fim dos an\u00fancios em flash e o uso consequente da cria\u00e7\u00e3o por HTML5, al\u00e9m da quest\u00e3o do adblock. J\u00e1 li algumas coisas que falam sobre isso de forma separada, mas queria algum material que abordasse tudo isso no impacto do mercado de m\u00eddia program\u00e1tica. Afinal, se o ad-block \u00e9 uma realidade cada vez maior, at\u00e9 quando as ag\u00eancias e anunciantes v\u00e3o continuar contratando publishers?<\/p>\n<ul>\n<li><strong><a href=\"http:\/\/blogs.wsj.com\/cmo\/2015\/08\/28\/apples-ad-blocking-is-potential-nightmare-for-ad-sellers\/\" target=\"_blank\">Apple\u2019s Ad-Blocking Is Potential Nightmare for Publishers<\/a><\/strong><\/li>\n<li><strong><a href=\"http:\/\/iabbrasil.net\/artigo\/os-lados-do-html5\" target=\"_blank\">Os lados do HTML5<\/a><\/strong><\/li>\n<\/ul>\n<hr \/>\n<p><strong>A segunda tela que subiu no ranking<\/strong><\/p>\n<p>Os \u00faltimos dois fins de semana foram de Rock In Rio, e um estudo feito pelo Scup durante o per\u00edodo do festival confirmou que o assunto mais comentado dentre os dados coletados foi o Multishow &#8211; canal respons\u00e1vel pela transmiss\u00e3o do evento. O mesmo estudo ainda levantou quais artistas geraram mais conte\u00fado e quais marcas levaram a melhor com as suas a\u00e7\u00f5es. Mas o que mais me chamou aten\u00e7\u00e3o mesmo foi o destaque do Multishow, por isso voltei ao assunto da segunda tela com mais dois artigos interessantes sobre o tema &#8211; tendo ainda como exemplo o Masterchef &#8211; para refletir sobre a import\u00e2ncia da conversa <em>real time<\/em> e da atua\u00e7\u00e3o das marcas dentro dela. E ainda teve <a href=\"http:\/\/www.adnews.com.br\/midia\/final-de-verdades-secretas-gera-26-5-milhoes-de-impressoes-no-twitter\" target=\"_blank\">o final da novela<\/a>.<\/p>\n<ul>\n<li><strong><a href=\"http:\/\/ideas.scup.com\/analises\/multishow-rihanna-katy-perry-queen-e-pepsi-sao-os-destaques-do-rock-in-rio-2015-nas-redes-sociais\/\" target=\"_blank\">Multishow, Rihanna, Katy Perry, Queen e Pepsi s\u00e3o os destaques do Rock in Rio 2015 nas redes sociais<\/a><\/strong><\/li>\n<li><strong><a href=\"http:\/\/www.midiatismo.com.br\/comunicacao-digital\/master-twitter-brasil\" target=\"_blank\">Master Twitter Brasil<\/a><\/strong><\/li>\n<li><strong><a href=\"http:\/\/ideas.scup.com\/analises\/os-orfaos-do-masterchef-e-o-fenomeno-da-segunda-tela\/\" target=\"_blank\">Os \u00f3rf\u00e3os do Masterchef e o fen\u00f4meno da segunda tela<\/a><\/strong><\/li>\n<\/ul>\n<hr \/>\n<p><a href=\"http:\/\/www.a2ad.com.br\/blog\/esta-na-hora-de-comecar-a-separar-o-bom-engajamento-do-otimo\/\" target=\"_blank\"><strong>Est\u00e1 na hora de come\u00e7ar a separar o \u201cbom\u201d engajamento do \u201c\u00f3timo\u201d<\/strong><\/a> &#8211; na A2ad<\/p>\n<p>Este post da ag\u00eancia paulistana A2ad me chamou a aten\u00e7\u00e3o porque traz um debate que eu achei bastante pertinente e interessante: o peso a ser considerado na hora de mensurar o engajamento. Mas o que me incomodou foi o uso do termo &#8220;passivo&#8221;, no conceito de Tracey Parsons, da Social Media Explorar. Concordo com o que foi dito sobre a import\u00e2ncia do compartilhamento e seu valor que deve ser respeitado, mas chamar de &#8220;passiva&#8221; a a\u00e7\u00e3o de curtir um post me parece equivocado por dois motivos: 1) \u00e0s vezes, as pessoas curtem por curtir; \u00e0s vezes, as pessoas curtem &#8220;com vontade&#8221; (e ainda deixam um coment\u00e1rio) &#8211; n\u00e3o acho que seja uma a\u00e7\u00e3o que tem menos valor na intera\u00e7\u00e3o usu\u00e1rio\/consumidor-marca, mas talvez no papel de advocacia; 2) atrelar o termo de &#8220;passivos&#8221; a uma a\u00e7\u00e3o feita por usu\u00e1rios que ditam por onde e como navegam na web, a meu ver, \u00e9 complicado. Mas vale o debate!<\/p>\n<blockquote><p>Se voc\u00ea cria algo t\u00e3o interessante a ponto de fazer seus f\u00e3s pensarem que os amigos deles PRECISAM ver aquilo tamb\u00e9m, significa que sua marca tornou-se realmente relevante. E se aquele post acabou gerando uma enxurrada de compartilhamentos, tome nota e tente produzir mais conte\u00fados com o mesmo modelo \u2013 voc\u00ea pode estar come\u00e7ando a dar \u00e0 sua audi\u00eancia exatamente o que ela quer.<\/p><\/blockquote>\n<hr \/>\n<p><a href=\"http:\/\/tutano.trampos.co\/7173-guia-de-profissoes-community-manager\/\" target=\"_blank\"><strong>Guia de Profiss\u00f5es: Community Manager<\/strong><\/a> &#8211; no tutato, do trampos<\/p>\n<p>Um ano atr\u00e1s, ainda n\u00e3o estava claro pra mim como estavam estruturadas as equipes de m\u00eddias sociais dentro das ag\u00eancias ou das empresas. Hoje, com o advento do blog, j\u00e1 compreendo como se diferem as fun\u00e7\u00f5es de cada profissional. Nesse post do trampos, eles falam sobre a fun\u00e7\u00e3o do Community Manager,<\/p>\n<blockquote><p>\u00c9 o CM quem gerencia, planeja, acompanha as execu\u00e7\u00f5es e os resultados do trabalho em m\u00eddias sociais. Para isso, precisa analisar a marca, as concorrentes, construir o brand persona, brand voice da marca e os pilares de conte\u00fado. No cotidiano, vai sugerir conte\u00fados (\u00e0s vezes produzi-los) de acordo com o tom e voz determinados no planejamento.<\/p><\/blockquote>\n<hr \/>\n<p><a href=\"http:\/\/www.em.com.br\/app\/noticia\/politica\/2015\/09\/21\/interna_politica,690265\/redes-sociais-terao-papel-de-convencer-mas-tambem-de-difamar-nas-prox.shtml\" target=\"_blank\"><strong>Redes sociais ter\u00e3o papel de convencer, mas tamb\u00e9m de difamar nas pr\u00f3ximas elei\u00e7\u00f5es<\/strong><\/a> &#8211; no Estado de Minas<\/p>\n<p>Esse texto n\u00e3o \u00e9 de nenhum blog ou site sobre m\u00eddias sociais\/marketing (pol\u00edtico), mas \u00e9 muito interessante porque explora um ponto-cego da mensura\u00e7\u00e3o no digital: o Whatsapp. Quem n\u00e3o lembra dos v\u00eddeos, not\u00edcias e rumores propagados nas elei\u00e7\u00f5es de 2014 tanto sobre Dilma quanto sobre A\u00e9cio?<\/p>\n<blockquote><p>Enquanto o Facebook ser\u00e1 usado nas campanhas municipais do ano que vem para promover a intera\u00e7\u00e3o do candidato com os eleitores, debater, \u201cconvencer\u201d, mobilizar e apresentar as plataformas pol\u00edticas, o WhatsApp ser\u00e1 muito empregado numa esp\u00e9cie de campanha \u201csubterr\u00e2nea\u201d, para ataques aos advers\u00e1rios em v\u00eddeos, charges e textos. Essa plataforma tamb\u00e9m vai veicular mensagens \u201colho no olho\u201d do candidato aos seus eleitores-participantes, que se encarregam de reproduzi-las em seus m\u00faltiplos grupos no WhatsApp, al\u00e9m de seu uso burocr\u00e1tico para a organiza\u00e7\u00e3o interna das campanhas, coordena\u00e7\u00e3o de apoiadores e de tarefas.<\/p><\/blockquote>\n<hr \/>\n<p><a href=\"http:\/\/www.theverge.com\/2015\/9\/27\/9398551\/instagram-portrait-photos-rule\" target=\"_blank\"><strong>Portrait is the new square on Instagram<\/strong><\/a> &#8211; The Verge<\/p>\n<p>Nos \u00faltimos meses, o Instagram anunciou algumas mudan\u00e7as importantes na sua plataforma. A possibilidade de postar fotos no estilo paisagem e retrato \u00e9 uma das novidades recentes do app, que dispensou o uso de outros aplicativos para conduzir esse estilo. Nesse texto, o autor explica o que talvez parece \u00f3bvio para muitos (e o que, talvez, poderia ser comprovado olhando as m\u00e9tricas): por que as fotos &#8220;grandes&#8221; funcionam melhor.<\/p>\n<blockquote><p>Portrait works on Instagram for the same reason that people enjoy seeing it in their phone&#8217;s camera roll \u2014\u00a0simply because it&#8217;s big. The effect is particularly dramatic on Instagram, because portrait photos appear in the same vertical line as skinny landscape shots. As you browse your feed, suddenly a huge image will begin to fill almost the entire screen. In many cases, it can make a photo far more awe-inspiring than a similar shot placed in any other crop. It&#8217;s gotten to the point where I&#8217;m getting upset when some photos <i>aren&#8217;t<\/i> posted in portrait.<\/p><\/blockquote>\n<hr \/>\n<p><strong><a href=\"http:\/\/tarciziosilva.com.br\/blog\/10-anos-de-facebook-um-ponto-obrigatorio-de-passagem\/\" target=\"_blank\">10 anos de Facebook, um ponto obrigat\u00f3rio de passagem<\/a><\/strong> &#8211; por Tarc\u00edzio Silva<\/p>\n<p>Nas \u00faltimas semanas o Facebook t\u00eam sofrido algumas instabilidades, chegando a ficar fora do ar por mais de meia hora em todo o mundo. <a href=\"http:\/\/simplymeasured.com\/blog\/facebook-might-drive-more-traffic-than-google-should-you-care\/\" target=\"_blank\">Esse artigo<\/a> pode dar uma no\u00e7\u00e3o do que isso significa. Mas aqui eu recomendo o texto do Tarc\u00edzio, escrito ainda no come\u00e7o de 2014, sobre a hegemonia do Facebook quando se trata da conversa na internet. E \u00e9 um assunto bem interessante que merece ser debatido, mas que passa despercebido na maioria das vezes. O problema n\u00e3o est\u00e1 em ser dependente da internet (a meu ver, a internet \u00e9 apenas uma plataforma de conectar as pessoas &#8211; e esse instinto de interagir \u00e9 intr\u00ednseco \u00e0 natureza humana), mas ter uma ferramenta hegem\u00f4nica para se fazer isso, ditando as regras conforme deseja. #TeamTwitter<\/p>\n<blockquote><p>Os aplicativos sociais, como o mercado de <i>social games<\/i> que movimentou alguns bilh\u00f5es nos \u00faltimos anos, o <i>newsfeed<\/i> e sua circula\u00e7\u00e3o de informa\u00e7\u00f5es baseadas em fluxo, os logins sociais e os bot\u00f5es likes trouxeram facilidades para usu\u00e1rios, desenvolvedores, jornalistas, gerentes de marketing e com\u00e9rcio eletr\u00f4nico e at\u00e9 ativistas pol\u00edticos. A facilidade constru\u00edda pelo volume de dados e sua circula\u00e7\u00e3o pelos servidores do Facebook seduz os mais diferentes atores sociais: agir, expressar-se, conversar e vender n\u00e3o s\u00f3 s\u00e3o facilitados atrav\u00e9s do Facebook, como tamb\u00e9m suas manifesta\u00e7\u00f5es neste site tornam-se quase que obrigat\u00f3rias. Para muitos, a rede praticamente engoliu a web, tornando-se sin\u00f4nimo desta. \u00c9 uma esp\u00e9cie de simbiose fomentada pelo site de rede social, para seu pr\u00f3prio benef\u00edcio.<\/p><\/blockquote>\n<hr \/>\n<p><a href=\"http:\/\/www.tarciziosilva.me\/inside-out-and-social-media-listening-role-of-emotions-in-identifying-personas\/\" target=\"_blank\"><strong>\u201cInside Out\u201d and social media listening? The role of emotions in identifying personas<\/strong><\/a> &#8211; por Tarc\u00edzio Silva<\/p>\n<p>E pra fechar com chave de ouro, outro texto do Tarc\u00edzio. Segue aquela linha da import\u00e2ncia de cruzar o trabalho das m\u00eddias sociais com outras \u00e1reas de educa\u00e7\u00e3o &#8211; nesse caso, com psicologia. (N\u00e3o consegui encontrar a vers\u00e3o em portugu\u00eas, embora tenha quase certeza que ela foi feita na \u00e9poca de exibi\u00e7\u00e3o do filme no Brasil, por isso compartilho a vers\u00e3o em ingl\u00eas).<\/p>\n<blockquote><p>The emotions in the Pixar movie are very similar to the emotions proposed by the psychologist Paul Ekman in his book\u00a0<em>Emotions Revealed<\/em>. Ekman not only proposes a consistent classifying scheme for emotions, but also how human beings express and perceive emotions, even through using visual and expressive references and examples. But, besides facial expressions and gestures, people give away emoti0ns in explicity or implicity way in their texts, opinions and comments. There is several methodologies to identify\u00a0semantically loaded word, lemmas and phrases on texts.<\/p><\/blockquote>\n","protected":false},"excerpt":{"rendered":"<p>Aqui estou eu, novamente atrasado com as leituras da semana &#8211; mas pe\u00e7o um desconto, afinal, foi fim de semana de Rock In Rio. Tamb\u00e9m confesso que acumulei algumas leituras durante a semana, mas prometo que vou me empenhar pra apagar todas as &#8220;n\u00e3o lidas&#8221; do Pocket at\u00e9 o final de novembro (tem muito texto l\u00e1, acredite). Em tempo, compartilho todos os artigos, mat\u00e9rias e not\u00edcias que pude ler nos \u00faltimos nove (!) dias. Desta vez, s\u00e3o poucas as novidades mas muitas as an\u00e1lises sobre diversos fatores. Ao aprendizado!<\/p>\n","protected":false},"author":1,"featured_media":468,"comment_status":"open","ping_status":"open","sticky":false,"template":"","format":"aside","meta":{"footnotes":""},"categories":[9],"tags":[23,26,44,51,63,75,84],"class_list":["post-466","post","type-post","status-publish","format-aside","has-post-thumbnail","hentry","category-leituras","tag-campanhas-politicas","tag-community-manager","tag-facebook","tag-html5","tag-marketing-programatico","tag-profissionais-de-social-media","tag-segunda-tela","post_format-post-format-aside"],"yoast_head":"<!-- This site is optimized with the Yoast SEO plugin v27.5 - https:\/\/yoast.com\/product\/yoast-seo-wordpress\/ -->\n<title>Leituras da semana: m\u00eddia program\u00e1tica, os desafios e as mudan\u00e7as das m\u00eddias sociais &#8211; insightee<\/title>\n<meta name=\"robots\" content=\"index, follow, max-snippet:-1, max-image-preview:large, max-video-preview:-1\" \/>\n<link rel=\"canonical\" href=\"https:\/\/insightee.com.br\/blog\/leituras-da-semana-midia-programatica-os-desafios-e-as-mudancas-das-midias-sociais\/\" \/>\n<meta property=\"og:locale\" content=\"pt_BR\" \/>\n<meta property=\"og:type\" content=\"article\" \/>\n<meta property=\"og:title\" content=\"Leituras da semana: m\u00eddia program\u00e1tica, os desafios e as mudan\u00e7as das m\u00eddias sociais &#8211; insightee\" \/>\n<meta property=\"og:description\" content=\"Aqui estou eu, novamente atrasado com as leituras da semana - mas pe\u00e7o um desconto, afinal, foi fim de semana de Rock In Rio. Tamb\u00e9m confesso que acumulei algumas leituras durante a semana, mas prometo que vou me empenhar pra apagar todas as &quot;n\u00e3o lidas&quot; do Pocket at\u00e9 o final de novembro (tem muito texto l\u00e1, acredite). Em tempo, compartilho todos os artigos, mat\u00e9rias e not\u00edcias que pude ler nos \u00faltimos nove (!) dias. Desta vez, s\u00e3o poucas as novidades mas muitas as an\u00e1lises sobre diversos fatores. Ao aprendizado!\" \/>\n<meta property=\"og:url\" content=\"https:\/\/insightee.com.br\/blog\/leituras-da-semana-midia-programatica-os-desafios-e-as-mudancas-das-midias-sociais\/\" \/>\n<meta property=\"og:site_name\" content=\"insightee\" \/>\n<meta property=\"article:publisher\" content=\"https:\/\/www.facebook.com\/pedrormeirelles\" \/>\n<meta property=\"article:author\" content=\"https:\/\/www.facebook.com\/pedrormeirelles\" \/>\n<meta property=\"article:published_time\" content=\"2015-09-30T01:29:58+00:00\" \/>\n<meta property=\"og:image\" content=\"https:\/\/insightee.com.br\/blog\/wp-content\/uploads\/2015\/09\/banner-leituras6.jpg\" \/>\n\t<meta property=\"og:image:width\" content=\"810\" \/>\n\t<meta property=\"og:image:height\" content=\"360\" \/>\n\t<meta property=\"og:image:type\" content=\"image\/jpeg\" \/>\n<meta name=\"author\" content=\"Pedro Meirelles\" \/>\n<meta name=\"twitter:card\" content=\"summary_large_image\" \/>\n<meta name=\"twitter:creator\" content=\"@https:\/\/twitter.com\/peumeirelles\" \/>\n<meta name=\"twitter:site\" content=\"@peumeirelles\" \/>\n<meta name=\"twitter:label1\" content=\"Escrito por\" \/>\n\t<meta name=\"twitter:data1\" content=\"Pedro Meirelles\" \/>\n\t<meta name=\"twitter:label2\" content=\"Est. tempo de leitura\" \/>\n\t<meta name=\"twitter:data2\" content=\"10 minutos\" \/>\n<script type=\"application\/ld+json\" class=\"yoast-schema-graph\">{\"@context\":\"https:\\\/\\\/schema.org\",\"@graph\":[{\"@type\":\"Article\",\"@id\":\"https:\\\/\\\/insightee.com.br\\\/blog\\\/leituras-da-semana-midia-programatica-os-desafios-e-as-mudancas-das-midias-sociais\\\/#article\",\"isPartOf\":{\"@id\":\"https:\\\/\\\/insightee.com.br\\\/blog\\\/leituras-da-semana-midia-programatica-os-desafios-e-as-mudancas-das-midias-sociais\\\/\"},\"author\":{\"name\":\"Pedro Meirelles\",\"@id\":\"https:\\\/\\\/insightee.com.br\\\/blog\\\/#\\\/schema\\\/person\\\/25bb944f37e66a0298f607979c5b0a22\"},\"headline\":\"Leituras da semana: m\u00eddia program\u00e1tica, os desafios e as mudan\u00e7as das m\u00eddias sociais\",\"datePublished\":\"2015-09-30T01:29:58+00:00\",\"mainEntityOfPage\":{\"@id\":\"https:\\\/\\\/insightee.com.br\\\/blog\\\/leituras-da-semana-midia-programatica-os-desafios-e-as-mudancas-das-midias-sociais\\\/\"},\"wordCount\":1976,\"commentCount\":1,\"image\":{\"@id\":\"https:\\\/\\\/insightee.com.br\\\/blog\\\/leituras-da-semana-midia-programatica-os-desafios-e-as-mudancas-das-midias-sociais\\\/#primaryimage\"},\"thumbnailUrl\":\"https:\\\/\\\/insightee.com.br\\\/blog\\\/wp-content\\\/uploads\\\/2015\\\/09\\\/banner-leituras6.jpg\",\"keywords\":[\"campanhas pol\u00edticas\",\"community manager\",\"facebook\",\"HTML5\",\"marketing program\u00e1tico\",\"profissionais de social media\",\"segunda tela\"],\"articleSection\":[\"Leituras\"],\"inLanguage\":\"pt-BR\",\"potentialAction\":[{\"@type\":\"CommentAction\",\"name\":\"Comment\",\"target\":[\"https:\\\/\\\/insightee.com.br\\\/blog\\\/leituras-da-semana-midia-programatica-os-desafios-e-as-mudancas-das-midias-sociais\\\/#respond\"]}]},{\"@type\":\"WebPage\",\"@id\":\"https:\\\/\\\/insightee.com.br\\\/blog\\\/leituras-da-semana-midia-programatica-os-desafios-e-as-mudancas-das-midias-sociais\\\/\",\"url\":\"https:\\\/\\\/insightee.com.br\\\/blog\\\/leituras-da-semana-midia-programatica-os-desafios-e-as-mudancas-das-midias-sociais\\\/\",\"name\":\"Leituras da semana: m\u00eddia program\u00e1tica, os desafios e as mudan\u00e7as das m\u00eddias sociais &#8211; insightee\",\"isPartOf\":{\"@id\":\"https:\\\/\\\/insightee.com.br\\\/blog\\\/#website\"},\"primaryImageOfPage\":{\"@id\":\"https:\\\/\\\/insightee.com.br\\\/blog\\\/leituras-da-semana-midia-programatica-os-desafios-e-as-mudancas-das-midias-sociais\\\/#primaryimage\"},\"image\":{\"@id\":\"https:\\\/\\\/insightee.com.br\\\/blog\\\/leituras-da-semana-midia-programatica-os-desafios-e-as-mudancas-das-midias-sociais\\\/#primaryimage\"},\"thumbnailUrl\":\"https:\\\/\\\/insightee.com.br\\\/blog\\\/wp-content\\\/uploads\\\/2015\\\/09\\\/banner-leituras6.jpg\",\"datePublished\":\"2015-09-30T01:29:58+00:00\",\"author\":{\"@id\":\"https:\\\/\\\/insightee.com.br\\\/blog\\\/#\\\/schema\\\/person\\\/25bb944f37e66a0298f607979c5b0a22\"},\"breadcrumb\":{\"@id\":\"https:\\\/\\\/insightee.com.br\\\/blog\\\/leituras-da-semana-midia-programatica-os-desafios-e-as-mudancas-das-midias-sociais\\\/#breadcrumb\"},\"inLanguage\":\"pt-BR\",\"potentialAction\":[{\"@type\":\"ReadAction\",\"target\":[\"https:\\\/\\\/insightee.com.br\\\/blog\\\/leituras-da-semana-midia-programatica-os-desafios-e-as-mudancas-das-midias-sociais\\\/\"]}]},{\"@type\":\"ImageObject\",\"inLanguage\":\"pt-BR\",\"@id\":\"https:\\\/\\\/insightee.com.br\\\/blog\\\/leituras-da-semana-midia-programatica-os-desafios-e-as-mudancas-das-midias-sociais\\\/#primaryimage\",\"url\":\"https:\\\/\\\/insightee.com.br\\\/blog\\\/wp-content\\\/uploads\\\/2015\\\/09\\\/banner-leituras6.jpg\",\"contentUrl\":\"https:\\\/\\\/insightee.com.br\\\/blog\\\/wp-content\\\/uploads\\\/2015\\\/09\\\/banner-leituras6.jpg\",\"width\":810,\"height\":360},{\"@type\":\"BreadcrumbList\",\"@id\":\"https:\\\/\\\/insightee.com.br\\\/blog\\\/leituras-da-semana-midia-programatica-os-desafios-e-as-mudancas-das-midias-sociais\\\/#breadcrumb\",\"itemListElement\":[{\"@type\":\"ListItem\",\"position\":1,\"name\":\"In\u00edcio\",\"item\":\"https:\\\/\\\/insightee.com.br\\\/blog\\\/\"},{\"@type\":\"ListItem\",\"position\":2,\"name\":\"Leituras da semana: m\u00eddia program\u00e1tica, os desafios e as mudan\u00e7as das m\u00eddias sociais\"}]},{\"@type\":\"WebSite\",\"@id\":\"https:\\\/\\\/insightee.com.br\\\/blog\\\/#website\",\"url\":\"https:\\\/\\\/insightee.com.br\\\/blog\\\/\",\"name\":\"insightee\",\"description\":\"\u00e0 procura do insight perfeito\",\"potentialAction\":[{\"@type\":\"SearchAction\",\"target\":{\"@type\":\"EntryPoint\",\"urlTemplate\":\"https:\\\/\\\/insightee.com.br\\\/blog\\\/?s={search_term_string}\"},\"query-input\":{\"@type\":\"PropertyValueSpecification\",\"valueRequired\":true,\"valueName\":\"search_term_string\"}}],\"inLanguage\":\"pt-BR\"},{\"@type\":\"Person\",\"@id\":\"https:\\\/\\\/insightee.com.br\\\/blog\\\/#\\\/schema\\\/person\\\/25bb944f37e66a0298f607979c5b0a22\",\"name\":\"Pedro Meirelles\",\"image\":{\"@type\":\"ImageObject\",\"inLanguage\":\"pt-BR\",\"@id\":\"https:\\\/\\\/secure.gravatar.com\\\/avatar\\\/65e627ac6c71e8afcd40409c252c043555caf5da4f58ba46ab903227744c24fd?s=96&d=mm&r=g\",\"url\":\"https:\\\/\\\/secure.gravatar.com\\\/avatar\\\/65e627ac6c71e8afcd40409c252c043555caf5da4f58ba46ab903227744c24fd?s=96&d=mm&r=g\",\"contentUrl\":\"https:\\\/\\\/secure.gravatar.com\\\/avatar\\\/65e627ac6c71e8afcd40409c252c043555caf5da4f58ba46ab903227744c24fd?s=96&d=mm&r=g\",\"caption\":\"Pedro Meirelles\"},\"description\":\"Mestrando em Cultura e Territorialidades pela Universidade Federal Fluminense, formado em Estudos de M\u00eddia pela mesma institui\u00e7\u00e3o. Interessado em pesquisa digital, m\u00e9todos digitais, an\u00e1lise de dados, cultura, sociedade e Nordeste. Pesquisador no Instituto Brasileiro de Pesquisa e An\u00e1lise de Dados. (+)\",\"sameAs\":[\"https:\\\/\\\/www.facebook.com\\\/pedrormeirelles\",\"http:\\\/\\\/instagram.com\\\/seekpedro\",\"https:\\\/\\\/www.linkedin.com\\\/in\\\/meirellespedro\",\"https:\\\/\\\/x.com\\\/https:\\\/\\\/twitter.com\\\/peumeirelles\"],\"url\":\"https:\\\/\\\/insightee.com.br\\\/blog\\\/author\\\/pedro-meirelles\\\/\"}]}<\/script>\n<!-- \/ Yoast SEO plugin. -->","yoast_head_json":{"title":"Leituras da semana: m\u00eddia program\u00e1tica, os desafios e as mudan\u00e7as das m\u00eddias sociais &#8211; insightee","robots":{"index":"index","follow":"follow","max-snippet":"max-snippet:-1","max-image-preview":"max-image-preview:large","max-video-preview":"max-video-preview:-1"},"canonical":"https:\/\/insightee.com.br\/blog\/leituras-da-semana-midia-programatica-os-desafios-e-as-mudancas-das-midias-sociais\/","og_locale":"pt_BR","og_type":"article","og_title":"Leituras da semana: m\u00eddia program\u00e1tica, os desafios e as mudan\u00e7as das m\u00eddias sociais &#8211; insightee","og_description":"Aqui estou eu, novamente atrasado com as leituras da semana - mas pe\u00e7o um desconto, afinal, foi fim de semana de Rock In Rio. Tamb\u00e9m confesso que acumulei algumas leituras durante a semana, mas prometo que vou me empenhar pra apagar todas as \"n\u00e3o lidas\" do Pocket at\u00e9 o final de novembro (tem muito texto l\u00e1, acredite). Em tempo, compartilho todos os artigos, mat\u00e9rias e not\u00edcias que pude ler nos \u00faltimos nove (!) dias. Desta vez, s\u00e3o poucas as novidades mas muitas as an\u00e1lises sobre diversos fatores. Ao aprendizado!","og_url":"https:\/\/insightee.com.br\/blog\/leituras-da-semana-midia-programatica-os-desafios-e-as-mudancas-das-midias-sociais\/","og_site_name":"insightee","article_publisher":"https:\/\/www.facebook.com\/pedrormeirelles","article_author":"https:\/\/www.facebook.com\/pedrormeirelles","article_published_time":"2015-09-30T01:29:58+00:00","og_image":[{"width":810,"height":360,"url":"https:\/\/insightee.com.br\/blog\/wp-content\/uploads\/2015\/09\/banner-leituras6.jpg","type":"image\/jpeg"}],"author":"Pedro Meirelles","twitter_card":"summary_large_image","twitter_creator":"@https:\/\/twitter.com\/peumeirelles","twitter_site":"@peumeirelles","twitter_misc":{"Escrito por":"Pedro Meirelles","Est. tempo de leitura":"10 minutos"},"schema":{"@context":"https:\/\/schema.org","@graph":[{"@type":"Article","@id":"https:\/\/insightee.com.br\/blog\/leituras-da-semana-midia-programatica-os-desafios-e-as-mudancas-das-midias-sociais\/#article","isPartOf":{"@id":"https:\/\/insightee.com.br\/blog\/leituras-da-semana-midia-programatica-os-desafios-e-as-mudancas-das-midias-sociais\/"},"author":{"name":"Pedro Meirelles","@id":"https:\/\/insightee.com.br\/blog\/#\/schema\/person\/25bb944f37e66a0298f607979c5b0a22"},"headline":"Leituras da semana: m\u00eddia program\u00e1tica, os desafios e as mudan\u00e7as das m\u00eddias sociais","datePublished":"2015-09-30T01:29:58+00:00","mainEntityOfPage":{"@id":"https:\/\/insightee.com.br\/blog\/leituras-da-semana-midia-programatica-os-desafios-e-as-mudancas-das-midias-sociais\/"},"wordCount":1976,"commentCount":1,"image":{"@id":"https:\/\/insightee.com.br\/blog\/leituras-da-semana-midia-programatica-os-desafios-e-as-mudancas-das-midias-sociais\/#primaryimage"},"thumbnailUrl":"https:\/\/insightee.com.br\/blog\/wp-content\/uploads\/2015\/09\/banner-leituras6.jpg","keywords":["campanhas pol\u00edticas","community manager","facebook","HTML5","marketing program\u00e1tico","profissionais de social media","segunda tela"],"articleSection":["Leituras"],"inLanguage":"pt-BR","potentialAction":[{"@type":"CommentAction","name":"Comment","target":["https:\/\/insightee.com.br\/blog\/leituras-da-semana-midia-programatica-os-desafios-e-as-mudancas-das-midias-sociais\/#respond"]}]},{"@type":"WebPage","@id":"https:\/\/insightee.com.br\/blog\/leituras-da-semana-midia-programatica-os-desafios-e-as-mudancas-das-midias-sociais\/","url":"https:\/\/insightee.com.br\/blog\/leituras-da-semana-midia-programatica-os-desafios-e-as-mudancas-das-midias-sociais\/","name":"Leituras da semana: m\u00eddia program\u00e1tica, os desafios e as mudan\u00e7as das m\u00eddias sociais &#8211; insightee","isPartOf":{"@id":"https:\/\/insightee.com.br\/blog\/#website"},"primaryImageOfPage":{"@id":"https:\/\/insightee.com.br\/blog\/leituras-da-semana-midia-programatica-os-desafios-e-as-mudancas-das-midias-sociais\/#primaryimage"},"image":{"@id":"https:\/\/insightee.com.br\/blog\/leituras-da-semana-midia-programatica-os-desafios-e-as-mudancas-das-midias-sociais\/#primaryimage"},"thumbnailUrl":"https:\/\/insightee.com.br\/blog\/wp-content\/uploads\/2015\/09\/banner-leituras6.jpg","datePublished":"2015-09-30T01:29:58+00:00","author":{"@id":"https:\/\/insightee.com.br\/blog\/#\/schema\/person\/25bb944f37e66a0298f607979c5b0a22"},"breadcrumb":{"@id":"https:\/\/insightee.com.br\/blog\/leituras-da-semana-midia-programatica-os-desafios-e-as-mudancas-das-midias-sociais\/#breadcrumb"},"inLanguage":"pt-BR","potentialAction":[{"@type":"ReadAction","target":["https:\/\/insightee.com.br\/blog\/leituras-da-semana-midia-programatica-os-desafios-e-as-mudancas-das-midias-sociais\/"]}]},{"@type":"ImageObject","inLanguage":"pt-BR","@id":"https:\/\/insightee.com.br\/blog\/leituras-da-semana-midia-programatica-os-desafios-e-as-mudancas-das-midias-sociais\/#primaryimage","url":"https:\/\/insightee.com.br\/blog\/wp-content\/uploads\/2015\/09\/banner-leituras6.jpg","contentUrl":"https:\/\/insightee.com.br\/blog\/wp-content\/uploads\/2015\/09\/banner-leituras6.jpg","width":810,"height":360},{"@type":"BreadcrumbList","@id":"https:\/\/insightee.com.br\/blog\/leituras-da-semana-midia-programatica-os-desafios-e-as-mudancas-das-midias-sociais\/#breadcrumb","itemListElement":[{"@type":"ListItem","position":1,"name":"In\u00edcio","item":"https:\/\/insightee.com.br\/blog\/"},{"@type":"ListItem","position":2,"name":"Leituras da semana: m\u00eddia program\u00e1tica, os desafios e as mudan\u00e7as das m\u00eddias sociais"}]},{"@type":"WebSite","@id":"https:\/\/insightee.com.br\/blog\/#website","url":"https:\/\/insightee.com.br\/blog\/","name":"insightee","description":"\u00e0 procura do insight perfeito","potentialAction":[{"@type":"SearchAction","target":{"@type":"EntryPoint","urlTemplate":"https:\/\/insightee.com.br\/blog\/?s={search_term_string}"},"query-input":{"@type":"PropertyValueSpecification","valueRequired":true,"valueName":"search_term_string"}}],"inLanguage":"pt-BR"},{"@type":"Person","@id":"https:\/\/insightee.com.br\/blog\/#\/schema\/person\/25bb944f37e66a0298f607979c5b0a22","name":"Pedro Meirelles","image":{"@type":"ImageObject","inLanguage":"pt-BR","@id":"https:\/\/secure.gravatar.com\/avatar\/65e627ac6c71e8afcd40409c252c043555caf5da4f58ba46ab903227744c24fd?s=96&d=mm&r=g","url":"https:\/\/secure.gravatar.com\/avatar\/65e627ac6c71e8afcd40409c252c043555caf5da4f58ba46ab903227744c24fd?s=96&d=mm&r=g","contentUrl":"https:\/\/secure.gravatar.com\/avatar\/65e627ac6c71e8afcd40409c252c043555caf5da4f58ba46ab903227744c24fd?s=96&d=mm&r=g","caption":"Pedro Meirelles"},"description":"Mestrando em Cultura e Territorialidades pela Universidade Federal Fluminense, formado em Estudos de M\u00eddia pela mesma institui\u00e7\u00e3o. Interessado em pesquisa digital, m\u00e9todos digitais, an\u00e1lise de dados, cultura, sociedade e Nordeste. Pesquisador no Instituto Brasileiro de Pesquisa e An\u00e1lise de Dados. (+)","sameAs":["https:\/\/www.facebook.com\/pedrormeirelles","http:\/\/instagram.com\/seekpedro","https:\/\/www.linkedin.com\/in\/meirellespedro","https:\/\/x.com\/https:\/\/twitter.com\/peumeirelles"],"url":"https:\/\/insightee.com.br\/blog\/author\/pedro-meirelles\/"}]}},"views":1230,"_links":{"self":[{"href":"https:\/\/insightee.com.br\/blog\/wp-json\/wp\/v2\/posts\/466","targetHints":{"allow":["GET"]}}],"collection":[{"href":"https:\/\/insightee.com.br\/blog\/wp-json\/wp\/v2\/posts"}],"about":[{"href":"https:\/\/insightee.com.br\/blog\/wp-json\/wp\/v2\/types\/post"}],"author":[{"embeddable":true,"href":"https:\/\/insightee.com.br\/blog\/wp-json\/wp\/v2\/users\/1"}],"replies":[{"embeddable":true,"href":"https:\/\/insightee.com.br\/blog\/wp-json\/wp\/v2\/comments?post=466"}],"version-history":[{"count":0,"href":"https:\/\/insightee.com.br\/blog\/wp-json\/wp\/v2\/posts\/466\/revisions"}],"wp:featuredmedia":[{"embeddable":true,"href":"https:\/\/insightee.com.br\/blog\/wp-json\/wp\/v2\/media\/468"}],"wp:attachment":[{"href":"https:\/\/insightee.com.br\/blog\/wp-json\/wp\/v2\/media?parent=466"}],"wp:term":[{"taxonomy":"category","embeddable":true,"href":"https:\/\/insightee.com.br\/blog\/wp-json\/wp\/v2\/categories?post=466"},{"taxonomy":"post_tag","embeddable":true,"href":"https:\/\/insightee.com.br\/blog\/wp-json\/wp\/v2\/tags?post=466"}],"curies":[{"name":"wp","href":"https:\/\/api.w.org\/{rel}","templated":true}]}}