{"id":4275,"date":"2018-12-05T09:41:00","date_gmt":"2018-12-05T11:41:00","guid":{"rendered":"http:\/\/insightee.com.br\/blog\/?p=4275"},"modified":"2019-05-21T16:15:37","modified_gmt":"2019-05-21T19:15:37","slug":"um-breve-rascunho-sobre-a-historia-da-inteligencia-em-midias-sociais","status":"publish","type":"post","link":"https:\/\/insightee.com.br\/blog\/um-breve-rascunho-sobre-a-historia-da-inteligencia-em-midias-sociais\/","title":{"rendered":"Um breve rascunho sobre a hist\u00f3ria da intelig\u00eancia em m\u00eddias sociais"},"content":{"rendered":"<p>O m\u00eas de novembro sempre chega, h\u00e1 pelo menos alguns anos, com bastante expectativa para profissionais que trabalham com monitoramento e m\u00e9tricas (social analytics). Isso porque, al\u00e9m de ser o m\u00eas oficial da Consci\u00eancia Negra (sempre bom lembrar), \u00e9 tamb\u00e9m o m\u00eas n\u00e3o-t\u00e3o-oficial da divulga\u00e7\u00e3o dos resultados da pesquisa <em>&#8220;O profissional de intelig\u00eancia de m\u00eddias sociais&#8221;<\/em>. Agora j\u00e1 na sua 8\u00aa edi\u00e7\u00e3o, tendo passado pelas m\u00e3os de grandes profissionais (Tarc\u00edzio Silva, J\u00fanior Siri, Ana Claudia Zandavalle e atualmente com Pedro Barreto), a pesquisa chega aos quase dez anos de idade com muitas hist\u00f3rias para contar.<\/p>\n<p>\u00c9 por isso que, neste post, achei que seria legal n\u00e3o apenas comentar sobre os resultados da \u00faltima edi\u00e7\u00e3o, mas fazer um breve rascunho de como a hist\u00f3ria da \u00e1rea de intelig\u00eancia de m\u00eddias sociais (como se convencionou, a partir tamb\u00e9m da pesquisa, chamar o mercado de comunica\u00e7\u00e3o digital em m\u00eddias sociais dedicado ao trabalho de monitoramento e m\u00e9tricas) desenvolveu-se por todos estes anos. J\u00e1 comentei em diversos textos aqui no blog a relev\u00e2ncia da pesquisa para mim, quando &#8220;entrei&#8221; na \u00e1rea em 2015, portanto refor\u00e7o seu papel n\u00e3o somente para atores que j\u00e1 fazem parte e escrevem seu roteiro, mas tamb\u00e9m para aqueles que chegam (ou chegar\u00e3o) um pouco perdidos nesse contexto.<\/p>\n<p>Antes de trazer as apura\u00e7\u00f5es e os levantamentos que fiz, ratifico mais uma vez: essa breve hist\u00f3ria \u00e9 (quase) completamente baseada nos resultados das pesquisas desde 2011, com alguns pitacos e acr\u00e9scimos a partir do meu n\u00edvel de conhecimento (novamente &#8212; de algu\u00e9m que chegou somente em 2015). Ou seja, \u00e9 poss\u00edvel que algumas considera\u00e7\u00f5es relevantes fiquem de fora, por isso chamei de &#8220;rascunho&#8221;; estou mais do que aberto a corre\u00e7\u00f5es, contra-argumenta\u00e7\u00f5es e novas\/mais perspectivas. Por ora, eis a hist\u00f3ria conforme eu compreendi e, arbitrariamente (como todo escrito hist\u00f3rico), convencionei dividir em quatro momentos: <em>O nascimento<\/em> (2008-2011); <em>A consolida\u00e7\u00e3o<\/em> (2012-2014); <em>O amadurecimento\u00a0<\/em>(2015-2017); e <em>Os desafios<\/em> (2018-).<\/p>\n<h4>2008-2011 &#8211; O nascimento<\/h4>\n<p>\u00c9 sempre bom ratificar que o trabalho em\/com m\u00eddias sociais n\u00e3o \u00e9 nada recente &#8211; ali\u00e1s, n\u00e3o \u00e9 nada novo h\u00e1 j\u00e1 algum tempo: no <a href=\"https:\/\/insightee.com.br\/blog\/colab-social-media-conteudo-criatividade-e-comunidades-66\/\">curso CoLab Social Media<\/a>, Nath\u00e1lia Capistrano contou como j\u00e1 desenvolvia a\u00e7\u00f5es no Orkut em 2007\/2008, para citar apenas um exemplo; o primeiro post do famoso blog de Avinash Kaushik, com o t\u00edtulo <a href=\"https:\/\/www.kaushik.net\/avinash\/traditional-web-analytics-is-dead\/\"><em>&#8220;Traditional Web Analytics is Dead&#8221;<\/em><\/a>, foi publicado em maio de 2006 &#8211; ainda que n\u00e3o seja especificamente sobre m\u00eddias sociais, \u00e9 uma refer\u00eancia relevante tanto pelo profissional em si quanto para mostrar como marcas (l\u00e1 fora, mas aqui tamb\u00e9m) j\u00e1 estavam online h\u00e1 bastante tempo. Acontece que de 2008-2009 adiante, as m\u00eddias sociais &#8211; <a href=\"https:\/\/www.google.com.br\/url?sa=i&amp;source=images&amp;cd=&amp;cad=rja&amp;uact=8&amp;ved=2ahUKEwj495WppP_eAhULipAKHcl8DoEQjhx6BAgBEAM&amp;url=https%3A%2F%2Ftechcrunch.com%2F2017%2F06%2F27%2Ffacebook-2-billion-users%2F&amp;psig=AOvVaw2ukDGiwBq9Vjn26rpltD3_&amp;ust=1543776028030790\">encabe\u00e7ada pelo Facebook<\/a>, principalmente &#8211; dominaram a internet.<\/p>\n<p><iframe loading=\"lazy\" src=\"https:\/\/www.slideshare.net\/slideshow\/embed_code\/key\/rIZtisWTXl13PR\" width=\"479\" height=\"511\" frameborder=\"0\" marginwidth=\"0\" marginheight=\"0\" scrolling=\"no\" style=\"border:1px solid #CCC; border-width:1px; margin-bottom:5px; max-width: 100%;\" allowfullscreen> <\/iframe> <\/p>\n<div style=\"margin-bottom:5px\"> <strong> <a href=\"https:\/\/www.slideshare.net\/victori98pt\/social-media-monitoring-analysis\" title=\"Social Media Monitoring &amp; Analysis\" target=\"_blank\">Social Media Monitoring &amp; Analysis<\/a> <\/strong> from <strong><a href=\"https:\/\/www.slideshare.net\/victori98pt\" target=\"_blank\">Victor Rodrigues<\/a><\/strong> <\/div>\n<p>O relat\u00f3rio acima, <em>&#8220;Monitoramento e An\u00e1lise de M\u00eddias Sociais &#8211; Gerando Insights de Consumidores a partir de Conversa\u00e7\u00e3o Online&#8221;<\/em> (em portugu\u00eas), que \u00e9 de 2008 e foi citado na primeira edi\u00e7\u00e3o da pesquisa (2011) declara:\u00a0<em>&#8220;este relat\u00f3rio investiga como as empresas podem competir com sucesso num mundo no qual conte\u00fado da web gerado por consumidores est\u00e1 marginalizando o valor de canais de m\u00eddia tradicional, e no qual redes um-a-um est\u00e3o substituindo figuras de autoridade tradicionais no fornecimento de informa\u00e7\u00e3o confi\u00e1vel sobre uma marca&#8221;<\/em>. Tendo entrevistado mais de 250 empresas, mostra como o trabalho de monitoramento\/mensura\u00e7\u00e3o j\u00e1 era uma realidade em meados da d\u00e9cada passada.<\/p>\n<p>Quando a primeira edi\u00e7\u00e3o da pesquisa,\u00a0<a href=\"https:\/\/pt.slideshare.net\/tarushijio\/usos-percepcoes-monitoramento-de-midias-sociais\"><em>&#8220;Usos e Percep\u00e7\u00f5es do Monitoramento de M\u00eddias Sociais&#8221;<\/em><\/a> (148 respondentes), foi lan\u00e7ada, portanto, o mercado de monitoramento j\u00e1 era uma realidade no Brasil &#8211; ferramentas como <a href=\"https:\/\/www.agenciamestre.com\/redes-sociais\/monitoramento-de-redes-sociais-com-o-scup\/\">Scup<\/a> e <a href=\"http:\/\/midiaboom.com.br\/infos-brasil\/radian6-monitore-midias-sociais-profissionalmente\/\">Radian6<\/a> j\u00e1 existiam, por exemplo, e todo o mercado brasileiro de comunica\u00e7\u00e3o\/publicidade j\u00e1 encarava as m\u00eddias sociais como ponto de parada obrigat\u00f3rio. A primeira defini\u00e7\u00e3o de &#8220;monitoramento de m\u00eddias sociais&#8221; foi, inclusive, rascunhada um ano antes, em 2010, por Tarc\u00edzio Silva, no livro <a href=\"https:\/\/www.slideshare.net\/papercliq\/ebook-midias-sociais-perspectivas-tendencias-reflexoes\"><em>#M\u00eddiasSociais &#8211; Perspectivas, Tend\u00eancias e Reflex\u00f5es<\/em><\/a>, que cont\u00e9m inclusive alguns apontamentos hist\u00f3ricos j\u00e1 interessantes para esse panorama que trazemos aqui:<\/p>\n<blockquote><p>No Brasil, ag\u00eancias digitais passaram a oferecer o servi\u00e7o de monitoramento, e algumas foram criadas com esse neg\u00f3cio como central. Em outros casos, foram criados bra\u00e7os de ag\u00eancias ou institutos de pesquisa e an\u00e1lise de mercado dedicados \u00e0 atividade. Desde 2008, cerca de uma d\u00fazia de ag\u00eancias, em geral de m\u00e9dio porte, come\u00e7aram a produzir, publicar e apresentar conte\u00fado para educar o mercado sobre suas possibilidades, ainda que de forma n\u00e3o coordenada. A crescentemente demanda pelo servi\u00e7o tamb\u00e9m estabeleceu o contexto pro lan\u00e7amento de softwares nacionais. Desde o in\u00edcio de 2010, com o debate em torno destas elei\u00e7\u00f5es de legisla\u00e7\u00e3o novamente renovado, temas relacionados \u00e0s m\u00eddias sociais e o monitoramento das conversa\u00e7\u00f5es entraram em pauta. De portais de \u00e2mbito nacional aos blogs mais segmentados, vez ou outra se fala repetidamente da corrida pelo maior n\u00famero de tweets positivos, por exemplo. (p. 43).<\/p><\/blockquote>\n<p>\u00c9 importante ratificar que o foco na disciplina de monitoramento aqui se d\u00e1 simplesmente devido ao recorte espec\u00edfico tamb\u00e9m da primeira pesquisa, voltada exclusivamente (na teoria) aos profissionais que trabalhavam com essa atividade (como o pr\u00f3prio nome da primeira edi\u00e7\u00e3o indica). Isso n\u00e3o quer dizer, de forma alguma, que o trabalho com m\u00e9tricas j\u00e1 n\u00e3o estivesse em voga, muito pelo contr\u00e1rio &#8211; o pr\u00f3prio post de 2006 de Kaushik \u00e9 exemplo de como a disciplina de <em>web analytics<\/em> (ainda que desassociada do contexto de m\u00eddias sociais) \u00e9 bem antiga. Talvez o &#8220;pulo do gato&#8221; esteja justamente na ess\u00eancia do contexto do trabalho de monitoramento: a prolifera\u00e7\u00e3o em massa de conte\u00fados produzidos por usu\u00e1rios.<\/p>\n<p>Ainda assim, a linha entre monitoramento e m\u00e9tricas (tanto social quanto web analytics) sempre foi t\u00eanue, desde a primeira edi\u00e7\u00e3o:\u00a0o quadro de &#8220;m\u00e9tricas mais importantes&#8221; trazia, em 2011, tanto indicadores t\u00edpicos do primeiro\u00a0(sentimento, reputa\u00e7\u00e3o, influ\u00eancia, satisfa\u00e7\u00e3o, resolu\u00e7\u00e3o de problemas, temas, etc.) quanto do segundo (engajamento, alcance, ROI, vendas, leads, etc). O quadro abaixo \u00e9 um levantamento de v\u00e1rios materiais voltados \u00e0 &#8220;mensura\u00e7\u00e3o&#8221; de m\u00eddias sociais apresentado por Tarc\u00edzio Silva (que comandou a primeira edi\u00e7\u00e3o da pesquisa)\u00a0<a href=\"https:\/\/www.slideshare.net\/tarushijio\/metricas-para-midias-sociais\">num material de 2010<\/a>, que tamb\u00e9m refor\u00e7a o cen\u00e1rio nebuloso de diferen\u00e7a entre monitoramento e m\u00e9tricas no in\u00edcio da d\u00e9cada.<\/p>\n<figure id=\"attachment_4279\" aria-describedby=\"caption-attachment-4279\" style=\"width: 962px\" class=\"wp-caption aligncenter\"><a href=\"https:\/\/www.slideshare.net\/tarushijio\/metricas-para-midias-sociais\"><img loading=\"lazy\" decoding=\"async\" class=\"size-full wp-image-4279\" src=\"https:\/\/insightee.com.br\/blog\/wp-content\/uploads\/2018\/12\/Apresenta\u00e7\u00e3o1.png\" alt=\"\" width=\"962\" height=\"715\" srcset=\"https:\/\/insightee.com.br\/blog\/wp-content\/uploads\/2018\/12\/Apresenta\u00e7\u00e3o1.png 962w, https:\/\/insightee.com.br\/blog\/wp-content\/uploads\/2018\/12\/Apresenta\u00e7\u00e3o1-300x223.png 300w, https:\/\/insightee.com.br\/blog\/wp-content\/uploads\/2018\/12\/Apresenta\u00e7\u00e3o1-768x571.png 768w\" sizes=\"auto, (max-width: 962px) 100vw, 962px\" \/><\/a><figcaption id=\"caption-attachment-4279\" class=\"wp-caption-text\">Slides da apresenta\u00e7\u00e3o &#8220;M\u00e9tricas para M\u00eddias Sociais &#8211; conceitos, elementos, abordagens e ferramentas&#8221;, de Tarc\u00edzio Silva (2010)<\/figcaption><\/figure>\n<p>Enfim, retornando aos resultados da primeira edi\u00e7\u00e3o da pesquisa, o que eles nos apontam sobre o cen\u00e1rio em 2011?<\/p>\n<ul>\n<li>Antes de mais nada, refor\u00e7a que monitoramento\/m\u00e9tricas n\u00e3o \u00e9 algo novo, com pelo menos <a href=\"https:\/\/www.onlinereputation.com\/online-reputation-and-buzz-monitoring-buyers-guide-2008-now-available\/\">dois relat\u00f3rios<\/a> que j\u00e1 apontavam boas pr\u00e1ticas na \u00e1rea;<\/li>\n<li>Ainda assim, a profiss\u00e3o generalizante em\/de m\u00eddias sociais era predominante, conforme as nomenclaturas mais comuns dentre os respondentes refletiam: Analistas\/Coordenadores de M\u00eddias Sociais, Analistas\/Assessores de Comunica\u00e7\u00e3o;<\/li>\n<li>Esse cen\u00e1rio amador tamb\u00e9m reflete as ferramentas plenas e parciais mais utilizadas, que trouxe nesse primeiro ano nomes como Google Alertas, Hootsuite e Tweetdeck &#8211; aplica\u00e7\u00f5es bem diferentes entre si, diga-se de passagem;<\/li>\n<li>O monitoramento atendia principalmente \u00e0 proposta de relacionamento, seguido imediatamente pela avalia\u00e7\u00e3o de resultados de comunica\u00e7\u00e3o &#8211; o que \u00e9 muito interessante, pois a primeira resposta \u00e9 completamente dependente do trabalho de monitoramento enquanto que a segunda pode, mais uma vez, estar se referindo a m\u00e9tricas (<em>social<\/em> e <em>web analytics<\/em>);<\/li>\n<li>As principais insatisfa\u00e7\u00f5es eram: dados imprecisos, <em>delay<\/em> na entrega, poucos cruzamentos\/recursos, falta de conhecimento e pouco investimento &#8211; todas justificativas que fazem sentido a uma \u00e1rea que apenas come\u00e7ava a engatinhar e amadurecer, conforme os pr\u00f3ximos anos v\u00e3o mostrar;<\/li>\n<li>Para o futuro, o relat\u00f3rio apontava como urgente: educar o mercado, produzir conte\u00fado\/conhecimento, integrar fonte de dados e padronizar m\u00e9tricas &#8211; todos objetivos alcan\u00e7ados com sucesso (talvez somente a \u00faltima ainda levante discuss\u00f5es, embora poucos se proponham a discutir atualmente).<\/li>\n<\/ul>\n<h4>2012-2014 &#8211; A consolida\u00e7\u00e3o<\/h4>\n<p>O objetivo dos <em>players<\/em> (profissionais, ferramentas, ag\u00eancias, etc.) no in\u00edcio da d\u00e9cada era, portanto, educar &#8211; praticamente evangelizar &#8211; o mercado. E foi justamente isso que aconteceu nesse segundo momento, quando a disciplina de monitoramento se consolidou e ganhou corpo em conjunto \u00e0 tamb\u00e9m mat\u00e9ria de m\u00e9tricas espec\u00edficas para\/de m\u00eddias sociais. Entre 2012 e 2014, explodiu a produ\u00e7\u00e3o de conte\u00fado (dentre livros, e-books, eventos, etc.) sobre &#8220;monitoramento e m\u00e9tricas&#8221;, quando a linha t\u00eanue entre ambas tornou-se n\u00e3o mais um motivo de confus\u00e3o pejorativamente, mas uma jun\u00e7\u00e3o estrat\u00e9gica para somar for\u00e7as ao argumento da import\u00e2ncia do trabalho de &#8220;acompanhamento de resultados&#8221;.<\/p>\n<p>No ano de 2012, com praticamente doze meses de dist\u00e2ncia, duas publica\u00e7\u00f5es important\u00edssimas foram lan\u00e7adas: a colet\u00e2nea <em>Para Entender o Monitoramento de M\u00eddias Sociais<\/em>, organizada por Tarc\u00edzio Silva,\u00a0com cap\u00edtulos sobre an\u00e1lise de sentimento, SAC, gest\u00e3o de crises, netnografia, etc.; e <a href=\"https:\/\/insightee.com.br\/blog\/monitoramento-e-metricas-de-midias-sociais-do-estagiario-ao-ceo\/\"><em>Monitoramento e m\u00e9trica de m\u00eddias sociais: do estagi\u00e1rio ao CEO<\/em><\/a>, de Diego Monteiro e Ricardo Azarite, chefias da Scup que j\u00e1 se consolidava como principal ferramenta de monitoramento do Brasil naquele momento.\u00a0Ambas publica\u00e7\u00f5es foram muito al\u00e9m do recorte de monitoramento\/m\u00e9tricas (principalmente a segunda), trazendo um panorama completo de boas pr\u00e1ticas para a atua\u00e7\u00e3o de marcas nas m\u00eddias sociais.<\/p>\n<p>Importante ressaltar, nesse momento, a ofensiva do Scup quanto \u00e0 produ\u00e7\u00e3o de conte\u00fado: al\u00e9m do livro, que veio a se tornar um dos mais relevantes para a \u00e1rea &#8211; conforme relembrado ano ap\u00f3s ano na pr\u00f3pria pesquisa -, a empresa criou na \u00e9poca um blog chamado <em>Scup Ideas<\/em> para compartilhar conhecimento sobre monitoramento\/m\u00e9tricas e convidou dezenas de profissionais de ag\u00eancias j\u00e1 especializados no assunto para produzir e-books simples (por\u00e9m extremamente educativos) sobre essas mesmas tem\u00e1ticas. Ainda patrocinou webinars, palestras\/eventos, cursos r\u00e1pidos e muito mais. Embora o blog e os e-books tenham se perdido na venda para a Sprinklr, eles <a href=\"https:\/\/estudandosocialmedia.wordpress.com\/e-books-e-materiais-educativos\/e-books\/\">ainda vivem aqui no blog<\/a>.<\/p>\n<p><iframe loading=\"lazy\" src=\"https:\/\/www.slideshare.net\/slideshow\/embed_code\/key\/HP5z1zfW1PUWJO\" width=\"427\" height=\"356\" frameborder=\"0\" marginwidth=\"0\" marginheight=\"0\" scrolling=\"no\" style=\"border:1px solid #CCC; border-width:1px; margin-bottom:5px; max-width: 100%;\" allowfullscreen> <\/iframe> <\/p>\n<div style=\"margin-bottom:5px\"> <strong> <a href=\"https:\/\/www.slideshare.net\/tarushijio\/perfil-do-profissional-de-monitoramento-de-midias-sociais-pesquisa\" title=\"Perfil do Profissional de Monitoramento de M\u00eddias Sociais (2012)\" target=\"_blank\">Perfil do Profissional de Monitoramento de M\u00eddias Sociais (2012)<\/a> <\/strong> from <strong><a href=\"https:\/\/www.slideshare.net\/tarushijio\" target=\"_blank\">Tarc\u00edzio Silva<\/a><\/strong> <\/div>\n<p>A segunda edi\u00e7\u00e3o da pesquisa, portanto, com 182 respondentes, j\u00e1 refletia um pouco desse cen\u00e1rio mais profissionalizantes. Nomenclaturas como\u00a0&#8220;Analista de M\u00e9tricas e Monitoramento&#8221; e &#8220;Analista de Buzz Intelligence&#8221; surgem, ainda que com a soberania de &#8220;Analista de M\u00eddias Sociais&#8221; &#8211; que deve tamb\u00e9m ser celebrado uma vez que a primeira pesquisa trazia t\u00edtulos ainda mais abrangentes de comunica\u00e7\u00e3o; a popularidade da Scup tamb\u00e9m se consolida, conseguindo quase 50% das men\u00e7\u00f5es em ferramentas mais citadas; al\u00e9m da presen\u00e7a\/diferencia\u00e7\u00e3o dos tipos de softwares, comerciais plenas\/gest\u00e3o\/m\u00e9tricas.\u00a0A evolu\u00e7\u00e3o do mercado dependia, neste momento, da valoriza\u00e7\u00e3o da \u00e1rea pelas empresas e da especializa\u00e7\u00e3o da fun\u00e7\u00e3o.<\/p>\n<p>Mas o mercado j\u00e1 estava evoluindo: a segunda maioria dos respondentes citaram &#8220;material online&#8221; como principal fonte de aprendizado, fruto justamente da prolifera\u00e7\u00e3o de conte\u00fado que estava acontecendo atrav\u00e9s de blogs, grupos\/comunidades, livros\/e-books, eventos\/cursos e Slideshare &#8211; todas essas op\u00e7\u00f5es tamb\u00e9m citadas na pesquisa. Ou seja, o mercado estava se educando, profissionais procurando capacita\u00e7\u00e3o, empresas se mobilizando para produzir conte\u00fado\/conhecimento sobre o assunto, e a dupla &#8220;monitoramento e m\u00e9tricas&#8221; j\u00e1 tinha poder de argumenta\u00e7\u00e3o nas maiores ag\u00eancias e empresas do Brasil &#8211; principalmente no eixo Sudeste, que historicamente sempre concentrou a m\u00e3o de obra e for\u00e7a de trabalho.<\/p>\n<p>Nesse sentido, <a href=\"https:\/\/pt.slideshare.net\/tarushijio\/pesquisa-monitoramento-metricas-social-analytics-brasil-2013\">a terceira edi\u00e7\u00e3o da pesquisa (161 respondentes)<\/a> demonstrou quase uma continua\u00e7\u00e3o dos resultados de 2012, sobretudo na coroa\u00e7\u00e3o da Scup e na diferencia\u00e7\u00e3o expl\u00edcita entre monitoramento e m\u00e9tricas (tamb\u00e9m na apresenta\u00e7\u00e3o de resultados sobre ferramentas). Al\u00e9m disso, algumas outras considera\u00e7\u00f5es levantadas no resumo apontaram o cen\u00e1rio da \u00e9poca: o crescimento de ferramentas como Facebook Insights e Socialbakers refletia o poder do Facebook no Brasil; a queda de ferramentas de gest\u00e3o \u00e9 fruto da profissionaliza\u00e7\u00e3o tamb\u00e9m das pr\u00f3prias plataformas de m\u00eddias sociais (e fun\u00e7\u00f5es de agendamento, por exemplo); a\u00a0lembran\u00e7a dos respondentes de ferramentas de web analytics refor\u00e7a a import\u00e2ncia do ROI financeiro; e mais capacita\u00e7\u00f5es (cursos livres e strictu sensu) surgem na \u00e1rea.<\/p>\n<p><img loading=\"lazy\" decoding=\"async\" class=\"aligncenter size-full wp-image-4287\" src=\"https:\/\/insightee.com.br\/blog\/wp-content\/uploads\/2018\/12\/palestrasas.png\" alt=\"\" width=\"1280\" height=\"720\" srcset=\"https:\/\/insightee.com.br\/blog\/wp-content\/uploads\/2018\/12\/palestrasas.png 1280w, https:\/\/insightee.com.br\/blog\/wp-content\/uploads\/2018\/12\/palestrasas-300x169.png 300w, https:\/\/insightee.com.br\/blog\/wp-content\/uploads\/2018\/12\/palestrasas-768x432.png 768w, https:\/\/insightee.com.br\/blog\/wp-content\/uploads\/2018\/12\/palestrasas-1024x576.png 1024w\" sizes=\"auto, (max-width: 1280px) 100vw, 1280px\" \/><\/p>\n<p>Outra &#8220;fonte hist\u00f3rica&#8221; tamb\u00e9m interessante para compreender esse per\u00edodo \u00e9 o anual Social Analytics Summit, organizado pela Media Education. Com sua estreia em 2012 ainda sob nomenclatura &#8220;Metrics Summit 2012&#8221;, a primeira edi\u00e7\u00e3o &#8211; apesar do nome &#8211; j\u00e1 misturava monitoramento e m\u00e9tricas dentre suas palestras; j\u00e1 em 2013, surge termos importantes como &#8220;intelig\u00eancia&#8221; e &#8220;big data&#8221;, que se tornariam indispens\u00e1veis ao mercado desde ent\u00e3o; em 2014, nem monitoramento nem m\u00e9tricas, mas &#8220;social analytics&#8221; &#8211; ou o ainda mais arriscado, &#8220;ci\u00eancia de dados&#8221;. Esse quadro reflete como, em apenas alguns anos, a &#8220;intelig\u00eancia de m\u00eddias sociais&#8221; nasceu e come\u00e7ou a engatinhar com as pr\u00f3prias pernas.<\/p>\n<p>Ao chegarmos em 2014, portanto, a \u00e1rea j\u00e1 tinha se consolidado. Grandes players j\u00e1 tinham feito seus nomes, cursos livres e especializa\u00e7\u00f5es\/MBAs j\u00e1 eram uma realidade bastante popular (pelo menos no Sudeste), m\u00e9dias e grandes empresas j\u00e1 dedicavam um setor &#8211; ou pelo menos mais de um profissional &#8211; ao acompanhamento de marca e resultados nas m\u00eddias sociais, etc. E tudo isso p\u00f4de ser consolidado na 4\u00aa edi\u00e7\u00e3o da pesquisa, agora j\u00e1 nas m\u00e3os do sergipano J\u00fanior Siri. Com 222 respondentes e agora intitulado <em>&#8220;Profissional de m\u00e9tricas, monitoramento e social analytics no Brasil&#8221;<\/em>, a pesquisa crescia em popularidade assim como a \u00e1rea em si ganhava mais proje\u00e7\u00e3o e, consequentemente, mais profissionais interessados\/capacitados.<\/p>\n<p><iframe loading=\"lazy\" src=\"https:\/\/www.slideshare.net\/slideshow\/embed_code\/key\/3h0bheKIkdiPEy\" width=\"427\" height=\"356\" frameborder=\"0\" marginwidth=\"0\" marginheight=\"0\" scrolling=\"no\" style=\"border:1px solid #CCC; border-width:1px; margin-bottom:5px; max-width: 100%;\" allowfullscreen> <\/iframe> <\/p>\n<div style=\"margin-bottom:5px\"> <strong> <a href=\"https:\/\/www.slideshare.net\/juniorsiri\/profissional-mtricas-monitoramentosocialanalytics2014\" title=\"[Pesquisa] Profissional de m\u00e9tricas, monitoramento social analytics no Brasil (2014)\" target=\"_blank\">[Pesquisa] Profissional de m\u00e9tricas, monitoramento social analytics no Brasil (2014)<\/a> <\/strong> from <strong><a href=\"https:\/\/www.slideshare.net\/juniorsiri\" target=\"_blank\">J\u00fanior Siri<\/a><\/strong> <\/div>\n<p>O termo intelig\u00eancia (em ingl\u00eas) j\u00e1 era uma realidade dentre as nomenclaturas mais relevantes: social intelligence, buzz intelligence, data intelligence, business intelligence, etc. Segundo explica\u00e7\u00e3o do pr\u00f3prio Siri, o aumento do percentual de respondentes que trabalham a maior parte do tempo ou exclusivamente com tais habilidades <em>&#8220;mostra\u00a0que, apesar de muitos profissionais de social media desempenharem diversas fun\u00e7\u00f5es, est\u00e1 cada vez mais comum v\u00ea-los utilizando mais tempo em atividades de intelig\u00eancia&#8221;<\/em>. Nesse contexto, j\u00e1 havia tamb\u00e9m mais profissionais com especializa\u00e7\u00e3o\/MBA em marketing digital, comunica\u00e7\u00e3o digital, m\u00eddias digitais e BI\/m\u00e9tricas, expurgando de vez a generalizante fun\u00e7\u00e3o de comunica\u00e7\u00e3o.<\/p>\n<p>Dentre as ferramentas de web\/social analytics, destaque para o cont\u00ednuo crescimento do Google Analytics e Socialbakers (al\u00e9m do pr\u00f3prio Facebook Insights ainda relevante), que traduziam um cen\u00e1rio pr\u00f3spero para o Facebook e para inbound marketing.\u00a0J\u00e1 quanto \u00e0s ferramentas de monitoramento, a coroa\u00e7\u00e3o soberana da Scup enquanto l\u00edder de mercado devido principalmente a um trabalho &#8211; convenhamos, sensacional &#8211; de educa\u00e7\u00e3o e evangeliza\u00e7\u00e3o de profissionais e clientes, com centenas de materiais produzidos nos dois\/tr\u00eas anos anteriores.\u00a0E, por falar em produ\u00e7\u00e3o de conte\u00fado, essa edi\u00e7\u00e3o trouxe a primeira lista de profissionais refer\u00eancia na \u00e1rea, com autores, professores e profissionais capacitadores.<\/p>\n<p>Outro aspecto muito legal -que essa edi\u00e7\u00e3o da pesquisa trouxe foi a apresenta\u00e7\u00e3o de resultados por regi\u00e3o. Embora a concentra\u00e7\u00e3o no Sudeste (sobretudo em S\u00e3o Paulo) seja desconcertante, \u00e9 muito interessante pensar as diferentes realidades do Brasil e como isso impacta o\/\u00e9 impactada pelo investimento na \u00e1rea. Para fechar essa era, vale citar s\u00f3 mais algumas coisinhas relevantes: 1) a morte eminente do alcance org\u00e2nico no Facebook, que vai estremecer um pouco o cen\u00e1rio dos anos seguintes; 2) a profissionaliza\u00e7\u00e3o do mercado j\u00e1 era realidade, acarretando em melhores sal\u00e1rios; e 3) uma pesquisa muito semelhante da Trampos, <a href=\"http:\/\/cdn4.trampos.co\/download_files\/files\/4\/0704e083904759c7b70c0faf98268427bf2726d7\/original\/tramposco_raiox_social_media.pdf?1411736358\"><em>&#8220;O raio-x dos profissionais de m\u00eddias sociais no Brasil&#8221;<\/em><\/a> serviu como <a href=\"https:\/\/tarciziosilva.com.br\/blog\/comentarios-sobre-a-pesquisa-profissional-de-metricas-monitoramento-e-social-analytics-no-brasil\/\">bom par\u00e2metro comparativo<\/a>.<\/p>\n<h4>2015-2017 &#8211; O amadurecimento<\/h4>\n<p>Ao chegarmos em 2015, a \u00e1rea j\u00e1 estava consolidada no mercado.\u00a0T\u00e3o consolidada que os termos &#8220;monitoramento, &#8220;m\u00e9tricas&#8221; e &#8220;social analytics&#8221; j\u00e1 deixaram de vez o t\u00edtulo da pesquisa, dando enfim espa\u00e7o para o lan\u00e7amento da &#8220;intelig\u00eancia de m\u00eddias sociais&#8221; na pr\u00f3pria pesquisa &#8211; lembrando que n\u00e3o foi a pesquisa em si que convocou essa express\u00e3o, mas o mercado que, nos anos anteriores, incorporou o termo sobretudo da nomenclatura de &#8220;Business Intelligence&#8221;. Quase que de modo celebrat\u00f3rio, a pesquisa, agora &#8220;O profissional de intelig\u00eancia de m\u00eddias sociais no mercado brasileiro&#8221; veio ainda mais densa, com novas quest\u00f5es e\u00a0novamente recorde de respondentes: 296, seguindo padr\u00e3o de crescimento iniciado em 2013.<\/p>\n<p><iframe loading=\"lazy\" src=\"https:\/\/www.slideshare.net\/slideshow\/embed_code\/key\/5eg60SdlVWF0xl\" width=\"427\" height=\"356\" frameborder=\"0\" marginwidth=\"0\" marginheight=\"0\" scrolling=\"no\" style=\"border:1px solid #CCC; border-width:1px; margin-bottom:5px; max-width: 100%;\" allowfullscreen> <\/iframe> <\/p>\n<div style=\"margin-bottom:5px\"> <strong> <a href=\"https:\/\/www.slideshare.net\/juniorsiri\/profissional-de-inteligencia-de-mdias-sociais\" title=\"[Pesquisa] O profissional de intelig\u00eancia de m\u00eddias sociais no mercado brasileiro (2015)\" target=\"_blank\">[Pesquisa] O profissional de intelig\u00eancia de m\u00eddias sociais no mercado brasileiro (2015)<\/a> <\/strong> from <strong><a href=\"https:\/\/www.slideshare.net\/juniorsiri\" target=\"_blank\">J\u00fanior Siri<\/a><\/strong> <\/div>\n<p>Quanto \u00e0 demografia, no entanto, houve pouca ou quase nenhuma mudan\u00e7a: S\u00e3o Paulo e Rio de Janeiro continuam predominantes, mulheres s\u00e3o maioria e os profissionais continuam jovens (entre 19 e 30 anos).\u00a0Na se\u00e7\u00e3o de forma\u00e7\u00e3o e estudos, entretanto, h\u00e1 uma certa &#8220;novidade&#8221; \u00e0 \u00e9poca que merece destaque: a pesquisa identificou 52 cursos de 35 institui\u00e7\u00f5es diferentes. Lembra que as metas da &#8220;era&#8221; passada era justamente educar o mercado? Pois ent\u00e3o, v\u00e1rios profissionais e empreendedores viram nisso uma oportunidade de lan\u00e7ar cursos sobre a tem\u00e1tica cuja demanda era enorme &#8211; e surgem cursos livres, tanto em pequenas institui\u00e7\u00f5es quanto em escolas de gradua\u00e7\u00e3o j\u00e1 renomadas, al\u00e9m de incorpora\u00e7\u00e3o a P\u00f3s\/especializa\u00e7\u00f5es\/MBAs.<\/p>\n<p>Essa movimenta\u00e7\u00e3o reverberou tamb\u00e9m nas principais refer\u00eancias, conforme apontado no pr\u00f3prio relat\u00f3rio: &#8220;foram lembrados aqueles que produzem conte\u00fado voltado para a \u00e1rea e os que t\u00eam participa\u00e7\u00e3o ativa em eventos e grupos de discuss\u00e3o online [&#8230;] refer\u00eancias como portais\/blogs e livros est\u00e3o associados a outros t\u00f3picos da pesquisa&#8221;. Ou seja, as obras coletivas do Scup garantiram tanto \u00e0 ferramenta quanto aos profissionais que as produziram a presen\u00e7a em outras categorias; assim como a produ\u00e7\u00e3o de conte\u00fado da Social Figures, comandada por Tarc\u00edzio Silva, tamb\u00e9m foi m\u00e3o dupla para receber destaque nessa edi\u00e7\u00e3o; o mesmo para a escola Atlas Media Lab e Gabriel Ishida, indissoci\u00e1veis; e para a Trespontos Brasil, que produzira materiais com as professores Mariana Oliveira e Priscila Muniz &#8211; tamb\u00e9m ao Scup.<\/p>\n<p>Dentre os livros mais citados (que que permanecer\u00e3o praticamente os mesmos no ano seguinte), podemos arbitrariamente argumentar por uma diferen\u00e7a pr\u00e1tica de leitura: obras do mercado (Diego Monteiro e Ricardo Azarite; Tarc\u00edzio Silva e colaboradores; Avinash Kaushik) e obras da academia (Martha Gabriel, Raquel Recuero e Adriana Amaral). Nesse sentido, refor\u00e7a-se a prolifera\u00e7\u00e3o de especializa\u00e7\u00f5es\/MBAs, distingue o conte\u00fado pr\u00e1tico e te\u00f3rico e, de certa forma, escancara ainda como a academia \u00e9 &#8211; com muita ressalva &#8211; um lugar mais prop\u00edcio \u00e0 aprecia\u00e7\u00e3o intelectual de mulheres. Vale lembrar que o p\u00fablico feminino sempre foi maioria na pesquisa, o que nem sempre se concretizou tamb\u00e9m dentre as refer\u00eancias levantadas.<\/p>\n<p>Outro detalhe importante que pode passar despercebido, mas que aparece em pelo menos seis slides \u00e9 o surgimento, pela primeira vez, da disciplina de <a href=\"https:\/\/insightee.com.br\/blog\/profissao-social-media-midiasocial-ads-da-teoria-a-pratica\/\">social ads (m\u00eddia)<\/a>: aparece nos grupos mais referenciados; atrav\u00e9s dos nomes Camila Porto e F\u00e1bio Prado Lima, tamb\u00e9m produtores de conte\u00fado e professores; nas integra\u00e7\u00f5es com outras \u00e1reas; e nos destaques do Sudeste e maiores ag\u00eancias. Essa novidade \u00e9 fruto da pol\u00eamica\u00a0<a href=\"https:\/\/businessesgrow.com\/2018\/01\/12\/facebook-announcement\/\">morte do alcance org\u00e2nico no Facebook<\/a>: se antes os profissionais conseguiam um bom retorno nas suas publica\u00e7\u00f5es apenas produzindo conte\u00fado de qualidade e utilizavam as m\u00e9tricas para otimizar esses resultados, de 2013 em diante a morte anunciada do alcance org\u00e2nico exigiu que as empresas agora pagassem para ter seu conte\u00fado bem-sucedido, fortalecendo a \u00e1rea de social ads (ou m\u00eddia, em seu nome tradicional).<\/p>\n<p><img decoding=\"async\" src=\"https:\/\/301myvlwbns3u1gtzmb9enih-wpengine.netdna-ssl.com\/wp-content\/uploads\/2018\/01\/Screenshot-2018-02-07-11.48.23-1024x777.png\" alt=\"facebook announcement\" \/><\/p>\n<p>Outra importante impacto tamb\u00e9m aconteceu em 2015, quando o Facebook anunciou uma mudan\u00e7a dr\u00e1stica em sua API que <a href=\"https:\/\/tarciziosilva.com.br\/blog\/mudancas-no-monitoramento-de-facebook-prepare-se\/\">afetou diretamente a atividade espec\u00edfica de monitoramento da plataforma<\/a>. Como anunciado pelos textos proferidos nessa \u00e9poca, seria necess\u00e1rio &#8211; quase urgente &#8211; que o mercado, mais uma vez, buscasse alternativas respons\u00e1veis e uma capacita\u00e7\u00e3o ainda mais rigorosa para lidar com esse obst\u00e1culo: \u00e9 tamb\u00e9m nessa \u00e9poca que se proliferam, conforme refletido na edi\u00e7\u00e3o de 2016, cursos de Etnografia e An\u00e1lise de Redes para M\u00eddias Sociais &#8211; que n\u00e3o s\u00e3o mat\u00e9rias recentes, tendo j\u00e1 sido t\u00f3picos de discuss\u00e3o na era anterior, mas agora com maior proje\u00e7\u00e3o e relev\u00e2ncia.<\/p>\n<p>Algumas outras novidades da 6\u00aa edi\u00e7\u00e3o (368 respondentes, mais um recorde), agora conduzida por Ana Claudia Zandavalle, s\u00e3o: o surgimento (e a posterior morte) do Snapchat; o aumento consider\u00e1vel da realiza\u00e7\u00e3o de cursos livres (com 116 cursos e 100 institui\u00e7\u00f5es);\u00a0o surgimento da Stilingue, que viria nos anos seguintes a tomar a coroa do Scup; o crescimento do Gephi, justamente em correla\u00e7\u00e3o com a prolifera\u00e7\u00e3o da disciplina de ARS;\u00a0a presen\u00e7a de refer\u00eancias como Resultados Digitais e Rock Content, empresas mais abrangente de marketing digital que refletem principalmente: 1) a produ\u00e7\u00e3o em massa de conte\u00fado de materiais online, tal qual fizera Scup; e 2) a populariza\u00e7\u00e3o do chamado <a href=\"https:\/\/insightee.com.br\/blog\/leituras-da-semana-as-novas-reacoes-do-facebook-a-grandeza-da-netflix-e-o-futuro-da-tv\/\">&#8220;inbound marketing&#8221;<\/a>, que prop\u00f5e justamente a cria\u00e7\u00e3o de conte\u00fado atraente (e, de certa forma, \u00fateis) ao consumidor.<\/p>\n<p><iframe loading=\"lazy\" src=\"https:\/\/www.slideshare.net\/slideshow\/embed_code\/key\/ur2TUNCeXZFKzL\" width=\"427\" height=\"356\" frameborder=\"0\" marginwidth=\"0\" marginheight=\"0\" scrolling=\"no\" style=\"border:1px solid #CCC; border-width:1px; margin-bottom:5px; max-width: 100%;\" allowfullscreen> <\/iframe> <\/p>\n<div style=\"margin-bottom:5px\"> <strong> <a href=\"https:\/\/www.slideshare.net\/AnaClaudiaZandavalle\/pesquisa-o-profissional-de-inteligncia-de-mdias-sociais-no-brasil-2017-82062681\" title=\"[Pesquisa] O profissional de intelig\u00eancia de m\u00eddias sociais no Brasil (2017)\" target=\"_blank\">[Pesquisa] O profissional de intelig\u00eancia de m\u00eddias sociais no Brasil (2017)<\/a> <\/strong> from <strong><a href=\"https:\/\/www.slideshare.net\/AnaClaudiaZandavalle\" target=\"_blank\">Ana Cl\u00e1udia Zandavalle<\/a><\/strong> <\/div>\n<p>O que temos de 2016 para 2017 s\u00e3o, portanto, algumas notas de amadurecimento do mercado: o sustento\u00a0das fases seguintes \u00e0 gradua\u00e7\u00e3o (especializa\u00e7\u00e3o\/MBA, mestrado e doutorado);\u00a0a consolida\u00e7\u00e3o das disciplinas de Etnografia de An\u00e1lise de Redes, sob o comando principalmente do IBPAD, que tamb\u00e9m lan\u00e7ara um livro colaborativo nessa mesma \u00e9poca com v\u00e1rios autores relevantes; as obras consolidadas de\u00a0Diego Monteiro e Ricardo Azarite, Tarc\u00edzio Silva e colaboradores, Martha Gabriel, Jim Sterne e Raquel Recuero; a coroa\u00e7\u00e3o da Stilingue como l\u00edder do mercado e consequente decad\u00eancia do Scup; a populariza\u00e7\u00e3o do Gephi como fruto do crescimento da ARS; a jun\u00e7\u00e3o agora praticamente indissoci\u00e1vel da disciplina de social ads, com profissionais, grupos, cursos e sites de refer\u00eancia; e, por fim, o tamb\u00e9m crescimento da Resultados Digitais e RD Station.<\/p>\n<p>Eu ainda argumentaria por um fen\u00f4meno que talvez seja um pouco dif\u00edcil de sustentar sem melhor averigua\u00e7\u00e3o dos dados, mas que me parece fazer sentido: h\u00e1, a partir principalmente de 2015 em diante, o surgimento de uma &#8220;nova leva&#8221; de profissionais de &#8220;social media&#8221;.\u00a0Na s\u00e9tima edi\u00e7\u00e3o, tr\u00eas grupos surgem como refer\u00eancia nesse sentido: Entusiastas da Social Media, Entusiastas | Social Media e Escola Social Media; em 2016, apareceu Entusiastas e Profissionais da Social Media; em 2015, Entusiastas e Social Media Brasil (no entanto, aqui o cen\u00e1rio era bem mais plural e, de certa forma, especializado, com grupos espec\u00edficos de cursos, ferramentas e \u00e1reas bem delimitadas como web analytics). Sem contar a nomenclatura &#8220;Social Media&#8221;, que cresceu bastante e se manteve at\u00e9 2018.<\/p>\n<h4>2018- Os desafios<\/h4>\n<p><iframe loading=\"lazy\" src=\"https:\/\/www.slideshare.net\/slideshow\/embed_code\/key\/7LlkTr8X8KPHEO\" width=\"427\" height=\"356\" frameborder=\"0\" marginwidth=\"0\" marginheight=\"0\" scrolling=\"no\" style=\"border:1px solid #CCC; border-width:1px; margin-bottom:5px; max-width: 100%;\" allowfullscreen> <\/iframe> <\/p>\n<div style=\"margin-bottom:5px\"> <strong> <a href=\"https:\/\/www.slideshare.net\/PedroBarreto4\/pesquisa-o-profissional-de-inteligncia-em-mdias-sociais-no-brasil-2018\" title=\"Pesquisa O Profissional de Intelig\u00eancia em M\u00eddias Sociais no Brasil 2018\" target=\"_blank\">Pesquisa O Profissional de Intelig\u00eancia em M\u00eddias Sociais no Brasil 2018<\/a> <\/strong> from <strong><a href=\"https:\/\/www.slideshare.net\/PedroBarreto4\" target=\"_blank\">Pedro Barreto<\/a><\/strong> <\/div>\n<p>A oitava e mais recente edi\u00e7\u00e3o da pesquisa saiu h\u00e1 apenas algumas semanas, agora sob o comando de <a href=\"https:\/\/pt.slideshare.net\/PedroBarreto4\">Pedro Barreto<\/a>. Uma das mais relevantes mudan\u00e7as est\u00e1 no enfoque dado \u00e0 categoria de respondentes que dedicam a maior parte do tempo ao trabalho de intelig\u00eancia, enquanto que todas as \u00faltimas pesquisas consideravam aqueles que trabalhavam &#8220;pelo menos parte do tempo&#8221; com a \u00e1rea &#8211; foi tamb\u00e9m a primeira vez que o cargo focado na \u00e1rea superou a outra op\u00e7\u00e3o, com 29% a 27% de disputa. Essa categoria mais especializada representa 75% dos respondentes, o que reflete um mercado j\u00e1 consolidado e maduro &#8211; com um p\u00fablico mais velho e com maior experi\u00eancia de mercado.<\/p>\n<p>Embora, num primeiro momento, a pesquisa pare\u00e7a n\u00e3o trazer muitas novidades em termos t\u00e9cnicos (de especializa\u00e7\u00e3o, etc.), eu argumentaria que h\u00e1 pelo menos cinco p\u00fablicos diferentes que podem ser identificados nessa \u00faltima pesquisa:<\/p>\n<ol>\n<li>Profissionais de Monitoramento &#8211; s\u00e3o profissionais que j\u00e1 respondem a pesquisa h\u00e1 alguns anos e trabalham (quase) exclusivamente com o monitoramento de m\u00eddias sociais, provavelmente em ag\u00eancias\/empresas de m\u00e9dio-grande porte;<\/li>\n<li>Profissionais de Social\/Web Analytics &#8211; s\u00e3o profissionais que trabalham diretamente com m\u00e9tricas de m\u00eddias sociais e websites, ou seja, cuja rotina di\u00e1ria envolve ferramentas como Facebook Insights, Twitter Analytics, Google Analytics, etc.;<\/li>\n<li>Profissionais de BI &#8211; seria como uma jun\u00e7\u00e3o dos dois profissionais citados acima, com uma vis\u00e3o mais experiente e mais anal\u00edtica de todo o cen\u00e1rio, possivelmente com pontes direta a outros indicadores de neg\u00f3cio (e, consequentemente, esfor\u00e7os de m\u00eddia paga);<\/li>\n<li>Profissionais de Social Media &#8211; s\u00e3o (novos) profissionais que n\u00e3o trabalham necessariamente em ag\u00eancias\/empresas de m\u00e9dio-grande porte, mas que conseguem desenvolver o trabalho com m\u00e9tricas e (talvez) monitoramento de alguma forma em sua rotina, embora seja muito mais comum o di\u00e1logo direto com a disciplina de m\u00eddia para justificativa de ROI;<\/li>\n<li>Pesquisadores &#8211; s\u00e3o profissionais que dialogam entre academia e mercado, tentando unir as realidades de forma proveitosa para ambos os lados &#8211; e que s\u00e3o fruto da vontade de especializa\u00e7\u00e3o do mercado, muitas vezes atravessada pela \u00e1rea de jornalismo e pol\u00edtica.<\/li>\n<\/ol>\n<p>Particularmente, acredito que estamos em um momento cr\u00edtico (por falta de melhor termo, mas sem querer soar apocal\u00edptico, apenas respons\u00e1vel) da \u00e1rea. Cito ao menos dois pontos distintos, mas que &#8220;chacoalharam&#8221; o mercado nos \u00faltimos anos: a nova l\u00f3gica de publiciza\u00e7\u00e3o do conte\u00fado, que resultou na <a href=\"https:\/\/insightee.com.br\/blog\/quais-os-conhecimentos-mais-requisitados-em-vagas-de-midias-sociaisdigital\/\">crescente absurda da \u00e1rea de social ads<\/a> nos \u00faltimos anos e que se entrela\u00e7ou com a \u00e1rea de m\u00e9tricas, j\u00e1 que ambas se preocupam em resultados e otimiza\u00e7\u00e3o; e do outro lado do navio, a <a href=\"https:\/\/www.marceloalves.org\/blog\/novas-modificacoes-na-facebook-graph-api-o-que-muda-para-monitoramento-e-pesquisa\">dificuldade cada vez maior de se trabalhar com dados (p\u00fablicos) de m\u00eddias sociais<\/a>, fruto dos mais recentes esc\u00e2ndalos pol\u00edticos envolvendo principalmente o Facebook &#8211; mas que, na verdade, reflete uma <a href=\"https:\/\/tarciziosilva.com.br\/blog\/por-que-empresas-de-midia-insistem-que-nao-sao-empresas-de-midia-por-que-estao-erradas-e-por-que-isso-importa\/\">l\u00f3gica capitalista por tr\u00e1s de uma suposta justificativa de preocupa\u00e7\u00e3o com dados dos usu\u00e1rios<\/a>.<\/p>\n<p>O futuro, ao meu ver, \u00e9 bastante incerto. Embora &#8220;intelig\u00eancia artificial&#8221; tenha se tornado a buzzword mais queridinha do mercado nos \u00faltimos anos, parece que ningu\u00e9m sabe ao certo do que se trata. Ser\u00e1 que a Etnografia consegue se sustentar no ritmo fren\u00e9tico do mercado de ag\u00eancias? Se for somente a cria\u00e7\u00e3o de bots para relacionamento, n\u00e3o me parece t\u00e3o revolucion\u00e1rio assim. M\u00eddia program\u00e1tica tamb\u00e9m ganhou destaque nos \u00faltimos anos, o que parece comprovar que as empresas n\u00e3o entenderam nada de 2010 para c\u00e1 (dica: ningu\u00e9m gosta de propaganda indesejada). Paralelamente, inbound marketing segue firme e forte, embora o foco esteja sempre na aquisi\u00e7\u00e3o de leads e menos em entender o consumidor.\u00a0Por fim, growth hacking tamb\u00e9m chegou prometendo bastante, mas ser\u00e1 que n\u00e3o \u00e9 mais do mesmo?<\/p>\n<p>O que a hist\u00f3ria nos mostra \u00e9 que a solu\u00e7\u00e3o sempre est\u00e1 na especializa\u00e7\u00e3o: um ponto que eu n\u00e3o citei nos coment\u00e1rios sobre as edi\u00e7\u00f5es \u00e9 o tamb\u00e9m crescente enfoque em ci\u00eancia de dados e \u00e1reas correlatas. Tenho visto nos \u00faltimos anos diversos colegas procurando especializa\u00e7\u00e3o em t\u00e9cnicas mais quantitativas, al\u00e9m de o aprendizado de programa\u00e7\u00e3o para<a href=\"https:\/\/insightee.com.br\/blog\/pesquisa-em-midias-sociais-na-era-pos-api\/\"> superar os obst\u00e1culos das APIs<\/a>. Isso mostra como (pelo menos alguns) profissionais da \u00e1rea de m\u00eddias sociais j\u00e1 n\u00e3o a compreendem como ponto de partida, mas como atravessamento inevit\u00e1vel &#8211; e \u00e9 necess\u00e1rio, portanto, ir muito al\u00e9m das suas limita\u00e7\u00f5es. O monitoramento n\u00e3o vai morrer, o Facebook n\u00e3o vai morrer, a publicidade n\u00e3o vai morrer. Mudan\u00e7as (dr\u00e1sticas, sobretudo nos \u00faltimos anos na sociedade em geral) acontecem, mas a gente se adapta &#8211; e continua estudando.<\/p>\n","protected":false},"excerpt":{"rendered":"<p>O m\u00eas de novembro sempre chega, h\u00e1 pelo menos alguns anos, com bastante expectativa para profissionais que trabalham com monitoramento e m\u00e9tricas (social analytics). Isso porque, al\u00e9m de ser o m\u00eas oficial da Consci\u00eancia Negra (sempre bom lembrar), \u00e9 tamb\u00e9m o m\u00eas n\u00e3o-t\u00e3o-oficial da divulga\u00e7\u00e3o dos resultados da pesquisa &#8220;O profissional de intelig\u00eancia de m\u00eddias [&hellip;]<\/p>\n","protected":false},"author":1,"featured_media":4297,"comment_status":"open","ping_status":"open","sticky":false,"template":"","format":"standard","meta":{"footnotes":""},"categories":[199],"tags":[256,147,258,257],"class_list":["post-4275","post","type-post","status-publish","format-standard","has-post-thumbnail","hentry","category-pesquisas","tag-inteligencia-em-midias-sociais","tag-mercado","tag-metricas-de-midias-sociais","tag-monitoramento-de-midias-sociais"],"yoast_head":"<!-- This site is optimized with the Yoast SEO plugin v27.5 - https:\/\/yoast.com\/product\/yoast-seo-wordpress\/ -->\n<title>Um breve rascunho sobre a hist\u00f3ria da intelig\u00eancia em m\u00eddias sociais &#8211; insightee<\/title>\n<meta name=\"description\" content=\"Como nasceu, consolidou-se e amadureceu a \u00e1rea de monitoramento, m\u00e9tricas e social\/web analytics (intelig\u00eancia) no Brasil. E o que o futuro nos reserva?\" \/>\n<meta name=\"robots\" content=\"index, follow, max-snippet:-1, max-image-preview:large, max-video-preview:-1\" \/>\n<link rel=\"canonical\" href=\"https:\/\/insightee.com.br\/blog\/um-breve-rascunho-sobre-a-historia-da-inteligencia-em-midias-sociais\/\" \/>\n<meta property=\"og:locale\" content=\"pt_BR\" \/>\n<meta property=\"og:type\" content=\"article\" \/>\n<meta property=\"og:title\" content=\"Um breve rascunho sobre a hist\u00f3ria da intelig\u00eancia em m\u00eddias sociais &#8211; insightee\" \/>\n<meta property=\"og:description\" content=\"Como nasceu, consolidou-se e amadureceu a \u00e1rea de monitoramento, m\u00e9tricas e social\/web analytics (intelig\u00eancia) no Brasil. E o que o futuro nos reserva?\" \/>\n<meta property=\"og:url\" content=\"https:\/\/insightee.com.br\/blog\/um-breve-rascunho-sobre-a-historia-da-inteligencia-em-midias-sociais\/\" \/>\n<meta property=\"og:site_name\" content=\"insightee\" \/>\n<meta property=\"article:publisher\" content=\"https:\/\/www.facebook.com\/pedrormeirelles\" \/>\n<meta property=\"article:author\" content=\"https:\/\/www.facebook.com\/pedrormeirelles\" \/>\n<meta property=\"article:published_time\" content=\"2018-12-05T11:41:00+00:00\" \/>\n<meta property=\"article:modified_time\" content=\"2019-05-21T19:15:37+00:00\" \/>\n<meta property=\"og:image\" content=\"https:\/\/insightee.com.br\/blog\/wp-content\/uploads\/2018\/12\/imgix-404361-unsplash-1024x683.jpg\" \/>\n\t<meta property=\"og:image:width\" content=\"1024\" \/>\n\t<meta property=\"og:image:height\" content=\"683\" \/>\n\t<meta property=\"og:image:type\" content=\"image\/jpeg\" \/>\n<meta name=\"author\" content=\"Pedro Meirelles\" \/>\n<meta name=\"twitter:card\" content=\"summary_large_image\" \/>\n<meta name=\"twitter:creator\" content=\"@https:\/\/twitter.com\/peumeirelles\" \/>\n<meta name=\"twitter:site\" content=\"@peumeirelles\" \/>\n<meta name=\"twitter:label1\" content=\"Escrito por\" \/>\n\t<meta name=\"twitter:data1\" content=\"Pedro Meirelles\" \/>\n\t<meta name=\"twitter:label2\" content=\"Est. tempo de leitura\" \/>\n\t<meta name=\"twitter:data2\" content=\"24 minutos\" \/>\n<script type=\"application\/ld+json\" class=\"yoast-schema-graph\">{\"@context\":\"https:\\\/\\\/schema.org\",\"@graph\":[{\"@type\":\"Article\",\"@id\":\"https:\\\/\\\/insightee.com.br\\\/blog\\\/um-breve-rascunho-sobre-a-historia-da-inteligencia-em-midias-sociais\\\/#article\",\"isPartOf\":{\"@id\":\"https:\\\/\\\/insightee.com.br\\\/blog\\\/um-breve-rascunho-sobre-a-historia-da-inteligencia-em-midias-sociais\\\/\"},\"author\":{\"name\":\"Pedro Meirelles\",\"@id\":\"https:\\\/\\\/insightee.com.br\\\/blog\\\/#\\\/schema\\\/person\\\/25bb944f37e66a0298f607979c5b0a22\"},\"headline\":\"Um breve rascunho sobre a hist\u00f3ria da intelig\u00eancia em m\u00eddias sociais\",\"datePublished\":\"2018-12-05T11:41:00+00:00\",\"dateModified\":\"2019-05-21T19:15:37+00:00\",\"mainEntityOfPage\":{\"@id\":\"https:\\\/\\\/insightee.com.br\\\/blog\\\/um-breve-rascunho-sobre-a-historia-da-inteligencia-em-midias-sociais\\\/\"},\"wordCount\":4740,\"commentCount\":1,\"image\":{\"@id\":\"https:\\\/\\\/insightee.com.br\\\/blog\\\/um-breve-rascunho-sobre-a-historia-da-inteligencia-em-midias-sociais\\\/#primaryimage\"},\"thumbnailUrl\":\"https:\\\/\\\/insightee.com.br\\\/blog\\\/wp-content\\\/uploads\\\/2018\\\/12\\\/imgix-404361-unsplash.jpg\",\"keywords\":[\"intelig\u00eancia em m\u00eddias sociais\",\"mercado\",\"m\u00e9tricas de m\u00eddias sociais\",\"monitoramento de m\u00eddias sociais\"],\"articleSection\":[\"Pesquisas\"],\"inLanguage\":\"pt-BR\",\"potentialAction\":[{\"@type\":\"CommentAction\",\"name\":\"Comment\",\"target\":[\"https:\\\/\\\/insightee.com.br\\\/blog\\\/um-breve-rascunho-sobre-a-historia-da-inteligencia-em-midias-sociais\\\/#respond\"]}]},{\"@type\":\"WebPage\",\"@id\":\"https:\\\/\\\/insightee.com.br\\\/blog\\\/um-breve-rascunho-sobre-a-historia-da-inteligencia-em-midias-sociais\\\/\",\"url\":\"https:\\\/\\\/insightee.com.br\\\/blog\\\/um-breve-rascunho-sobre-a-historia-da-inteligencia-em-midias-sociais\\\/\",\"name\":\"Um breve rascunho sobre a hist\u00f3ria da intelig\u00eancia em m\u00eddias sociais &#8211; insightee\",\"isPartOf\":{\"@id\":\"https:\\\/\\\/insightee.com.br\\\/blog\\\/#website\"},\"primaryImageOfPage\":{\"@id\":\"https:\\\/\\\/insightee.com.br\\\/blog\\\/um-breve-rascunho-sobre-a-historia-da-inteligencia-em-midias-sociais\\\/#primaryimage\"},\"image\":{\"@id\":\"https:\\\/\\\/insightee.com.br\\\/blog\\\/um-breve-rascunho-sobre-a-historia-da-inteligencia-em-midias-sociais\\\/#primaryimage\"},\"thumbnailUrl\":\"https:\\\/\\\/insightee.com.br\\\/blog\\\/wp-content\\\/uploads\\\/2018\\\/12\\\/imgix-404361-unsplash.jpg\",\"datePublished\":\"2018-12-05T11:41:00+00:00\",\"dateModified\":\"2019-05-21T19:15:37+00:00\",\"author\":{\"@id\":\"https:\\\/\\\/insightee.com.br\\\/blog\\\/#\\\/schema\\\/person\\\/25bb944f37e66a0298f607979c5b0a22\"},\"description\":\"Como nasceu, consolidou-se e amadureceu a \u00e1rea de monitoramento, m\u00e9tricas e social\\\/web analytics (intelig\u00eancia) no Brasil. E o que o futuro nos reserva?\",\"breadcrumb\":{\"@id\":\"https:\\\/\\\/insightee.com.br\\\/blog\\\/um-breve-rascunho-sobre-a-historia-da-inteligencia-em-midias-sociais\\\/#breadcrumb\"},\"inLanguage\":\"pt-BR\",\"potentialAction\":[{\"@type\":\"ReadAction\",\"target\":[\"https:\\\/\\\/insightee.com.br\\\/blog\\\/um-breve-rascunho-sobre-a-historia-da-inteligencia-em-midias-sociais\\\/\"]}]},{\"@type\":\"ImageObject\",\"inLanguage\":\"pt-BR\",\"@id\":\"https:\\\/\\\/insightee.com.br\\\/blog\\\/um-breve-rascunho-sobre-a-historia-da-inteligencia-em-midias-sociais\\\/#primaryimage\",\"url\":\"https:\\\/\\\/insightee.com.br\\\/blog\\\/wp-content\\\/uploads\\\/2018\\\/12\\\/imgix-404361-unsplash.jpg\",\"contentUrl\":\"https:\\\/\\\/insightee.com.br\\\/blog\\\/wp-content\\\/uploads\\\/2018\\\/12\\\/imgix-404361-unsplash.jpg\",\"width\":4592,\"height\":3064},{\"@type\":\"BreadcrumbList\",\"@id\":\"https:\\\/\\\/insightee.com.br\\\/blog\\\/um-breve-rascunho-sobre-a-historia-da-inteligencia-em-midias-sociais\\\/#breadcrumb\",\"itemListElement\":[{\"@type\":\"ListItem\",\"position\":1,\"name\":\"In\u00edcio\",\"item\":\"https:\\\/\\\/insightee.com.br\\\/blog\\\/\"},{\"@type\":\"ListItem\",\"position\":2,\"name\":\"Um breve rascunho sobre a hist\u00f3ria da intelig\u00eancia em m\u00eddias sociais\"}]},{\"@type\":\"WebSite\",\"@id\":\"https:\\\/\\\/insightee.com.br\\\/blog\\\/#website\",\"url\":\"https:\\\/\\\/insightee.com.br\\\/blog\\\/\",\"name\":\"insightee\",\"description\":\"\u00e0 procura do insight perfeito\",\"potentialAction\":[{\"@type\":\"SearchAction\",\"target\":{\"@type\":\"EntryPoint\",\"urlTemplate\":\"https:\\\/\\\/insightee.com.br\\\/blog\\\/?s={search_term_string}\"},\"query-input\":{\"@type\":\"PropertyValueSpecification\",\"valueRequired\":true,\"valueName\":\"search_term_string\"}}],\"inLanguage\":\"pt-BR\"},{\"@type\":\"Person\",\"@id\":\"https:\\\/\\\/insightee.com.br\\\/blog\\\/#\\\/schema\\\/person\\\/25bb944f37e66a0298f607979c5b0a22\",\"name\":\"Pedro Meirelles\",\"image\":{\"@type\":\"ImageObject\",\"inLanguage\":\"pt-BR\",\"@id\":\"https:\\\/\\\/secure.gravatar.com\\\/avatar\\\/65e627ac6c71e8afcd40409c252c043555caf5da4f58ba46ab903227744c24fd?s=96&d=mm&r=g\",\"url\":\"https:\\\/\\\/secure.gravatar.com\\\/avatar\\\/65e627ac6c71e8afcd40409c252c043555caf5da4f58ba46ab903227744c24fd?s=96&d=mm&r=g\",\"contentUrl\":\"https:\\\/\\\/secure.gravatar.com\\\/avatar\\\/65e627ac6c71e8afcd40409c252c043555caf5da4f58ba46ab903227744c24fd?s=96&d=mm&r=g\",\"caption\":\"Pedro Meirelles\"},\"description\":\"Mestrando em Cultura e Territorialidades pela Universidade Federal Fluminense, formado em Estudos de M\u00eddia pela mesma institui\u00e7\u00e3o. Interessado em pesquisa digital, m\u00e9todos digitais, an\u00e1lise de dados, cultura, sociedade e Nordeste. Pesquisador no Instituto Brasileiro de Pesquisa e An\u00e1lise de Dados. (+)\",\"sameAs\":[\"https:\\\/\\\/www.facebook.com\\\/pedrormeirelles\",\"http:\\\/\\\/instagram.com\\\/seekpedro\",\"https:\\\/\\\/www.linkedin.com\\\/in\\\/meirellespedro\",\"https:\\\/\\\/x.com\\\/https:\\\/\\\/twitter.com\\\/peumeirelles\"],\"url\":\"https:\\\/\\\/insightee.com.br\\\/blog\\\/author\\\/pedro-meirelles\\\/\"}]}<\/script>\n<!-- \/ Yoast SEO plugin. -->","yoast_head_json":{"title":"Um breve rascunho sobre a hist\u00f3ria da intelig\u00eancia em m\u00eddias sociais &#8211; insightee","description":"Como nasceu, consolidou-se e amadureceu a \u00e1rea de monitoramento, m\u00e9tricas e social\/web analytics (intelig\u00eancia) no Brasil. E o que o futuro nos reserva?","robots":{"index":"index","follow":"follow","max-snippet":"max-snippet:-1","max-image-preview":"max-image-preview:large","max-video-preview":"max-video-preview:-1"},"canonical":"https:\/\/insightee.com.br\/blog\/um-breve-rascunho-sobre-a-historia-da-inteligencia-em-midias-sociais\/","og_locale":"pt_BR","og_type":"article","og_title":"Um breve rascunho sobre a hist\u00f3ria da intelig\u00eancia em m\u00eddias sociais &#8211; insightee","og_description":"Como nasceu, consolidou-se e amadureceu a \u00e1rea de monitoramento, m\u00e9tricas e social\/web analytics (intelig\u00eancia) no Brasil. E o que o futuro nos reserva?","og_url":"https:\/\/insightee.com.br\/blog\/um-breve-rascunho-sobre-a-historia-da-inteligencia-em-midias-sociais\/","og_site_name":"insightee","article_publisher":"https:\/\/www.facebook.com\/pedrormeirelles","article_author":"https:\/\/www.facebook.com\/pedrormeirelles","article_published_time":"2018-12-05T11:41:00+00:00","article_modified_time":"2019-05-21T19:15:37+00:00","og_image":[{"width":1024,"height":683,"url":"https:\/\/insightee.com.br\/blog\/wp-content\/uploads\/2018\/12\/imgix-404361-unsplash-1024x683.jpg","type":"image\/jpeg"}],"author":"Pedro Meirelles","twitter_card":"summary_large_image","twitter_creator":"@https:\/\/twitter.com\/peumeirelles","twitter_site":"@peumeirelles","twitter_misc":{"Escrito por":"Pedro Meirelles","Est. tempo de leitura":"24 minutos"},"schema":{"@context":"https:\/\/schema.org","@graph":[{"@type":"Article","@id":"https:\/\/insightee.com.br\/blog\/um-breve-rascunho-sobre-a-historia-da-inteligencia-em-midias-sociais\/#article","isPartOf":{"@id":"https:\/\/insightee.com.br\/blog\/um-breve-rascunho-sobre-a-historia-da-inteligencia-em-midias-sociais\/"},"author":{"name":"Pedro Meirelles","@id":"https:\/\/insightee.com.br\/blog\/#\/schema\/person\/25bb944f37e66a0298f607979c5b0a22"},"headline":"Um breve rascunho sobre a hist\u00f3ria da intelig\u00eancia em m\u00eddias sociais","datePublished":"2018-12-05T11:41:00+00:00","dateModified":"2019-05-21T19:15:37+00:00","mainEntityOfPage":{"@id":"https:\/\/insightee.com.br\/blog\/um-breve-rascunho-sobre-a-historia-da-inteligencia-em-midias-sociais\/"},"wordCount":4740,"commentCount":1,"image":{"@id":"https:\/\/insightee.com.br\/blog\/um-breve-rascunho-sobre-a-historia-da-inteligencia-em-midias-sociais\/#primaryimage"},"thumbnailUrl":"https:\/\/insightee.com.br\/blog\/wp-content\/uploads\/2018\/12\/imgix-404361-unsplash.jpg","keywords":["intelig\u00eancia em m\u00eddias sociais","mercado","m\u00e9tricas de m\u00eddias sociais","monitoramento de m\u00eddias sociais"],"articleSection":["Pesquisas"],"inLanguage":"pt-BR","potentialAction":[{"@type":"CommentAction","name":"Comment","target":["https:\/\/insightee.com.br\/blog\/um-breve-rascunho-sobre-a-historia-da-inteligencia-em-midias-sociais\/#respond"]}]},{"@type":"WebPage","@id":"https:\/\/insightee.com.br\/blog\/um-breve-rascunho-sobre-a-historia-da-inteligencia-em-midias-sociais\/","url":"https:\/\/insightee.com.br\/blog\/um-breve-rascunho-sobre-a-historia-da-inteligencia-em-midias-sociais\/","name":"Um breve rascunho sobre a hist\u00f3ria da intelig\u00eancia em m\u00eddias sociais &#8211; insightee","isPartOf":{"@id":"https:\/\/insightee.com.br\/blog\/#website"},"primaryImageOfPage":{"@id":"https:\/\/insightee.com.br\/blog\/um-breve-rascunho-sobre-a-historia-da-inteligencia-em-midias-sociais\/#primaryimage"},"image":{"@id":"https:\/\/insightee.com.br\/blog\/um-breve-rascunho-sobre-a-historia-da-inteligencia-em-midias-sociais\/#primaryimage"},"thumbnailUrl":"https:\/\/insightee.com.br\/blog\/wp-content\/uploads\/2018\/12\/imgix-404361-unsplash.jpg","datePublished":"2018-12-05T11:41:00+00:00","dateModified":"2019-05-21T19:15:37+00:00","author":{"@id":"https:\/\/insightee.com.br\/blog\/#\/schema\/person\/25bb944f37e66a0298f607979c5b0a22"},"description":"Como nasceu, consolidou-se e amadureceu a \u00e1rea de monitoramento, m\u00e9tricas e social\/web analytics (intelig\u00eancia) no Brasil. E o que o futuro nos reserva?","breadcrumb":{"@id":"https:\/\/insightee.com.br\/blog\/um-breve-rascunho-sobre-a-historia-da-inteligencia-em-midias-sociais\/#breadcrumb"},"inLanguage":"pt-BR","potentialAction":[{"@type":"ReadAction","target":["https:\/\/insightee.com.br\/blog\/um-breve-rascunho-sobre-a-historia-da-inteligencia-em-midias-sociais\/"]}]},{"@type":"ImageObject","inLanguage":"pt-BR","@id":"https:\/\/insightee.com.br\/blog\/um-breve-rascunho-sobre-a-historia-da-inteligencia-em-midias-sociais\/#primaryimage","url":"https:\/\/insightee.com.br\/blog\/wp-content\/uploads\/2018\/12\/imgix-404361-unsplash.jpg","contentUrl":"https:\/\/insightee.com.br\/blog\/wp-content\/uploads\/2018\/12\/imgix-404361-unsplash.jpg","width":4592,"height":3064},{"@type":"BreadcrumbList","@id":"https:\/\/insightee.com.br\/blog\/um-breve-rascunho-sobre-a-historia-da-inteligencia-em-midias-sociais\/#breadcrumb","itemListElement":[{"@type":"ListItem","position":1,"name":"In\u00edcio","item":"https:\/\/insightee.com.br\/blog\/"},{"@type":"ListItem","position":2,"name":"Um breve rascunho sobre a hist\u00f3ria da intelig\u00eancia em m\u00eddias sociais"}]},{"@type":"WebSite","@id":"https:\/\/insightee.com.br\/blog\/#website","url":"https:\/\/insightee.com.br\/blog\/","name":"insightee","description":"\u00e0 procura do insight perfeito","potentialAction":[{"@type":"SearchAction","target":{"@type":"EntryPoint","urlTemplate":"https:\/\/insightee.com.br\/blog\/?s={search_term_string}"},"query-input":{"@type":"PropertyValueSpecification","valueRequired":true,"valueName":"search_term_string"}}],"inLanguage":"pt-BR"},{"@type":"Person","@id":"https:\/\/insightee.com.br\/blog\/#\/schema\/person\/25bb944f37e66a0298f607979c5b0a22","name":"Pedro Meirelles","image":{"@type":"ImageObject","inLanguage":"pt-BR","@id":"https:\/\/secure.gravatar.com\/avatar\/65e627ac6c71e8afcd40409c252c043555caf5da4f58ba46ab903227744c24fd?s=96&d=mm&r=g","url":"https:\/\/secure.gravatar.com\/avatar\/65e627ac6c71e8afcd40409c252c043555caf5da4f58ba46ab903227744c24fd?s=96&d=mm&r=g","contentUrl":"https:\/\/secure.gravatar.com\/avatar\/65e627ac6c71e8afcd40409c252c043555caf5da4f58ba46ab903227744c24fd?s=96&d=mm&r=g","caption":"Pedro Meirelles"},"description":"Mestrando em Cultura e Territorialidades pela Universidade Federal Fluminense, formado em Estudos de M\u00eddia pela mesma institui\u00e7\u00e3o. Interessado em pesquisa digital, m\u00e9todos digitais, an\u00e1lise de dados, cultura, sociedade e Nordeste. Pesquisador no Instituto Brasileiro de Pesquisa e An\u00e1lise de Dados. (+)","sameAs":["https:\/\/www.facebook.com\/pedrormeirelles","http:\/\/instagram.com\/seekpedro","https:\/\/www.linkedin.com\/in\/meirellespedro","https:\/\/x.com\/https:\/\/twitter.com\/peumeirelles"],"url":"https:\/\/insightee.com.br\/blog\/author\/pedro-meirelles\/"}]}},"views":16247,"_links":{"self":[{"href":"https:\/\/insightee.com.br\/blog\/wp-json\/wp\/v2\/posts\/4275","targetHints":{"allow":["GET"]}}],"collection":[{"href":"https:\/\/insightee.com.br\/blog\/wp-json\/wp\/v2\/posts"}],"about":[{"href":"https:\/\/insightee.com.br\/blog\/wp-json\/wp\/v2\/types\/post"}],"author":[{"embeddable":true,"href":"https:\/\/insightee.com.br\/blog\/wp-json\/wp\/v2\/users\/1"}],"replies":[{"embeddable":true,"href":"https:\/\/insightee.com.br\/blog\/wp-json\/wp\/v2\/comments?post=4275"}],"version-history":[{"count":12,"href":"https:\/\/insightee.com.br\/blog\/wp-json\/wp\/v2\/posts\/4275\/revisions"}],"predecessor-version":[{"id":4296,"href":"https:\/\/insightee.com.br\/blog\/wp-json\/wp\/v2\/posts\/4275\/revisions\/4296"}],"wp:featuredmedia":[{"embeddable":true,"href":"https:\/\/insightee.com.br\/blog\/wp-json\/wp\/v2\/media\/4297"}],"wp:attachment":[{"href":"https:\/\/insightee.com.br\/blog\/wp-json\/wp\/v2\/media?parent=4275"}],"wp:term":[{"taxonomy":"category","embeddable":true,"href":"https:\/\/insightee.com.br\/blog\/wp-json\/wp\/v2\/categories?post=4275"},{"taxonomy":"post_tag","embeddable":true,"href":"https:\/\/insightee.com.br\/blog\/wp-json\/wp\/v2\/tags?post=4275"}],"curies":[{"name":"wp","href":"https:\/\/api.w.org\/{rel}","templated":true}]}}