{"id":411,"date":"2015-09-18T11:15:33","date_gmt":"2015-09-18T11:15:33","guid":{"rendered":"https:\/\/estudandosocialmedia.wordpress.com\/?p=411"},"modified":"2015-09-18T11:15:33","modified_gmt":"2015-09-18T11:15:33","slug":"questao-de-opiniao-o-desafio-do-digital-e-a-profissao-estagiario","status":"publish","type":"post","link":"https:\/\/insightee.com.br\/blog\/questao-de-opiniao-o-desafio-do-digital-e-a-profissao-estagiario\/","title":{"rendered":"Quest\u00e3o de opini\u00e3o: O desafio do digital e a profiss\u00e3o estagi\u00e1rio"},"content":{"rendered":"<p>Enquanto escrevo esse post, ainda n\u00e3o sei se deveria faz\u00ea-lo. N\u00e3o porque n\u00e3o ache que tenha raz\u00e3o de falar o que quero falar, mas por n\u00e3o ter muita experi\u00eancia (ou autoridade) para falar sobre isso &#8211; mesmo lendo, pesquisando e estudando h\u00e1 um tempo. No entanto, devido \u00e0s circunst\u00e2ncias pessoais &#8211; v\u00e1rios acontecimentos na semana coincidiram de me motivar a escrever sobre isso -, acho necess\u00e1rio falar para tirar esse peso de mim: muitas empresas ainda n\u00e3o entenderam o digital, e quem sofre \u00e9 quem est\u00e1 come\u00e7ando agora.<\/p>\n<p>Comecei a enviar curr\u00edculos na metade do primeiro semestre deste ano. Desde ent\u00e3o, participei de quase 10 entrevistas (estagiei por tr\u00eas meses numa ag\u00eancia). Mas antes mesmo do processo da entrevista em si, \u00e9 poss\u00edvel perceber que grande parte das pr\u00f3prias ag\u00eancias ainda n\u00e3o compreenderam como funciona a presen\u00e7a online das marcas. \u00c9 muito comum se deparar com an\u00fancios de vagas de est\u00e1gio que listam as atividades como: 1) cria\u00e7\u00e3o de textos e imagens para as redes sociais; 2) fazer publica\u00e7\u00f5es no Facebook, Twitter, Instagram, Pinterest e LinkedIn; 3) SAC &#8211; &#8220;responder aos coment\u00e1rios e inbox&#8221;; 4) monitorar o engajamento e intera\u00e7\u00e3o dos seguidores; 5) an\u00e1lise de m\u00e9tricas\/dados; 5) criar posts para o blog da ag\u00eancia ou das marcas clientes.<\/p>\n<p>Qualquer estudante pode comprovar essa lista e muitos profissionais que trabalham em (certas) ag\u00eancias podem tamb\u00e9m &#8211; afinal, s\u00e3o eles que pedem isso tudo. Destrinchando: o <strong>ESTAGI\u00c1RIO<\/strong> (!) precisa ser redator (para criar os textos), designer (para criar e adaptar as imagens nas diferentes plataformas), community manager (para gerenciar as redes sociais), atendente (para responder e se relacionar com os usu\u00e1rios); analista de monitoramento (para observar o que os usu\u00e1rios est\u00e3o falando), analista de m\u00e9tricas (para exportar os dados, produzir an\u00e1lises e relat\u00f3rios) e jornalista (para criar textos para blogs).\u00a0Mas, pior do que exigir (tantas) diferentes fun\u00e7\u00f5es de um mesmo profissional (nem sei se estagi\u00e1rio \u00e9 profissional ainda), \u00e9 pensar que o digital pode ser feito de qualquer jeito.<\/p>\n<p>Um post no Facebook precisa de tanta aten\u00e7\u00e3o de diversas \u00e1reas quanto um an\u00fancio de outdoor numa esta\u00e7\u00e3o de metr\u00f4 &#8211; a diferen\u00e7a \u00e9 que o primeiro provavelmente vai ser mais barato, \u00e9 pass\u00edvel de mensura\u00e7\u00e3o em tempo real e pode trazer mais resultados concretos. Mas parece que as empresas s\u00f3 veem o fato de ser menos custoso e acham que, por isso, merece menos aten\u00e7\u00e3o. Contratar um estagi\u00e1rio para &#8220;tocar uma p\u00e1gina no Facebook&#8221; \u00e9 a mesma coisa de pedir para um sobrinho fazer o site da empresa. O digital tamb\u00e9m merece &#8211; e precisa &#8211; de planejamento, an\u00e1lise, produ\u00e7\u00e3o qualificada, profissionais de excel\u00eancia. N\u00e3o \u00e9 s\u00f3 fazer um post por dia na p\u00e1gina, replicar o conte\u00fado nas outras plataformas, receber (cada vez menos) likes e achar que t\u00e1 ok &#8211; isso \u00e9 perda de recursos, tempo e dinheiro.<\/p>\n<p>Eu entendo que isso n\u00e3o \u00e9 um mal &#8220;contra&#8221; os estagi\u00e1rios, \u00e9 um problema da \u00e1rea que ainda precisa amadurecer muito. Mas como os estagi\u00e1rios est\u00e3o na base de toda a hierarquia, eles que (geralmente) acabam sofrendo com a m\u00e1 organiza\u00e7\u00e3o de todo o escopo de trabalho &#8211; que precisa ser dado mais aten\u00e7\u00e3o. A presen\u00e7a digital \u00e9 uma vertente da estrat\u00e9gia de comunica\u00e7\u00e3o de um neg\u00f3cio e precisa ter um prop\u00f3sito, n\u00e3o adianta estar por estar. Talvez (algum)as empresas ainda precisem se reorganizar para ent\u00e3o contratar estagi\u00e1rios para <strong>auxiliar<\/strong> numa atividade espec\u00edfica. Afinal, <a href=\"https:\/\/www.facebook.com\/CSJToficial\/photos\/pb.216339151715449.-2207520000.1442521988.\/1164180116931343\/?type=3&amp;src=https%3A%2F%2Fscontent-mia1-1.xx.fbcdn.net%2Fhphotos-xtp1%2Fv%2Ft1.0-9%2F11218054_1164180116931343_5552264919015716178_n.png%3Foh%3D8d5b7a53588efd89dcac697584158ea5%26oe%3D56ABEE91&amp;size=960%2C960&amp;fbid=1164180116931343\" target=\"_blank\">estagi\u00e1rio entra para aprender<\/a>, n\u00e3o para &#8220;tocar&#8221; um projeto t\u00e3o importante sozinho.<\/p>\n","protected":false},"excerpt":{"rendered":"<p>Eu ainda sou muito novo e inexperiente para falar o que \u00e9 certo ou o que \u00e9 errado. No entanto, a partir de leituras de profissionais importantes do mercado, tenho aprendido um pouco do trabalho de marketing digital. Por isso, compreendo que este n\u00e3o deve ser menosprezado, mas, pelo contr\u00e1rio, \u00e9 preciso ser desenvolvido por profissionais competentes e de excel\u00eancia que apresentem resultados pr\u00e1ticos sobre ele.<\/p>\n","protected":false},"author":1,"featured_media":412,"comment_status":"open","ping_status":"open","sticky":false,"template":"","format":"aside","meta":{"footnotes":""},"categories":[10],"tags":[42,75],"class_list":["post-411","post","type-post","status-publish","format-aside","has-post-thumbnail","hentry","category-opiniao","tag-estagio","tag-profissionais-de-social-media","post_format-post-format-aside"],"yoast_head":"<!-- This site is optimized with the Yoast SEO plugin v27.5 - https:\/\/yoast.com\/product\/yoast-seo-wordpress\/ -->\n<title>Quest\u00e3o de opini\u00e3o: O desafio do digital e a profiss\u00e3o estagi\u00e1rio &#8211; insightee<\/title>\n<meta name=\"robots\" content=\"index, follow, max-snippet:-1, max-image-preview:large, max-video-preview:-1\" \/>\n<link rel=\"canonical\" href=\"https:\/\/insightee.com.br\/blog\/questao-de-opiniao-o-desafio-do-digital-e-a-profissao-estagiario\/\" \/>\n<meta property=\"og:locale\" content=\"pt_BR\" \/>\n<meta property=\"og:type\" content=\"article\" \/>\n<meta property=\"og:title\" content=\"Quest\u00e3o de opini\u00e3o: O desafio do digital e a profiss\u00e3o estagi\u00e1rio &#8211; insightee\" \/>\n<meta property=\"og:description\" content=\"Eu ainda sou muito novo e inexperiente para falar o que \u00e9 certo ou o que \u00e9 errado. No entanto, a partir de leituras de profissionais importantes do mercado, tenho aprendido um pouco do trabalho de marketing digital. Por isso, compreendo que este n\u00e3o deve ser menosprezado, mas, pelo contr\u00e1rio, \u00e9 preciso ser desenvolvido por profissionais competentes e de excel\u00eancia que apresentem resultados pr\u00e1ticos sobre ele.\" \/>\n<meta property=\"og:url\" content=\"https:\/\/insightee.com.br\/blog\/questao-de-opiniao-o-desafio-do-digital-e-a-profissao-estagiario\/\" \/>\n<meta property=\"og:site_name\" content=\"insightee\" \/>\n<meta property=\"article:publisher\" content=\"https:\/\/www.facebook.com\/pedrormeirelles\" \/>\n<meta property=\"article:author\" content=\"https:\/\/www.facebook.com\/pedrormeirelles\" \/>\n<meta property=\"article:published_time\" content=\"2015-09-18T11:15:33+00:00\" \/>\n<meta property=\"og:image\" content=\"https:\/\/insightee.com.br\/blog\/wp-content\/uploads\/2015\/09\/banner-estagio.jpg\" \/>\n\t<meta property=\"og:image:width\" content=\"810\" \/>\n\t<meta property=\"og:image:height\" content=\"360\" \/>\n\t<meta property=\"og:image:type\" content=\"image\/jpeg\" \/>\n<meta name=\"author\" content=\"Pedro Meirelles\" \/>\n<meta name=\"twitter:card\" content=\"summary_large_image\" \/>\n<meta name=\"twitter:creator\" content=\"@https:\/\/twitter.com\/peumeirelles\" \/>\n<meta name=\"twitter:site\" content=\"@peumeirelles\" \/>\n<meta name=\"twitter:label1\" content=\"Escrito por\" \/>\n\t<meta name=\"twitter:data1\" content=\"Pedro Meirelles\" \/>\n\t<meta name=\"twitter:label2\" content=\"Est. tempo de leitura\" \/>\n\t<meta name=\"twitter:data2\" content=\"3 minutos\" \/>\n<script type=\"application\/ld+json\" class=\"yoast-schema-graph\">{\"@context\":\"https:\\\/\\\/schema.org\",\"@graph\":[{\"@type\":\"Article\",\"@id\":\"https:\\\/\\\/insightee.com.br\\\/blog\\\/questao-de-opiniao-o-desafio-do-digital-e-a-profissao-estagiario\\\/#article\",\"isPartOf\":{\"@id\":\"https:\\\/\\\/insightee.com.br\\\/blog\\\/questao-de-opiniao-o-desafio-do-digital-e-a-profissao-estagiario\\\/\"},\"author\":{\"name\":\"Pedro Meirelles\",\"@id\":\"https:\\\/\\\/insightee.com.br\\\/blog\\\/#\\\/schema\\\/person\\\/25bb944f37e66a0298f607979c5b0a22\"},\"headline\":\"Quest\u00e3o de opini\u00e3o: O desafio do digital e a profiss\u00e3o estagi\u00e1rio\",\"datePublished\":\"2015-09-18T11:15:33+00:00\",\"mainEntityOfPage\":{\"@id\":\"https:\\\/\\\/insightee.com.br\\\/blog\\\/questao-de-opiniao-o-desafio-do-digital-e-a-profissao-estagiario\\\/\"},\"wordCount\":646,\"commentCount\":0,\"image\":{\"@id\":\"https:\\\/\\\/insightee.com.br\\\/blog\\\/questao-de-opiniao-o-desafio-do-digital-e-a-profissao-estagiario\\\/#primaryimage\"},\"thumbnailUrl\":\"https:\\\/\\\/insightee.com.br\\\/blog\\\/wp-content\\\/uploads\\\/2015\\\/09\\\/banner-estagio.jpg\",\"keywords\":[\"est\u00e1gio\",\"profissionais de social media\"],\"articleSection\":[\"Opini\u00e3o\"],\"inLanguage\":\"pt-BR\",\"potentialAction\":[{\"@type\":\"CommentAction\",\"name\":\"Comment\",\"target\":[\"https:\\\/\\\/insightee.com.br\\\/blog\\\/questao-de-opiniao-o-desafio-do-digital-e-a-profissao-estagiario\\\/#respond\"]}]},{\"@type\":\"WebPage\",\"@id\":\"https:\\\/\\\/insightee.com.br\\\/blog\\\/questao-de-opiniao-o-desafio-do-digital-e-a-profissao-estagiario\\\/\",\"url\":\"https:\\\/\\\/insightee.com.br\\\/blog\\\/questao-de-opiniao-o-desafio-do-digital-e-a-profissao-estagiario\\\/\",\"name\":\"Quest\u00e3o de opini\u00e3o: O desafio do digital e a profiss\u00e3o estagi\u00e1rio &#8211; insightee\",\"isPartOf\":{\"@id\":\"https:\\\/\\\/insightee.com.br\\\/blog\\\/#website\"},\"primaryImageOfPage\":{\"@id\":\"https:\\\/\\\/insightee.com.br\\\/blog\\\/questao-de-opiniao-o-desafio-do-digital-e-a-profissao-estagiario\\\/#primaryimage\"},\"image\":{\"@id\":\"https:\\\/\\\/insightee.com.br\\\/blog\\\/questao-de-opiniao-o-desafio-do-digital-e-a-profissao-estagiario\\\/#primaryimage\"},\"thumbnailUrl\":\"https:\\\/\\\/insightee.com.br\\\/blog\\\/wp-content\\\/uploads\\\/2015\\\/09\\\/banner-estagio.jpg\",\"datePublished\":\"2015-09-18T11:15:33+00:00\",\"author\":{\"@id\":\"https:\\\/\\\/insightee.com.br\\\/blog\\\/#\\\/schema\\\/person\\\/25bb944f37e66a0298f607979c5b0a22\"},\"breadcrumb\":{\"@id\":\"https:\\\/\\\/insightee.com.br\\\/blog\\\/questao-de-opiniao-o-desafio-do-digital-e-a-profissao-estagiario\\\/#breadcrumb\"},\"inLanguage\":\"pt-BR\",\"potentialAction\":[{\"@type\":\"ReadAction\",\"target\":[\"https:\\\/\\\/insightee.com.br\\\/blog\\\/questao-de-opiniao-o-desafio-do-digital-e-a-profissao-estagiario\\\/\"]}]},{\"@type\":\"ImageObject\",\"inLanguage\":\"pt-BR\",\"@id\":\"https:\\\/\\\/insightee.com.br\\\/blog\\\/questao-de-opiniao-o-desafio-do-digital-e-a-profissao-estagiario\\\/#primaryimage\",\"url\":\"https:\\\/\\\/insightee.com.br\\\/blog\\\/wp-content\\\/uploads\\\/2015\\\/09\\\/banner-estagio.jpg\",\"contentUrl\":\"https:\\\/\\\/insightee.com.br\\\/blog\\\/wp-content\\\/uploads\\\/2015\\\/09\\\/banner-estagio.jpg\",\"width\":810,\"height\":360},{\"@type\":\"BreadcrumbList\",\"@id\":\"https:\\\/\\\/insightee.com.br\\\/blog\\\/questao-de-opiniao-o-desafio-do-digital-e-a-profissao-estagiario\\\/#breadcrumb\",\"itemListElement\":[{\"@type\":\"ListItem\",\"position\":1,\"name\":\"In\u00edcio\",\"item\":\"https:\\\/\\\/insightee.com.br\\\/blog\\\/\"},{\"@type\":\"ListItem\",\"position\":2,\"name\":\"Quest\u00e3o de opini\u00e3o: O desafio do digital e a profiss\u00e3o estagi\u00e1rio\"}]},{\"@type\":\"WebSite\",\"@id\":\"https:\\\/\\\/insightee.com.br\\\/blog\\\/#website\",\"url\":\"https:\\\/\\\/insightee.com.br\\\/blog\\\/\",\"name\":\"insightee\",\"description\":\"\u00e0 procura do insight perfeito\",\"potentialAction\":[{\"@type\":\"SearchAction\",\"target\":{\"@type\":\"EntryPoint\",\"urlTemplate\":\"https:\\\/\\\/insightee.com.br\\\/blog\\\/?s={search_term_string}\"},\"query-input\":{\"@type\":\"PropertyValueSpecification\",\"valueRequired\":true,\"valueName\":\"search_term_string\"}}],\"inLanguage\":\"pt-BR\"},{\"@type\":\"Person\",\"@id\":\"https:\\\/\\\/insightee.com.br\\\/blog\\\/#\\\/schema\\\/person\\\/25bb944f37e66a0298f607979c5b0a22\",\"name\":\"Pedro Meirelles\",\"image\":{\"@type\":\"ImageObject\",\"inLanguage\":\"pt-BR\",\"@id\":\"https:\\\/\\\/secure.gravatar.com\\\/avatar\\\/65e627ac6c71e8afcd40409c252c043555caf5da4f58ba46ab903227744c24fd?s=96&d=mm&r=g\",\"url\":\"https:\\\/\\\/secure.gravatar.com\\\/avatar\\\/65e627ac6c71e8afcd40409c252c043555caf5da4f58ba46ab903227744c24fd?s=96&d=mm&r=g\",\"contentUrl\":\"https:\\\/\\\/secure.gravatar.com\\\/avatar\\\/65e627ac6c71e8afcd40409c252c043555caf5da4f58ba46ab903227744c24fd?s=96&d=mm&r=g\",\"caption\":\"Pedro Meirelles\"},\"description\":\"Mestrando em Cultura e Territorialidades pela Universidade Federal Fluminense, formado em Estudos de M\u00eddia pela mesma institui\u00e7\u00e3o. Interessado em pesquisa digital, m\u00e9todos digitais, an\u00e1lise de dados, cultura, sociedade e Nordeste. Pesquisador no Instituto Brasileiro de Pesquisa e An\u00e1lise de Dados. (+)\",\"sameAs\":[\"https:\\\/\\\/www.facebook.com\\\/pedrormeirelles\",\"http:\\\/\\\/instagram.com\\\/seekpedro\",\"https:\\\/\\\/www.linkedin.com\\\/in\\\/meirellespedro\",\"https:\\\/\\\/x.com\\\/https:\\\/\\\/twitter.com\\\/peumeirelles\"],\"url\":\"https:\\\/\\\/insightee.com.br\\\/blog\\\/author\\\/pedro-meirelles\\\/\"}]}<\/script>\n<!-- \/ Yoast SEO plugin. -->","yoast_head_json":{"title":"Quest\u00e3o de opini\u00e3o: O desafio do digital e a profiss\u00e3o estagi\u00e1rio &#8211; insightee","robots":{"index":"index","follow":"follow","max-snippet":"max-snippet:-1","max-image-preview":"max-image-preview:large","max-video-preview":"max-video-preview:-1"},"canonical":"https:\/\/insightee.com.br\/blog\/questao-de-opiniao-o-desafio-do-digital-e-a-profissao-estagiario\/","og_locale":"pt_BR","og_type":"article","og_title":"Quest\u00e3o de opini\u00e3o: O desafio do digital e a profiss\u00e3o estagi\u00e1rio &#8211; insightee","og_description":"Eu ainda sou muito novo e inexperiente para falar o que \u00e9 certo ou o que \u00e9 errado. No entanto, a partir de leituras de profissionais importantes do mercado, tenho aprendido um pouco do trabalho de marketing digital. Por isso, compreendo que este n\u00e3o deve ser menosprezado, mas, pelo contr\u00e1rio, \u00e9 preciso ser desenvolvido por profissionais competentes e de excel\u00eancia que apresentem resultados pr\u00e1ticos sobre ele.","og_url":"https:\/\/insightee.com.br\/blog\/questao-de-opiniao-o-desafio-do-digital-e-a-profissao-estagiario\/","og_site_name":"insightee","article_publisher":"https:\/\/www.facebook.com\/pedrormeirelles","article_author":"https:\/\/www.facebook.com\/pedrormeirelles","article_published_time":"2015-09-18T11:15:33+00:00","og_image":[{"width":810,"height":360,"url":"https:\/\/insightee.com.br\/blog\/wp-content\/uploads\/2015\/09\/banner-estagio.jpg","type":"image\/jpeg"}],"author":"Pedro Meirelles","twitter_card":"summary_large_image","twitter_creator":"@https:\/\/twitter.com\/peumeirelles","twitter_site":"@peumeirelles","twitter_misc":{"Escrito por":"Pedro Meirelles","Est. tempo de leitura":"3 minutos"},"schema":{"@context":"https:\/\/schema.org","@graph":[{"@type":"Article","@id":"https:\/\/insightee.com.br\/blog\/questao-de-opiniao-o-desafio-do-digital-e-a-profissao-estagiario\/#article","isPartOf":{"@id":"https:\/\/insightee.com.br\/blog\/questao-de-opiniao-o-desafio-do-digital-e-a-profissao-estagiario\/"},"author":{"name":"Pedro Meirelles","@id":"https:\/\/insightee.com.br\/blog\/#\/schema\/person\/25bb944f37e66a0298f607979c5b0a22"},"headline":"Quest\u00e3o de opini\u00e3o: O desafio do digital e a profiss\u00e3o estagi\u00e1rio","datePublished":"2015-09-18T11:15:33+00:00","mainEntityOfPage":{"@id":"https:\/\/insightee.com.br\/blog\/questao-de-opiniao-o-desafio-do-digital-e-a-profissao-estagiario\/"},"wordCount":646,"commentCount":0,"image":{"@id":"https:\/\/insightee.com.br\/blog\/questao-de-opiniao-o-desafio-do-digital-e-a-profissao-estagiario\/#primaryimage"},"thumbnailUrl":"https:\/\/insightee.com.br\/blog\/wp-content\/uploads\/2015\/09\/banner-estagio.jpg","keywords":["est\u00e1gio","profissionais de social media"],"articleSection":["Opini\u00e3o"],"inLanguage":"pt-BR","potentialAction":[{"@type":"CommentAction","name":"Comment","target":["https:\/\/insightee.com.br\/blog\/questao-de-opiniao-o-desafio-do-digital-e-a-profissao-estagiario\/#respond"]}]},{"@type":"WebPage","@id":"https:\/\/insightee.com.br\/blog\/questao-de-opiniao-o-desafio-do-digital-e-a-profissao-estagiario\/","url":"https:\/\/insightee.com.br\/blog\/questao-de-opiniao-o-desafio-do-digital-e-a-profissao-estagiario\/","name":"Quest\u00e3o de opini\u00e3o: O desafio do digital e a profiss\u00e3o estagi\u00e1rio &#8211; insightee","isPartOf":{"@id":"https:\/\/insightee.com.br\/blog\/#website"},"primaryImageOfPage":{"@id":"https:\/\/insightee.com.br\/blog\/questao-de-opiniao-o-desafio-do-digital-e-a-profissao-estagiario\/#primaryimage"},"image":{"@id":"https:\/\/insightee.com.br\/blog\/questao-de-opiniao-o-desafio-do-digital-e-a-profissao-estagiario\/#primaryimage"},"thumbnailUrl":"https:\/\/insightee.com.br\/blog\/wp-content\/uploads\/2015\/09\/banner-estagio.jpg","datePublished":"2015-09-18T11:15:33+00:00","author":{"@id":"https:\/\/insightee.com.br\/blog\/#\/schema\/person\/25bb944f37e66a0298f607979c5b0a22"},"breadcrumb":{"@id":"https:\/\/insightee.com.br\/blog\/questao-de-opiniao-o-desafio-do-digital-e-a-profissao-estagiario\/#breadcrumb"},"inLanguage":"pt-BR","potentialAction":[{"@type":"ReadAction","target":["https:\/\/insightee.com.br\/blog\/questao-de-opiniao-o-desafio-do-digital-e-a-profissao-estagiario\/"]}]},{"@type":"ImageObject","inLanguage":"pt-BR","@id":"https:\/\/insightee.com.br\/blog\/questao-de-opiniao-o-desafio-do-digital-e-a-profissao-estagiario\/#primaryimage","url":"https:\/\/insightee.com.br\/blog\/wp-content\/uploads\/2015\/09\/banner-estagio.jpg","contentUrl":"https:\/\/insightee.com.br\/blog\/wp-content\/uploads\/2015\/09\/banner-estagio.jpg","width":810,"height":360},{"@type":"BreadcrumbList","@id":"https:\/\/insightee.com.br\/blog\/questao-de-opiniao-o-desafio-do-digital-e-a-profissao-estagiario\/#breadcrumb","itemListElement":[{"@type":"ListItem","position":1,"name":"In\u00edcio","item":"https:\/\/insightee.com.br\/blog\/"},{"@type":"ListItem","position":2,"name":"Quest\u00e3o de opini\u00e3o: O desafio do digital e a profiss\u00e3o estagi\u00e1rio"}]},{"@type":"WebSite","@id":"https:\/\/insightee.com.br\/blog\/#website","url":"https:\/\/insightee.com.br\/blog\/","name":"insightee","description":"\u00e0 procura do insight perfeito","potentialAction":[{"@type":"SearchAction","target":{"@type":"EntryPoint","urlTemplate":"https:\/\/insightee.com.br\/blog\/?s={search_term_string}"},"query-input":{"@type":"PropertyValueSpecification","valueRequired":true,"valueName":"search_term_string"}}],"inLanguage":"pt-BR"},{"@type":"Person","@id":"https:\/\/insightee.com.br\/blog\/#\/schema\/person\/25bb944f37e66a0298f607979c5b0a22","name":"Pedro Meirelles","image":{"@type":"ImageObject","inLanguage":"pt-BR","@id":"https:\/\/secure.gravatar.com\/avatar\/65e627ac6c71e8afcd40409c252c043555caf5da4f58ba46ab903227744c24fd?s=96&d=mm&r=g","url":"https:\/\/secure.gravatar.com\/avatar\/65e627ac6c71e8afcd40409c252c043555caf5da4f58ba46ab903227744c24fd?s=96&d=mm&r=g","contentUrl":"https:\/\/secure.gravatar.com\/avatar\/65e627ac6c71e8afcd40409c252c043555caf5da4f58ba46ab903227744c24fd?s=96&d=mm&r=g","caption":"Pedro Meirelles"},"description":"Mestrando em Cultura e Territorialidades pela Universidade Federal Fluminense, formado em Estudos de M\u00eddia pela mesma institui\u00e7\u00e3o. Interessado em pesquisa digital, m\u00e9todos digitais, an\u00e1lise de dados, cultura, sociedade e Nordeste. Pesquisador no Instituto Brasileiro de Pesquisa e An\u00e1lise de Dados. (+)","sameAs":["https:\/\/www.facebook.com\/pedrormeirelles","http:\/\/instagram.com\/seekpedro","https:\/\/www.linkedin.com\/in\/meirellespedro","https:\/\/x.com\/https:\/\/twitter.com\/peumeirelles"],"url":"https:\/\/insightee.com.br\/blog\/author\/pedro-meirelles\/"}]}},"views":1286,"_links":{"self":[{"href":"https:\/\/insightee.com.br\/blog\/wp-json\/wp\/v2\/posts\/411","targetHints":{"allow":["GET"]}}],"collection":[{"href":"https:\/\/insightee.com.br\/blog\/wp-json\/wp\/v2\/posts"}],"about":[{"href":"https:\/\/insightee.com.br\/blog\/wp-json\/wp\/v2\/types\/post"}],"author":[{"embeddable":true,"href":"https:\/\/insightee.com.br\/blog\/wp-json\/wp\/v2\/users\/1"}],"replies":[{"embeddable":true,"href":"https:\/\/insightee.com.br\/blog\/wp-json\/wp\/v2\/comments?post=411"}],"version-history":[{"count":0,"href":"https:\/\/insightee.com.br\/blog\/wp-json\/wp\/v2\/posts\/411\/revisions"}],"wp:featuredmedia":[{"embeddable":true,"href":"https:\/\/insightee.com.br\/blog\/wp-json\/wp\/v2\/media\/412"}],"wp:attachment":[{"href":"https:\/\/insightee.com.br\/blog\/wp-json\/wp\/v2\/media?parent=411"}],"wp:term":[{"taxonomy":"category","embeddable":true,"href":"https:\/\/insightee.com.br\/blog\/wp-json\/wp\/v2\/categories?post=411"},{"taxonomy":"post_tag","embeddable":true,"href":"https:\/\/insightee.com.br\/blog\/wp-json\/wp\/v2\/tags?post=411"}],"curies":[{"name":"wp","href":"https:\/\/api.w.org\/{rel}","templated":true}]}}