{"id":401,"date":"2015-09-16T23:52:36","date_gmt":"2015-09-16T23:52:36","guid":{"rendered":"https:\/\/estudandosocialmedia.wordpress.com\/?p=401"},"modified":"2015-09-16T23:52:36","modified_gmt":"2015-09-16T23:52:36","slug":"hangout-s-e-planejamento-em-social-media-c-dani-rodrigues","status":"publish","type":"post","link":"https:\/\/insightee.com.br\/blog\/hangout-s-e-planejamento-em-social-media-c-dani-rodrigues\/","title":{"rendered":"Hangout: S+ e Planejamento em Social Media c\/ Dani Rodrigues"},"content":{"rendered":"<p>Eu sempre ouvi muito falar da Dani Rodrigues. N\u00e3o me lembro como a &#8220;encontrei&#8221; na internet, mas sei que todos os profissionais que descobri antes dela sempre elogiaram muito o seu trabalho com planejamento &#8211; o que me deixou muito curioso para conhec\u00ea-la de perto e fazer alguns dos cursos que ministra, mas esse momento ainda n\u00e3o chegou. Por isso que hoje, continuando a <a href=\"https:\/\/estudandosocialmedia.wordpress.com\/2015\/09\/14\/hangout-s-e-o-facebook-ads-c-fabio-prado-lima\/\">sess\u00e3o dos v\u00eddeos do projeto Social +<\/a>, consegui (finalmente) ouvi o que ela tinha a dizer. E, olha, n\u00e3o foram precisos nem cinco minutos para perceber que essa conversa &#8211; mais um mon\u00f3logo, j\u00e1 que atuo apenas como ouvinte &#8211; seria muito produtiva.<\/p>\n<p>Pra quem n\u00e3o a conhece (eu tamb\u00e9m n\u00e3o conhe\u00e7o, mas sei um pouco do seu trabalho), ela \u00e9 uma jornalista n\u00e3o praticante que se encantou com o mundo digital logo cedo (palavras dela no v\u00eddeo) &#8211; sempre tentando fazer a ponte entre academia e mercado. J\u00e1 trabalhou com Netshoes, Warner (cobertura do Oscar) e muitos outras contas &#8211; hoje trabalha na Coca-Cola, com alguma atribui\u00e7\u00e3o relacionada a real-time marketing (procurar no LinkedIn). Ela tamb\u00e9m d\u00e1 aulas em alguns lugares como o <a href=\"http:\/\/querosersocialmedia.com.br\/\" target=\"_blank\">Quero Ser Social Media<\/a> e o <a href=\"http:\/\/www.spds.com.br\/\" target=\"_blank\">S\u00e3o Paulo Digital School<\/a>, al\u00e9m de palestras, cursos livres e m\u00f3dulos pontuais em faculdades de SP &#8211; e espero que no RJ, em breve.<\/p>\n<p>Nessa conversa riqu\u00edssima, ela d\u00e1 instru\u00e7\u00f5es essenciais para quem deseja come\u00e7ar ou para quem j\u00e1 trabalha com planejamento digital, trazendo alguns exemplos dos seus anos de experi\u00eancia com o mercado. \u00c9 incr\u00edvel o modo como ela fala, com autoridade e confian\u00e7a de quem sabe o que faz e o que est\u00e1 falando &#8211; cada frase parece um tapa, mas apenas para a melhoria (cr\u00edtica construtiva). \u00c9 realmente uma &#8220;entrevista&#8221; muito enriquecedora que todo profissional de marketing digital, n\u00e3o importa a fun\u00e7\u00e3o, deveria assistir. Abaixo, elenquei alguns dos assuntos gerais sobre o qual ela aborda no v\u00eddeo &#8211; mas n\u00e3o adianta, nada que eu escreva vai ficar t\u00e3o bom quanto ela falando.<\/p>\n<p><strong>O planejamento<\/strong><\/p>\n<p>O in\u00edcio de todo planejamento deve ser guiado por uma pergunta: qual \u00e9 o problema de comunica\u00e7\u00e3o (que deve ser solucionado)? Os objetivos devem estar claros para que direcionem assertivamente o\u00a0planejamento estrat\u00e9gico (racional, pesquisa, an\u00e1lise de cen\u00e1rio). A partir disso, ser\u00e1 poss\u00edvel embasar a estrutura na qual a cria\u00e7\u00e3o de conte\u00fado (suporte) poder\u00e1 trabalhar o encantamento do p\u00fablico. O planejamento (que dita a linha editorial) \u00e9 o arquiteto das hist\u00f3rias contadas, que &#8211; principalmente no digital\/social &#8211; precisa ter um olhar de 360\u00ba para poder analisar cen\u00e1rios externos (do neg\u00f3cio) e interno (de cada fun\u00e7\u00e3o dentro da equipe do projeto). Al\u00e9m disso, um bom trabalho de planejamento deve partir de associa\u00e7\u00f5es (de qualidade e de quantidade) para prever situa\u00e7\u00f5es, testando hip\u00f3teses minuciosamente para achar o melhor caminho a ser tra\u00e7ado.<\/p>\n<p>\u00c9 importante tamb\u00e9m lembrar que, nas palavras da pr\u00f3pria Dani, n\u00e3o h\u00e1 receita de bolo para estruturar um planejamento &#8211; h\u00e1, sim, alguns pontos b\u00e1sicos (an\u00e1lise de cen\u00e1rio, objetivos, hip\u00f3teses, plano de a\u00e7\u00e3o, cronograma e etc.) que ela mesma apresenta aos alunos quando d\u00e1 aulas, mas cada planejamento \u00e9 diferente por ter objetivos diferentes e clientes diferentes. Isso significa tamb\u00e9m compreender que, ao apresentar esse planejamento a um cliente, \u00e9 preciso procurar o melhor formato para que a mensagem seja passada de forma clara e convincente. Essa apresenta\u00e7\u00e3o deve explicar cada passo do planejamento, argumentando e justificando todas as a\u00e7\u00f5es que ser\u00e3o feitas para atingir o objetivo final &#8211; ela ratifica que planejamento \u00e9 diferente de plano t\u00e1tico, este que apenas pontua as tarefas da equipe de execu\u00e7\u00e3o.<\/p>\n<p><strong>O profissional<\/strong><\/p>\n<p>Os profissionais de planejamento (e de marketing como um todo) precisam se preocupar mais em mostrar resultados concretos (aumento de vendas, aumento de buzz, melhor percep\u00e7\u00e3o da marca) e menos em encantar os clientes com ideias mirabolantes. No v\u00eddeo, Dani explica que um bom planner n\u00e3o precisa de um Cannes, mas precisa dar uma resposta simples e eficaz \u00e0 necessidade do cliente &#8211; ou seja, o reconhecimento vem atrav\u00e9s dos resultados, n\u00e3o das cria\u00e7\u00f5es. Para quem est\u00e1 come\u00e7ando, n\u00e3o h\u00e1 motivo para se achar menor do que quem j\u00e1 tem experi\u00eancia: a pr\u00e1tica ajuda a ser mais r\u00e1pido e a otimizar trabalho, mas tamb\u00e9m vicia; quem entra como novato num trabalho pode conseguir ver coisas que quem j\u00e1 est\u00e1 imerso no processo n\u00e3o consegue mais enxergar.<\/p>\n<p><strong>O mercado<\/strong><\/p>\n<p>A grande dificuldade do mercado, que ainda disp\u00f5e de uma verba maior para os projetos off-line (principalmente por ter m\u00eddias mais caras), est\u00e1 em conseguir educar bem o cliente. A partir do momento que a ag\u00eancia se aproxima do universo do cliente e mostra que h\u00e1 bom profissionais capazes de fazer um bom trabalho que ir\u00e1 gerar resultados positivos para o neg\u00f3cio, a verba para o on-line aumenta.\u00a0Esse processo de &#8220;educar&#8221; ainda deve ir al\u00e9m para explicar que, por exemplo, n\u00e3o h\u00e1 almo\u00e7o gr\u00e1tis na contrata\u00e7\u00e3o do influenciador.<\/p>\n<blockquote><p>&#8220;N\u00e3o existe cliente chato, existe ag\u00eancia incompetente. Se voc\u00ea \u00e9 bom, voc\u00ea mostra pro cliente o por que que ele tem de fazer aquilo.&#8221;<\/p><\/blockquote>\n<p>\u00c9 necess\u00e1rio tamb\u00e9m explicar que o la\u00e7o entre o on e o off j\u00e1 n\u00e3o pode mais ser rompido: tudo que \u00e9 feito em um meio reverbera no outro (principalmente as a\u00e7\u00f5es off-line no on-line, uma vez que este \u00e9 o canal mais pr\u00f3ximo de comunica\u00e7\u00e3o dos clientes com a marca). O planner precisa transitar por esses dois campos e garantir que h\u00e1 harmonia e integra\u00e7\u00e3o na comunica\u00e7\u00e3o, pois n\u00e3o h\u00e1 mais como desmembrar as duas partes. O digital ainda exige um retroplanejamento di\u00e1rio que n\u00e3o \u00e9 comum do ambiente off-line, j\u00e1 que \u00e9 poss\u00edvel mensurar os resultados em tempo real &#8211; por isso h\u00e1 um refinamento maior nas a\u00e7\u00f5es de entrega e estrat\u00e9gia, procurando um custo-benef\u00edcio mais efetivo, como, por exemplo, na ado\u00e7\u00e3o de campanhas CPC em vez de CPM.<\/p>\n[youtube\u00a0https:\/\/www.youtube.com\/watch?v=5Zq5vQiACpg]\n","protected":false},"excerpt":{"rendered":"<p>Dani Rodrigues \u00e9 uma jornalista n\u00e3o praticante que se encantou com o mundo digital logo cedo (palavras dela no v\u00eddeo) &#8211; sempre tentando fazer a ponte entre academia e mercado. Nessa conversa riqu\u00edssima, ela d\u00e1 instru\u00e7\u00f5es essenciais para quem deseja come\u00e7ar ou para quem j\u00e1 trabalha com planejamento digital, trazendo alguns exemplos dos seus anos de experi\u00eancia com o mercado.<\/p>\n","protected":false},"author":1,"featured_media":0,"comment_status":"open","ping_status":"open","sticky":false,"template":"","format":"video","meta":{"footnotes":""},"categories":[8],"tags":[69],"class_list":["post-401","post","type-post","status-publish","format-video","hentry","category-hangouts","tag-planejamento","post_format-post-format-video"],"yoast_head":"<!-- This site is optimized with the Yoast SEO plugin v27.5 - https:\/\/yoast.com\/product\/yoast-seo-wordpress\/ -->\n<title>Hangout: S+ e Planejamento em Social Media c\/ Dani Rodrigues &#8211; insightee<\/title>\n<meta name=\"robots\" content=\"index, follow, max-snippet:-1, max-image-preview:large, max-video-preview:-1\" \/>\n<link rel=\"canonical\" href=\"https:\/\/insightee.com.br\/blog\/hangout-s-e-planejamento-em-social-media-c-dani-rodrigues\/\" \/>\n<meta property=\"og:locale\" content=\"pt_BR\" \/>\n<meta property=\"og:type\" content=\"article\" \/>\n<meta property=\"og:title\" content=\"Hangout: S+ e Planejamento em Social Media c\/ Dani Rodrigues &#8211; insightee\" \/>\n<meta property=\"og:description\" content=\"Dani Rodrigues \u00e9 uma jornalista n\u00e3o praticante que se encantou com o mundo digital logo cedo (palavras dela no v\u00eddeo) - sempre tentando fazer a ponte entre academia e mercado. Nessa conversa riqu\u00edssima, ela d\u00e1 instru\u00e7\u00f5es essenciais para quem deseja come\u00e7ar ou para quem j\u00e1 trabalha com planejamento digital, trazendo alguns exemplos dos seus anos de experi\u00eancia com o mercado.\" \/>\n<meta property=\"og:url\" content=\"https:\/\/insightee.com.br\/blog\/hangout-s-e-planejamento-em-social-media-c-dani-rodrigues\/\" \/>\n<meta property=\"og:site_name\" content=\"insightee\" \/>\n<meta property=\"article:publisher\" content=\"https:\/\/www.facebook.com\/pedrormeirelles\" \/>\n<meta property=\"article:author\" content=\"https:\/\/www.facebook.com\/pedrormeirelles\" \/>\n<meta property=\"article:published_time\" content=\"2015-09-16T23:52:36+00:00\" \/>\n<meta property=\"og:image\" content=\"https:\/\/insightee.com.br\/blog\/wp-content\/uploads\/2016\/12\/featured-img.png\" \/>\n\t<meta property=\"og:image:width\" content=\"1170\" \/>\n\t<meta property=\"og:image:height\" content=\"650\" \/>\n\t<meta property=\"og:image:type\" content=\"image\/png\" \/>\n<meta name=\"author\" content=\"Pedro Meirelles\" \/>\n<meta name=\"twitter:card\" content=\"summary_large_image\" \/>\n<meta name=\"twitter:creator\" content=\"@https:\/\/twitter.com\/peumeirelles\" \/>\n<meta name=\"twitter:site\" content=\"@peumeirelles\" \/>\n<meta name=\"twitter:label1\" content=\"Escrito por\" \/>\n\t<meta name=\"twitter:data1\" content=\"Pedro Meirelles\" \/>\n\t<meta name=\"twitter:label2\" content=\"Est. tempo de leitura\" \/>\n\t<meta name=\"twitter:data2\" content=\"5 minutos\" \/>\n<script type=\"application\/ld+json\" class=\"yoast-schema-graph\">{\"@context\":\"https:\\\/\\\/schema.org\",\"@graph\":[{\"@type\":\"Article\",\"@id\":\"https:\\\/\\\/insightee.com.br\\\/blog\\\/hangout-s-e-planejamento-em-social-media-c-dani-rodrigues\\\/#article\",\"isPartOf\":{\"@id\":\"https:\\\/\\\/insightee.com.br\\\/blog\\\/hangout-s-e-planejamento-em-social-media-c-dani-rodrigues\\\/\"},\"author\":{\"name\":\"Pedro Meirelles\",\"@id\":\"https:\\\/\\\/insightee.com.br\\\/blog\\\/#\\\/schema\\\/person\\\/25bb944f37e66a0298f607979c5b0a22\"},\"headline\":\"Hangout: S+ e Planejamento em Social Media c\\\/ Dani Rodrigues\",\"datePublished\":\"2015-09-16T23:52:36+00:00\",\"mainEntityOfPage\":{\"@id\":\"https:\\\/\\\/insightee.com.br\\\/blog\\\/hangout-s-e-planejamento-em-social-media-c-dani-rodrigues\\\/\"},\"wordCount\":1069,\"commentCount\":0,\"keywords\":[\"planejamento\"],\"articleSection\":[\"Hangouts\"],\"inLanguage\":\"pt-BR\",\"potentialAction\":[{\"@type\":\"CommentAction\",\"name\":\"Comment\",\"target\":[\"https:\\\/\\\/insightee.com.br\\\/blog\\\/hangout-s-e-planejamento-em-social-media-c-dani-rodrigues\\\/#respond\"]}]},{\"@type\":\"WebPage\",\"@id\":\"https:\\\/\\\/insightee.com.br\\\/blog\\\/hangout-s-e-planejamento-em-social-media-c-dani-rodrigues\\\/\",\"url\":\"https:\\\/\\\/insightee.com.br\\\/blog\\\/hangout-s-e-planejamento-em-social-media-c-dani-rodrigues\\\/\",\"name\":\"Hangout: S+ e Planejamento em Social Media c\\\/ Dani Rodrigues &#8211; insightee\",\"isPartOf\":{\"@id\":\"https:\\\/\\\/insightee.com.br\\\/blog\\\/#website\"},\"datePublished\":\"2015-09-16T23:52:36+00:00\",\"author\":{\"@id\":\"https:\\\/\\\/insightee.com.br\\\/blog\\\/#\\\/schema\\\/person\\\/25bb944f37e66a0298f607979c5b0a22\"},\"breadcrumb\":{\"@id\":\"https:\\\/\\\/insightee.com.br\\\/blog\\\/hangout-s-e-planejamento-em-social-media-c-dani-rodrigues\\\/#breadcrumb\"},\"inLanguage\":\"pt-BR\",\"potentialAction\":[{\"@type\":\"ReadAction\",\"target\":[\"https:\\\/\\\/insightee.com.br\\\/blog\\\/hangout-s-e-planejamento-em-social-media-c-dani-rodrigues\\\/\"]}]},{\"@type\":\"BreadcrumbList\",\"@id\":\"https:\\\/\\\/insightee.com.br\\\/blog\\\/hangout-s-e-planejamento-em-social-media-c-dani-rodrigues\\\/#breadcrumb\",\"itemListElement\":[{\"@type\":\"ListItem\",\"position\":1,\"name\":\"In\u00edcio\",\"item\":\"https:\\\/\\\/insightee.com.br\\\/blog\\\/\"},{\"@type\":\"ListItem\",\"position\":2,\"name\":\"Hangout: S+ e Planejamento em Social Media c\\\/ Dani Rodrigues\"}]},{\"@type\":\"WebSite\",\"@id\":\"https:\\\/\\\/insightee.com.br\\\/blog\\\/#website\",\"url\":\"https:\\\/\\\/insightee.com.br\\\/blog\\\/\",\"name\":\"insightee\",\"description\":\"\u00e0 procura do insight perfeito\",\"potentialAction\":[{\"@type\":\"SearchAction\",\"target\":{\"@type\":\"EntryPoint\",\"urlTemplate\":\"https:\\\/\\\/insightee.com.br\\\/blog\\\/?s={search_term_string}\"},\"query-input\":{\"@type\":\"PropertyValueSpecification\",\"valueRequired\":true,\"valueName\":\"search_term_string\"}}],\"inLanguage\":\"pt-BR\"},{\"@type\":\"Person\",\"@id\":\"https:\\\/\\\/insightee.com.br\\\/blog\\\/#\\\/schema\\\/person\\\/25bb944f37e66a0298f607979c5b0a22\",\"name\":\"Pedro Meirelles\",\"image\":{\"@type\":\"ImageObject\",\"inLanguage\":\"pt-BR\",\"@id\":\"https:\\\/\\\/secure.gravatar.com\\\/avatar\\\/65e627ac6c71e8afcd40409c252c043555caf5da4f58ba46ab903227744c24fd?s=96&d=mm&r=g\",\"url\":\"https:\\\/\\\/secure.gravatar.com\\\/avatar\\\/65e627ac6c71e8afcd40409c252c043555caf5da4f58ba46ab903227744c24fd?s=96&d=mm&r=g\",\"contentUrl\":\"https:\\\/\\\/secure.gravatar.com\\\/avatar\\\/65e627ac6c71e8afcd40409c252c043555caf5da4f58ba46ab903227744c24fd?s=96&d=mm&r=g\",\"caption\":\"Pedro Meirelles\"},\"description\":\"Mestrando em Cultura e Territorialidades pela Universidade Federal Fluminense, formado em Estudos de M\u00eddia pela mesma institui\u00e7\u00e3o. Interessado em pesquisa digital, m\u00e9todos digitais, an\u00e1lise de dados, cultura, sociedade e Nordeste. Pesquisador no Instituto Brasileiro de Pesquisa e An\u00e1lise de Dados. (+)\",\"sameAs\":[\"https:\\\/\\\/www.facebook.com\\\/pedrormeirelles\",\"http:\\\/\\\/instagram.com\\\/seekpedro\",\"https:\\\/\\\/www.linkedin.com\\\/in\\\/meirellespedro\",\"https:\\\/\\\/x.com\\\/https:\\\/\\\/twitter.com\\\/peumeirelles\"],\"url\":\"https:\\\/\\\/insightee.com.br\\\/blog\\\/author\\\/pedro-meirelles\\\/\"}]}<\/script>\n<!-- \/ Yoast SEO plugin. -->","yoast_head_json":{"title":"Hangout: S+ e Planejamento em Social Media c\/ Dani Rodrigues &#8211; insightee","robots":{"index":"index","follow":"follow","max-snippet":"max-snippet:-1","max-image-preview":"max-image-preview:large","max-video-preview":"max-video-preview:-1"},"canonical":"https:\/\/insightee.com.br\/blog\/hangout-s-e-planejamento-em-social-media-c-dani-rodrigues\/","og_locale":"pt_BR","og_type":"article","og_title":"Hangout: S+ e Planejamento em Social Media c\/ Dani Rodrigues &#8211; insightee","og_description":"Dani Rodrigues \u00e9 uma jornalista n\u00e3o praticante que se encantou com o mundo digital logo cedo (palavras dela no v\u00eddeo) - sempre tentando fazer a ponte entre academia e mercado. Nessa conversa riqu\u00edssima, ela d\u00e1 instru\u00e7\u00f5es essenciais para quem deseja come\u00e7ar ou para quem j\u00e1 trabalha com planejamento digital, trazendo alguns exemplos dos seus anos de experi\u00eancia com o mercado.","og_url":"https:\/\/insightee.com.br\/blog\/hangout-s-e-planejamento-em-social-media-c-dani-rodrigues\/","og_site_name":"insightee","article_publisher":"https:\/\/www.facebook.com\/pedrormeirelles","article_author":"https:\/\/www.facebook.com\/pedrormeirelles","article_published_time":"2015-09-16T23:52:36+00:00","og_image":[{"width":1170,"height":650,"url":"https:\/\/insightee.com.br\/blog\/wp-content\/uploads\/2016\/12\/featured-img.png","type":"image\/png"}],"author":"Pedro Meirelles","twitter_card":"summary_large_image","twitter_creator":"@https:\/\/twitter.com\/peumeirelles","twitter_site":"@peumeirelles","twitter_misc":{"Escrito por":"Pedro Meirelles","Est. tempo de leitura":"5 minutos"},"schema":{"@context":"https:\/\/schema.org","@graph":[{"@type":"Article","@id":"https:\/\/insightee.com.br\/blog\/hangout-s-e-planejamento-em-social-media-c-dani-rodrigues\/#article","isPartOf":{"@id":"https:\/\/insightee.com.br\/blog\/hangout-s-e-planejamento-em-social-media-c-dani-rodrigues\/"},"author":{"name":"Pedro Meirelles","@id":"https:\/\/insightee.com.br\/blog\/#\/schema\/person\/25bb944f37e66a0298f607979c5b0a22"},"headline":"Hangout: S+ e Planejamento em Social Media c\/ Dani Rodrigues","datePublished":"2015-09-16T23:52:36+00:00","mainEntityOfPage":{"@id":"https:\/\/insightee.com.br\/blog\/hangout-s-e-planejamento-em-social-media-c-dani-rodrigues\/"},"wordCount":1069,"commentCount":0,"keywords":["planejamento"],"articleSection":["Hangouts"],"inLanguage":"pt-BR","potentialAction":[{"@type":"CommentAction","name":"Comment","target":["https:\/\/insightee.com.br\/blog\/hangout-s-e-planejamento-em-social-media-c-dani-rodrigues\/#respond"]}]},{"@type":"WebPage","@id":"https:\/\/insightee.com.br\/blog\/hangout-s-e-planejamento-em-social-media-c-dani-rodrigues\/","url":"https:\/\/insightee.com.br\/blog\/hangout-s-e-planejamento-em-social-media-c-dani-rodrigues\/","name":"Hangout: S+ e Planejamento em Social Media c\/ Dani Rodrigues &#8211; insightee","isPartOf":{"@id":"https:\/\/insightee.com.br\/blog\/#website"},"datePublished":"2015-09-16T23:52:36+00:00","author":{"@id":"https:\/\/insightee.com.br\/blog\/#\/schema\/person\/25bb944f37e66a0298f607979c5b0a22"},"breadcrumb":{"@id":"https:\/\/insightee.com.br\/blog\/hangout-s-e-planejamento-em-social-media-c-dani-rodrigues\/#breadcrumb"},"inLanguage":"pt-BR","potentialAction":[{"@type":"ReadAction","target":["https:\/\/insightee.com.br\/blog\/hangout-s-e-planejamento-em-social-media-c-dani-rodrigues\/"]}]},{"@type":"BreadcrumbList","@id":"https:\/\/insightee.com.br\/blog\/hangout-s-e-planejamento-em-social-media-c-dani-rodrigues\/#breadcrumb","itemListElement":[{"@type":"ListItem","position":1,"name":"In\u00edcio","item":"https:\/\/insightee.com.br\/blog\/"},{"@type":"ListItem","position":2,"name":"Hangout: S+ e Planejamento em Social Media c\/ Dani Rodrigues"}]},{"@type":"WebSite","@id":"https:\/\/insightee.com.br\/blog\/#website","url":"https:\/\/insightee.com.br\/blog\/","name":"insightee","description":"\u00e0 procura do insight perfeito","potentialAction":[{"@type":"SearchAction","target":{"@type":"EntryPoint","urlTemplate":"https:\/\/insightee.com.br\/blog\/?s={search_term_string}"},"query-input":{"@type":"PropertyValueSpecification","valueRequired":true,"valueName":"search_term_string"}}],"inLanguage":"pt-BR"},{"@type":"Person","@id":"https:\/\/insightee.com.br\/blog\/#\/schema\/person\/25bb944f37e66a0298f607979c5b0a22","name":"Pedro Meirelles","image":{"@type":"ImageObject","inLanguage":"pt-BR","@id":"https:\/\/secure.gravatar.com\/avatar\/65e627ac6c71e8afcd40409c252c043555caf5da4f58ba46ab903227744c24fd?s=96&d=mm&r=g","url":"https:\/\/secure.gravatar.com\/avatar\/65e627ac6c71e8afcd40409c252c043555caf5da4f58ba46ab903227744c24fd?s=96&d=mm&r=g","contentUrl":"https:\/\/secure.gravatar.com\/avatar\/65e627ac6c71e8afcd40409c252c043555caf5da4f58ba46ab903227744c24fd?s=96&d=mm&r=g","caption":"Pedro Meirelles"},"description":"Mestrando em Cultura e Territorialidades pela Universidade Federal Fluminense, formado em Estudos de M\u00eddia pela mesma institui\u00e7\u00e3o. Interessado em pesquisa digital, m\u00e9todos digitais, an\u00e1lise de dados, cultura, sociedade e Nordeste. Pesquisador no Instituto Brasileiro de Pesquisa e An\u00e1lise de Dados. (+)","sameAs":["https:\/\/www.facebook.com\/pedrormeirelles","http:\/\/instagram.com\/seekpedro","https:\/\/www.linkedin.com\/in\/meirellespedro","https:\/\/x.com\/https:\/\/twitter.com\/peumeirelles"],"url":"https:\/\/insightee.com.br\/blog\/author\/pedro-meirelles\/"}]}},"views":1065,"_links":{"self":[{"href":"https:\/\/insightee.com.br\/blog\/wp-json\/wp\/v2\/posts\/401","targetHints":{"allow":["GET"]}}],"collection":[{"href":"https:\/\/insightee.com.br\/blog\/wp-json\/wp\/v2\/posts"}],"about":[{"href":"https:\/\/insightee.com.br\/blog\/wp-json\/wp\/v2\/types\/post"}],"author":[{"embeddable":true,"href":"https:\/\/insightee.com.br\/blog\/wp-json\/wp\/v2\/users\/1"}],"replies":[{"embeddable":true,"href":"https:\/\/insightee.com.br\/blog\/wp-json\/wp\/v2\/comments?post=401"}],"version-history":[{"count":0,"href":"https:\/\/insightee.com.br\/blog\/wp-json\/wp\/v2\/posts\/401\/revisions"}],"wp:attachment":[{"href":"https:\/\/insightee.com.br\/blog\/wp-json\/wp\/v2\/media?parent=401"}],"wp:term":[{"taxonomy":"category","embeddable":true,"href":"https:\/\/insightee.com.br\/blog\/wp-json\/wp\/v2\/categories?post=401"},{"taxonomy":"post_tag","embeddable":true,"href":"https:\/\/insightee.com.br\/blog\/wp-json\/wp\/v2\/tags?post=401"}],"curies":[{"name":"wp","href":"https:\/\/api.w.org\/{rel}","templated":true}]}}