{"id":355,"date":"2015-09-13T22:31:36","date_gmt":"2015-09-13T22:31:36","guid":{"rendered":"https:\/\/estudandosocialmedia.wordpress.com\/?p=355"},"modified":"2015-09-13T22:31:36","modified_gmt":"2015-09-13T22:31:36","slug":"leituras-da-semana-google-store-visits-instagram-ads-e-conteudo-responsavel","status":"publish","type":"post","link":"https:\/\/insightee.com.br\/blog\/leituras-da-semana-google-store-visits-instagram-ads-e-conteudo-responsavel\/","title":{"rendered":"Leituras da semana: Google Store Visits, Instagram Ads e conte\u00fado respons\u00e1vel"},"content":{"rendered":"<p>O n\u00edvel das leituras desta semana foi bastante alto, talvez por isso tive dificuldade em diminuir as que compartilharia aqui no blog como de costume. Consegui chegar ao n\u00famero de 10 textos, algumas not\u00edcias, outras mat\u00e9rias\/entrevistas, outros artigos&#8230; Todos que trazem um conte\u00fado bastante interessante seja apenas para a reflex\u00e3o ou para o aprendizado. Al\u00e9m disso, selecionei alguns links sobre dois temas atuais que foram t\u00f3picos de discuss\u00e3o durante a semana.<\/p>\n<p><strong>Instagram Ads<\/strong><\/p>\n<p>Qualquer um com uma conta no Instagram p\u00f4de perceber a mudan\u00e7a dos \u00faltimos dias: tem muito mais publicidade\u00a0rodando na plataforma. Isso porque, depois de um per\u00edodo de teste, a empresa agora abriu a possibilidade de veicular an\u00fancios para neg\u00f3cios\u00a0de pequeno e m\u00e9dio porte. Para as marcas, pode ser uma \u00f3tima oportunidade &#8211; como apresenta o <a href=\"https:\/\/medium.com\/@salesforce\/an-early-look-at-instagram-advertising-performance-f44f2718bf6\" target=\"_blank\">Sales Force nesse texto em que mostra\u00a0os primeiros resultados (positivos) dos an\u00fancios<\/a> -, mas fico com a d\u00favida: ser\u00e1 que os usu\u00e1rios reagir\u00e3o bem a essa empreitada? Ser\u00e1 que eles v\u00e3o fugir para outra alternativa? O Instagram n\u00e3o \u00e9 uma plataforma &#8220;aberta&#8221; como o Facebook, onde n\u00f3s, usu\u00e1rios, j\u00e1 aprendemos a passar despercebidos pelos an\u00fancios. A ferramenta de compartilhamento de fotos e v\u00eddeos tem uma estrutura fechada (talvez\u00a0por ser quase exclusivamente mobile), na qual o usu\u00e1rio n\u00e3o consegue desviar o olhar do an\u00fancio. Estou curioso para saber, al\u00e9m de como as empresas se apropriar\u00e3o dessa nova oportunidade, como o p\u00fablico reagir\u00e1 a isso.<\/p>\n<p><a href=\"http:\/\/techcrunch.com\/2015\/09\/08\/all-grown-up-and-ready-to-make-money\/#.nrdzyp:SLFJ\" target=\"_blank\">Instagram Ads Go Global, Including New 30-Second Commercials<\/a><\/p>\n<p><a href=\"http:\/\/www.meioemensagem.com.br\/home\/midia\/noticias\/2015\/09\/09\/A-democratizacao-do-Instagram.html\" target=\"_blank\">A democratiza\u00e7\u00e3o do Instagram<\/a><\/p>\n<p><a href=\"http:\/\/ideas.scup.com\/pt\/resumo-semanal\/anuncios-no-instagram\/\" target=\"_blank\">O incr\u00edvel mundo dos an\u00fancios no Instagram<\/a><\/p>\n<hr \/>\n<p><strong>Google Store Visits<\/strong><\/p>\n<p>Outro &#8220;acontecimento&#8221; da semana, em propor\u00e7\u00e3o bem menor, foi a chegada do Store Visits, do Google, ao Brasil. Atrav\u00e9s da tecnologia de geolocaliza\u00e7\u00e3o, o Google vai permitir que os grandes anunciantes do Adwords possam analisar quais an\u00fancios digitais levam mais usu\u00e1rios \u00e0s lojas off-line. Al\u00e9m de duas not\u00edcias que explicam melhor o funcionamento, listei tamb\u00e9m uma leitura que coincidentemente pode ser bastante relacionada \u00e0 novidade, discutindo o comportamento do consumidor online.<\/p>\n<p><a href=\"https:\/\/getpocket.com\/a\/read\/1036472687\" target=\"_blank\">Google traz ao Brasil ferramenta Store Visits<\/a><\/p>\n<p><a href=\"http:\/\/www.socialbusk.com.br\/metricas-do-futuro-store-visits\/\" target=\"_blank\">M\u00e9tricas do futuro: Store Visits<\/a><\/p>\n<p><a href=\"http:\/\/aquintaonda.blogspot.com.br\/2015\/09\/marketing-personalizado-todos-em-busca.html\" target=\"_blank\">Marketing personalizado: todos em busca do Santo Graal<\/a><\/p>\n<hr \/>\n<p><a href=\"http:\/\/dataismo.com.br\/2015\/09\/09\/data-strategy-data-analysis\/\" target=\"_blank\"><strong>Data Strategy | Meta Dados, Data Mining e Data Analysis<\/strong><\/a> &#8211; por Juliana Dias<\/p>\n<p>O blog Data\u00edsmo, da Juliana Dias, Analista de BI da A2ad, foi reinaugurado recentemente e j\u00e1 tem textos riqu\u00edssimos. O que eu acho mais incr\u00edvel \u00e9 como ela consegue ensinar conceitos e explica\u00e7\u00f5es de maneira t\u00e3o simples, sem deixar que isso afete na qualidade das informa\u00e7\u00f5es. J\u00e1 coloquei no blogroll e na lista de pessoas a seguir no Twitter, mas talvez sempre compartilhe aqui os textos da semana porque s\u00e3o de excel\u00eancia.<\/p>\n<blockquote><p>Para obter algum insight, \u00e9 necess\u00e1rio ver a sua amostra, o que ela diz. E \u00e9 interessante ir al\u00e9m, focando n\u00e3o apenas no positivo, mas tamb\u00e9m na queda e nas altera\u00e7\u00f5es ao longo do per\u00edodo. \u00c9 assim que podemos identificar se algo est\u00e1 bom para o seu padr\u00e3o (comparando com os pr\u00f3prios resultados) ou est\u00e1 ruim (olhando para fora, seja um outro segmento da pesquisa, um outro assunto ou o mercado).<\/p><\/blockquote>\n<hr \/>\n<p><strong><a href=\"http:\/\/www.dp6.com.br\/4-passos-para-escolher-a-plataforma-de-compra-de-midia-programatica-ideal\/\" target=\"_blank\">4 passos para escolher a plataforma de compra de m\u00eddia program\u00e1tica ideal<\/a><\/strong> &#8211; por M\u00f4nica Fukumoto, da dp6<\/p>\n<p>Depois de me deparar com os termos &#8220;m\u00eddia program\u00e1tica&#8221; e &#8220;marketing program\u00e1tico&#8221; algumas vezes, acabei lendo (e at\u00e9 compartilhei aqui) alguns textos sobre o assunto. Nesse texto da dp6, a autora vai al\u00e9m do simples conceito de &#8220;program\u00e1tico&#8221; e apresenta quest\u00f5es mais espec\u00edficas sobre esse uso de tecnologia, dados e processos.<\/p>\n<blockquote><p>Os <strong>clientes\/anunciantes<\/strong> se deparam com uma maior possibilidade de assertividade na entrega das campanhas, j\u00e1 que um dos grandes benef\u00edcios da compra de m\u00eddia program\u00e1tica \u00e9 a segmenta\u00e7\u00e3o e o cruzamento com dados pr\u00f3prios e\/ou de terceiros; para os<strong>ve\u00edculos\/publishers<\/strong> \u00e9 uma nova forma de rentabilizar o invent\u00e1rio do seu site, al\u00e9m de uma oportunidade de ter acesso a um volume maior de anunciantes; e, finalmente, para as <strong>ag\u00eancias<\/strong>, economiza-se tempo operacional da equipe de m\u00eddia tanto na compra quanto na gest\u00e3o dos formatos e criativos, al\u00e9m de permitir maior escalabilidade e assertividade nos resultados das campanhas.<\/p><\/blockquote>\n<hr \/>\n<p><a href=\"http:\/\/www.jeffbullas.com\/2015\/09\/10\/5-practical-ways-increase-conversions-website\/\" target=\"_blank\"><strong>5 Practical Ways to Increase Conversions on Your Website Read<\/strong><\/a> &#8211; por Jullie Ellis<\/p>\n<p>Nas discuss\u00f5es sobre os profissionais de marketing digital (do futuro), sempre vejo refer\u00eancias do mercado tocando na mesma tecla: os &#8220;publicit\u00e1rios digitais&#8221; precisam estudar menos publicidade e mais antropologia, psicologia e sociologia. Nesse texto, a autora exemplifica cinco mudan\u00e7as simples que podem ser feitas nos call-to-actions de a\u00e7\u00f5es para melhorar seu desempenho &#8211; atrav\u00e9s de argumenta\u00e7\u00f5es da psicologia.<\/p>\n<blockquote><p>We buy stuff because it relieves a pain in our life, it appeals to our sense of belonging and it makes us excited. We make that final purchase decision because for some reason we can\u2019t wait any more \u2013 it is an urgent and important matter that needs to be attended to right away.\u00a0These elements of human behavior contribute to the verbal and visual make up of our websites.\u00a0Another layer has been added to these traditional concepts, however, based on findings of neuroscience and the fact that selling is no longer face-to-face. It relies, instead, on stimulation of the viewers senses and the parts of the brain that are activated.<\/p><\/blockquote>\n<hr \/>\n<p><a href=\"http:\/\/www.proxxima.com.br\/home\/social\/2015\/07\/16\/O-desafio-da-conversao-nas-redes-sociais.html\" target=\"_blank\"><strong>O desafio da convers\u00e3o nas redes sociais<\/strong><\/a> &#8211; no ProXXima<\/p>\n<p>Nesse artigo do Innovation Insider, o CEO do Socialbakers explica algumas vantagens da <del>obriga\u00e7\u00e3o<\/del> das empresas observarem os dados e atuarem em cima deles. Tamb\u00e9m s\u00e3o apresentados alguns exemplos de como grandes marcas est\u00e3o usando isso a seu favor atrav\u00e9s do monitoramento e an\u00e1lise de dados.<\/p>\n<blockquote><p>Grandes anunciantes est\u00e3o tra\u00e7ando estrat\u00e9gias de neg\u00f3cios e at\u00e9 lan\u00e7ando produtos a partir da interpreta\u00e7\u00e3o em larga escala de informa\u00e7\u00f5es geradas nas redes sociais. Afinal, s\u00e3o consumidores que ali est\u00e3o. Parece \u00f3bvio, mas o cen\u00e1rio ainda \u00e9 ignorado por parte das empresas que ativamente interagem nas redes sem um planejamento estruturado.<\/p><\/blockquote>\n<hr \/>\n<p><a href=\"http:\/\/www.shutterstock.com\/pt\/blog\/guia-basico-de-design-para-as-midias-sociais\" target=\"_blank\"><strong>Guia b\u00e1sico de design para as m\u00eddias sociais<\/strong><\/a> &#8211; por Bruna Calheiros<\/p>\n<p>Esse \u00e9 um \u00f3timo texto para quem quer trabalhar como freelancer de Social Media &#8211; ou at\u00e9 mesmo para quem trabalha numa ag\u00eancia pequena e pode tomar algumas notas. S\u00e3o dadas algumas dicas para o bom uso de imagens nas redes sociais, explorando at\u00e9 cada uma delas individualmente.<\/p>\n<blockquote><p>Diferentemente dos usos corporativos ou de propaganda tradicional, nos canais sociais sua empresa necessita adaptar-se ao meio. \u00c9 claro que o guideline de marca pode \u2013 e deve! \u2013 ser mantido, mas \u00e9 necess\u00e1rio entender como cada rede funciona e poder ter flexibilidade em criar, experimentar e inovar.<\/p><\/blockquote>\n<hr \/>\n<p><a href=\"http:\/\/www.globalad.com.br\/blog\/jornada-do-cliente-acompanhe-o-usuario-ate-a-conversao\/\" target=\"_blank\"><strong>Jornada do cliente: acompanhe o usu\u00e1rio at\u00e9 a convers\u00e3o<\/strong><\/a> &#8211; por Camila Daniel, do Global AD<\/p>\n<p>Os textos da Global AD s\u00e3o sempre figurinha carimbada aqui porque s\u00e3o de f\u00e1cil compreens\u00e3o e de conte\u00fado rico. Nesse texto, a autora explica a necessidade de compreender em qual est\u00e1gio est\u00e1 o cliente\/usu\u00e1rio, para que a empresa &#8211; atrav\u00e9s do monitoramento &#8211; saiba exatamente o que oferecer para que ele chegue \u00e0 convers\u00e3o final.<\/p>\n<blockquote><p>A jornada do cliente \u00e9 algo t\u00e3o importante para sua empresa quanto as vendas no final do m\u00eas. \u00c9 atrav\u00e9s dela que voc\u00ea vai conseguir planejar o conte\u00fado perfeito para seu p\u00fablico-alvo, entender o comportamento e h\u00e1bitos de seus consumidores, saber os pontos fortes e fracos de sua empresa, verificar mais oportunidades e desenvolver as melhores estrat\u00e9gias para conquistar novos clientes e fidelizar os j\u00e1 existentes.<\/p><\/blockquote>\n<hr \/>\n<p><a href=\"http:\/\/ideas.scup.com\/pt\/redes-sociais-2\/social-ads-quando-o-comportamento-e-os-habitos-do-usuario-sao-usados-a-favor-da-marca\/\" target=\"_blank\"><strong>Social Ads: quando o comportamento e os h\u00e1bitos do usu\u00e1rio s\u00e3o usados a favor da marca<\/strong><\/a> &#8211; do Scup<\/p>\n<p>Nessa curta entrevista com Fernando Souza, professor de Marketing Digital, ele fala sobre os benef\u00edcios do aspecto social no marketing digital, al\u00e9m de discutir como as empresas devem se apropriar disso com as novidades tecnol\u00f3gicas de um futuro breve.<\/p>\n<blockquote><p>Muitas marcas j\u00e1 sa\u00edram do estagio de utilizar as redes sociais apenas como ferramentas de relacionamento com o consumidor e constru\u00e7\u00e3o de marca. Hoje, os anunciantes querem mais; eles querem usar as redes sociais como Plataforma de Marketing e, para isso, est\u00e3o sendo criados \u201ccall to actions\u201d melhores, ou seja, pontes ligam o necessidade das marcas com o desejo do p\u00fablico. E, com isso, as m\u00eddias sociais, faturam, amadurecem e ampliam sua fun\u00e7\u00e3o e prop\u00f3sito.<\/p><\/blockquote>\n<hr \/>\n<p><a href=\"http:\/\/www.publicitariossc.com\/2015\/08\/community-manager-nome-bonito-para-social-media\/\" target=\"_blank\"><strong>Community Manager: nome bonito para social media<\/strong><\/a> &#8211; no Publicit\u00e1rios Social Club<\/p>\n<p>Por fim, esse texto do Publicit\u00e1rios S.C., que nem ia entrar na lista, mas, como fala de um assunto sobre o qual um dos <a href=\"https:\/\/estudandosocialmedia.wordpress.com\/2015\/09\/09\/e-book-um-guia-pratico-sobre-social-media-optimization-do-scup\/\">e-books que publiquei esta semana<\/a> aborda, achei que seria uma boa leitura complementar. \u00c9, em suma, um artigo que reflete sobre as atribui\u00e7\u00f5es desse profissional.<\/p>\n<blockquote><p>O principal desafio para os Community Manager\u2019s \u00e9 o que o cliente exige. Tanto quanto saber como usar as m\u00eddias sociais no trabalho, as regras b\u00e1sicas para publicar conte\u00fado de qualidade ou dicas para fazer publica\u00e7\u00f5es mais eficazes, realmente tem que come\u00e7ar do zero quando se trabalha com um cliente concreto. Cada cliente \u00e9 \u00fanico e as exig\u00eancias deles s\u00e3o muito diferentes.<\/p><\/blockquote>\n","protected":false},"excerpt":{"rendered":"<p>O n\u00edvel das leituras desta semana foi bastante alto, talvez por isso tive dificuldade em diminuir as que compartilharia aqui no blog como de costume. Consegui chegar ao n\u00famero de 10 textos, algumas not\u00edcias, outras mat\u00e9rias\/entrevistas, outros artigos&#8230; Todos que trazem um conte\u00fado bastante interessante seja apenas para a reflex\u00e3o ou para o aprendizado.<\/p>\n","protected":false},"author":1,"featured_media":356,"comment_status":"open","ping_status":"open","sticky":false,"template":"","format":"aside","meta":{"footnotes":""},"categories":[9],"tags":[33,34,48,55,63,88],"class_list":["post-355","post","type-post","status-publish","format-aside","has-post-thumbnail","hentry","category-leituras","tag-data","tag-design","tag-funil-de-vendas","tag-instagram-ads","tag-marketing-programatico","tag-social-ads","post_format-post-format-aside"],"yoast_head":"<!-- This site is optimized with the Yoast SEO plugin v27.5 - https:\/\/yoast.com\/product\/yoast-seo-wordpress\/ -->\n<title>Leituras da semana: Google Store Visits, Instagram Ads e conte\u00fado respons\u00e1vel &#8211; insightee<\/title>\n<meta name=\"robots\" content=\"index, follow, max-snippet:-1, max-image-preview:large, max-video-preview:-1\" \/>\n<link rel=\"canonical\" href=\"https:\/\/insightee.com.br\/blog\/leituras-da-semana-google-store-visits-instagram-ads-e-conteudo-responsavel\/\" \/>\n<meta property=\"og:locale\" content=\"pt_BR\" \/>\n<meta property=\"og:type\" content=\"article\" \/>\n<meta property=\"og:title\" content=\"Leituras da semana: Google Store Visits, Instagram Ads e conte\u00fado respons\u00e1vel &#8211; insightee\" \/>\n<meta property=\"og:description\" content=\"O n\u00edvel das leituras desta semana foi bastante alto, talvez por isso tive dificuldade em diminuir as que compartilharia aqui no blog como de costume. Consegui chegar ao n\u00famero de 10 textos, algumas not\u00edcias, outras mat\u00e9rias\/entrevistas, outros artigos... Todos que trazem um conte\u00fado bastante interessante seja apenas para a reflex\u00e3o ou para o aprendizado.\" \/>\n<meta property=\"og:url\" content=\"https:\/\/insightee.com.br\/blog\/leituras-da-semana-google-store-visits-instagram-ads-e-conteudo-responsavel\/\" \/>\n<meta property=\"og:site_name\" content=\"insightee\" \/>\n<meta property=\"article:publisher\" content=\"https:\/\/www.facebook.com\/pedrormeirelles\" \/>\n<meta property=\"article:author\" content=\"https:\/\/www.facebook.com\/pedrormeirelles\" \/>\n<meta property=\"article:published_time\" content=\"2015-09-13T22:31:36+00:00\" \/>\n<meta property=\"og:image\" content=\"https:\/\/insightee.com.br\/blog\/wp-content\/uploads\/2015\/09\/leituras-13.jpg\" \/>\n\t<meta property=\"og:image:width\" content=\"810\" \/>\n\t<meta property=\"og:image:height\" content=\"360\" \/>\n\t<meta property=\"og:image:type\" content=\"image\/jpeg\" \/>\n<meta name=\"author\" content=\"Pedro Meirelles\" \/>\n<meta name=\"twitter:card\" content=\"summary_large_image\" \/>\n<meta name=\"twitter:creator\" content=\"@https:\/\/twitter.com\/peumeirelles\" \/>\n<meta name=\"twitter:site\" content=\"@peumeirelles\" \/>\n<meta name=\"twitter:label1\" content=\"Escrito por\" \/>\n\t<meta name=\"twitter:data1\" content=\"Pedro Meirelles\" \/>\n\t<meta name=\"twitter:label2\" content=\"Est. tempo de leitura\" \/>\n\t<meta name=\"twitter:data2\" content=\"8 minutos\" \/>\n<script type=\"application\/ld+json\" class=\"yoast-schema-graph\">{\"@context\":\"https:\\\/\\\/schema.org\",\"@graph\":[{\"@type\":\"Article\",\"@id\":\"https:\\\/\\\/insightee.com.br\\\/blog\\\/leituras-da-semana-google-store-visits-instagram-ads-e-conteudo-responsavel\\\/#article\",\"isPartOf\":{\"@id\":\"https:\\\/\\\/insightee.com.br\\\/blog\\\/leituras-da-semana-google-store-visits-instagram-ads-e-conteudo-responsavel\\\/\"},\"author\":{\"name\":\"Pedro Meirelles\",\"@id\":\"https:\\\/\\\/insightee.com.br\\\/blog\\\/#\\\/schema\\\/person\\\/25bb944f37e66a0298f607979c5b0a22\"},\"headline\":\"Leituras da semana: Google Store Visits, Instagram Ads e conte\u00fado respons\u00e1vel\",\"datePublished\":\"2015-09-13T22:31:36+00:00\",\"mainEntityOfPage\":{\"@id\":\"https:\\\/\\\/insightee.com.br\\\/blog\\\/leituras-da-semana-google-store-visits-instagram-ads-e-conteudo-responsavel\\\/\"},\"wordCount\":1610,\"commentCount\":0,\"image\":{\"@id\":\"https:\\\/\\\/insightee.com.br\\\/blog\\\/leituras-da-semana-google-store-visits-instagram-ads-e-conteudo-responsavel\\\/#primaryimage\"},\"thumbnailUrl\":\"https:\\\/\\\/insightee.com.br\\\/blog\\\/wp-content\\\/uploads\\\/2015\\\/09\\\/leituras-13.jpg\",\"keywords\":[\"data\",\"design\",\"funil de vendas\",\"Instagram Ads\",\"marketing program\u00e1tico\",\"social ads\"],\"articleSection\":[\"Leituras\"],\"inLanguage\":\"pt-BR\",\"potentialAction\":[{\"@type\":\"CommentAction\",\"name\":\"Comment\",\"target\":[\"https:\\\/\\\/insightee.com.br\\\/blog\\\/leituras-da-semana-google-store-visits-instagram-ads-e-conteudo-responsavel\\\/#respond\"]}]},{\"@type\":\"WebPage\",\"@id\":\"https:\\\/\\\/insightee.com.br\\\/blog\\\/leituras-da-semana-google-store-visits-instagram-ads-e-conteudo-responsavel\\\/\",\"url\":\"https:\\\/\\\/insightee.com.br\\\/blog\\\/leituras-da-semana-google-store-visits-instagram-ads-e-conteudo-responsavel\\\/\",\"name\":\"Leituras da semana: Google Store Visits, Instagram Ads e conte\u00fado respons\u00e1vel &#8211; insightee\",\"isPartOf\":{\"@id\":\"https:\\\/\\\/insightee.com.br\\\/blog\\\/#website\"},\"primaryImageOfPage\":{\"@id\":\"https:\\\/\\\/insightee.com.br\\\/blog\\\/leituras-da-semana-google-store-visits-instagram-ads-e-conteudo-responsavel\\\/#primaryimage\"},\"image\":{\"@id\":\"https:\\\/\\\/insightee.com.br\\\/blog\\\/leituras-da-semana-google-store-visits-instagram-ads-e-conteudo-responsavel\\\/#primaryimage\"},\"thumbnailUrl\":\"https:\\\/\\\/insightee.com.br\\\/blog\\\/wp-content\\\/uploads\\\/2015\\\/09\\\/leituras-13.jpg\",\"datePublished\":\"2015-09-13T22:31:36+00:00\",\"author\":{\"@id\":\"https:\\\/\\\/insightee.com.br\\\/blog\\\/#\\\/schema\\\/person\\\/25bb944f37e66a0298f607979c5b0a22\"},\"breadcrumb\":{\"@id\":\"https:\\\/\\\/insightee.com.br\\\/blog\\\/leituras-da-semana-google-store-visits-instagram-ads-e-conteudo-responsavel\\\/#breadcrumb\"},\"inLanguage\":\"pt-BR\",\"potentialAction\":[{\"@type\":\"ReadAction\",\"target\":[\"https:\\\/\\\/insightee.com.br\\\/blog\\\/leituras-da-semana-google-store-visits-instagram-ads-e-conteudo-responsavel\\\/\"]}]},{\"@type\":\"ImageObject\",\"inLanguage\":\"pt-BR\",\"@id\":\"https:\\\/\\\/insightee.com.br\\\/blog\\\/leituras-da-semana-google-store-visits-instagram-ads-e-conteudo-responsavel\\\/#primaryimage\",\"url\":\"https:\\\/\\\/insightee.com.br\\\/blog\\\/wp-content\\\/uploads\\\/2015\\\/09\\\/leituras-13.jpg\",\"contentUrl\":\"https:\\\/\\\/insightee.com.br\\\/blog\\\/wp-content\\\/uploads\\\/2015\\\/09\\\/leituras-13.jpg\",\"width\":810,\"height\":360},{\"@type\":\"BreadcrumbList\",\"@id\":\"https:\\\/\\\/insightee.com.br\\\/blog\\\/leituras-da-semana-google-store-visits-instagram-ads-e-conteudo-responsavel\\\/#breadcrumb\",\"itemListElement\":[{\"@type\":\"ListItem\",\"position\":1,\"name\":\"In\u00edcio\",\"item\":\"https:\\\/\\\/insightee.com.br\\\/blog\\\/\"},{\"@type\":\"ListItem\",\"position\":2,\"name\":\"Leituras da semana: Google Store Visits, Instagram Ads e conte\u00fado respons\u00e1vel\"}]},{\"@type\":\"WebSite\",\"@id\":\"https:\\\/\\\/insightee.com.br\\\/blog\\\/#website\",\"url\":\"https:\\\/\\\/insightee.com.br\\\/blog\\\/\",\"name\":\"insightee\",\"description\":\"\u00e0 procura do insight perfeito\",\"potentialAction\":[{\"@type\":\"SearchAction\",\"target\":{\"@type\":\"EntryPoint\",\"urlTemplate\":\"https:\\\/\\\/insightee.com.br\\\/blog\\\/?s={search_term_string}\"},\"query-input\":{\"@type\":\"PropertyValueSpecification\",\"valueRequired\":true,\"valueName\":\"search_term_string\"}}],\"inLanguage\":\"pt-BR\"},{\"@type\":\"Person\",\"@id\":\"https:\\\/\\\/insightee.com.br\\\/blog\\\/#\\\/schema\\\/person\\\/25bb944f37e66a0298f607979c5b0a22\",\"name\":\"Pedro Meirelles\",\"image\":{\"@type\":\"ImageObject\",\"inLanguage\":\"pt-BR\",\"@id\":\"https:\\\/\\\/secure.gravatar.com\\\/avatar\\\/65e627ac6c71e8afcd40409c252c043555caf5da4f58ba46ab903227744c24fd?s=96&d=mm&r=g\",\"url\":\"https:\\\/\\\/secure.gravatar.com\\\/avatar\\\/65e627ac6c71e8afcd40409c252c043555caf5da4f58ba46ab903227744c24fd?s=96&d=mm&r=g\",\"contentUrl\":\"https:\\\/\\\/secure.gravatar.com\\\/avatar\\\/65e627ac6c71e8afcd40409c252c043555caf5da4f58ba46ab903227744c24fd?s=96&d=mm&r=g\",\"caption\":\"Pedro Meirelles\"},\"description\":\"Mestrando em Cultura e Territorialidades pela Universidade Federal Fluminense, formado em Estudos de M\u00eddia pela mesma institui\u00e7\u00e3o. Interessado em pesquisa digital, m\u00e9todos digitais, an\u00e1lise de dados, cultura, sociedade e Nordeste. Pesquisador no Instituto Brasileiro de Pesquisa e An\u00e1lise de Dados. (+)\",\"sameAs\":[\"https:\\\/\\\/www.facebook.com\\\/pedrormeirelles\",\"http:\\\/\\\/instagram.com\\\/seekpedro\",\"https:\\\/\\\/www.linkedin.com\\\/in\\\/meirellespedro\",\"https:\\\/\\\/x.com\\\/https:\\\/\\\/twitter.com\\\/peumeirelles\"],\"url\":\"https:\\\/\\\/insightee.com.br\\\/blog\\\/author\\\/pedro-meirelles\\\/\"}]}<\/script>\n<!-- \/ Yoast SEO plugin. -->","yoast_head_json":{"title":"Leituras da semana: Google Store Visits, Instagram Ads e conte\u00fado respons\u00e1vel &#8211; insightee","robots":{"index":"index","follow":"follow","max-snippet":"max-snippet:-1","max-image-preview":"max-image-preview:large","max-video-preview":"max-video-preview:-1"},"canonical":"https:\/\/insightee.com.br\/blog\/leituras-da-semana-google-store-visits-instagram-ads-e-conteudo-responsavel\/","og_locale":"pt_BR","og_type":"article","og_title":"Leituras da semana: Google Store Visits, Instagram Ads e conte\u00fado respons\u00e1vel &#8211; insightee","og_description":"O n\u00edvel das leituras desta semana foi bastante alto, talvez por isso tive dificuldade em diminuir as que compartilharia aqui no blog como de costume. Consegui chegar ao n\u00famero de 10 textos, algumas not\u00edcias, outras mat\u00e9rias\/entrevistas, outros artigos... Todos que trazem um conte\u00fado bastante interessante seja apenas para a reflex\u00e3o ou para o aprendizado.","og_url":"https:\/\/insightee.com.br\/blog\/leituras-da-semana-google-store-visits-instagram-ads-e-conteudo-responsavel\/","og_site_name":"insightee","article_publisher":"https:\/\/www.facebook.com\/pedrormeirelles","article_author":"https:\/\/www.facebook.com\/pedrormeirelles","article_published_time":"2015-09-13T22:31:36+00:00","og_image":[{"width":810,"height":360,"url":"https:\/\/insightee.com.br\/blog\/wp-content\/uploads\/2015\/09\/leituras-13.jpg","type":"image\/jpeg"}],"author":"Pedro Meirelles","twitter_card":"summary_large_image","twitter_creator":"@https:\/\/twitter.com\/peumeirelles","twitter_site":"@peumeirelles","twitter_misc":{"Escrito por":"Pedro Meirelles","Est. tempo de leitura":"8 minutos"},"schema":{"@context":"https:\/\/schema.org","@graph":[{"@type":"Article","@id":"https:\/\/insightee.com.br\/blog\/leituras-da-semana-google-store-visits-instagram-ads-e-conteudo-responsavel\/#article","isPartOf":{"@id":"https:\/\/insightee.com.br\/blog\/leituras-da-semana-google-store-visits-instagram-ads-e-conteudo-responsavel\/"},"author":{"name":"Pedro Meirelles","@id":"https:\/\/insightee.com.br\/blog\/#\/schema\/person\/25bb944f37e66a0298f607979c5b0a22"},"headline":"Leituras da semana: Google Store Visits, Instagram Ads e conte\u00fado respons\u00e1vel","datePublished":"2015-09-13T22:31:36+00:00","mainEntityOfPage":{"@id":"https:\/\/insightee.com.br\/blog\/leituras-da-semana-google-store-visits-instagram-ads-e-conteudo-responsavel\/"},"wordCount":1610,"commentCount":0,"image":{"@id":"https:\/\/insightee.com.br\/blog\/leituras-da-semana-google-store-visits-instagram-ads-e-conteudo-responsavel\/#primaryimage"},"thumbnailUrl":"https:\/\/insightee.com.br\/blog\/wp-content\/uploads\/2015\/09\/leituras-13.jpg","keywords":["data","design","funil de vendas","Instagram Ads","marketing program\u00e1tico","social ads"],"articleSection":["Leituras"],"inLanguage":"pt-BR","potentialAction":[{"@type":"CommentAction","name":"Comment","target":["https:\/\/insightee.com.br\/blog\/leituras-da-semana-google-store-visits-instagram-ads-e-conteudo-responsavel\/#respond"]}]},{"@type":"WebPage","@id":"https:\/\/insightee.com.br\/blog\/leituras-da-semana-google-store-visits-instagram-ads-e-conteudo-responsavel\/","url":"https:\/\/insightee.com.br\/blog\/leituras-da-semana-google-store-visits-instagram-ads-e-conteudo-responsavel\/","name":"Leituras da semana: Google Store Visits, Instagram Ads e conte\u00fado respons\u00e1vel &#8211; insightee","isPartOf":{"@id":"https:\/\/insightee.com.br\/blog\/#website"},"primaryImageOfPage":{"@id":"https:\/\/insightee.com.br\/blog\/leituras-da-semana-google-store-visits-instagram-ads-e-conteudo-responsavel\/#primaryimage"},"image":{"@id":"https:\/\/insightee.com.br\/blog\/leituras-da-semana-google-store-visits-instagram-ads-e-conteudo-responsavel\/#primaryimage"},"thumbnailUrl":"https:\/\/insightee.com.br\/blog\/wp-content\/uploads\/2015\/09\/leituras-13.jpg","datePublished":"2015-09-13T22:31:36+00:00","author":{"@id":"https:\/\/insightee.com.br\/blog\/#\/schema\/person\/25bb944f37e66a0298f607979c5b0a22"},"breadcrumb":{"@id":"https:\/\/insightee.com.br\/blog\/leituras-da-semana-google-store-visits-instagram-ads-e-conteudo-responsavel\/#breadcrumb"},"inLanguage":"pt-BR","potentialAction":[{"@type":"ReadAction","target":["https:\/\/insightee.com.br\/blog\/leituras-da-semana-google-store-visits-instagram-ads-e-conteudo-responsavel\/"]}]},{"@type":"ImageObject","inLanguage":"pt-BR","@id":"https:\/\/insightee.com.br\/blog\/leituras-da-semana-google-store-visits-instagram-ads-e-conteudo-responsavel\/#primaryimage","url":"https:\/\/insightee.com.br\/blog\/wp-content\/uploads\/2015\/09\/leituras-13.jpg","contentUrl":"https:\/\/insightee.com.br\/blog\/wp-content\/uploads\/2015\/09\/leituras-13.jpg","width":810,"height":360},{"@type":"BreadcrumbList","@id":"https:\/\/insightee.com.br\/blog\/leituras-da-semana-google-store-visits-instagram-ads-e-conteudo-responsavel\/#breadcrumb","itemListElement":[{"@type":"ListItem","position":1,"name":"In\u00edcio","item":"https:\/\/insightee.com.br\/blog\/"},{"@type":"ListItem","position":2,"name":"Leituras da semana: Google Store Visits, Instagram Ads e conte\u00fado respons\u00e1vel"}]},{"@type":"WebSite","@id":"https:\/\/insightee.com.br\/blog\/#website","url":"https:\/\/insightee.com.br\/blog\/","name":"insightee","description":"\u00e0 procura do insight perfeito","potentialAction":[{"@type":"SearchAction","target":{"@type":"EntryPoint","urlTemplate":"https:\/\/insightee.com.br\/blog\/?s={search_term_string}"},"query-input":{"@type":"PropertyValueSpecification","valueRequired":true,"valueName":"search_term_string"}}],"inLanguage":"pt-BR"},{"@type":"Person","@id":"https:\/\/insightee.com.br\/blog\/#\/schema\/person\/25bb944f37e66a0298f607979c5b0a22","name":"Pedro Meirelles","image":{"@type":"ImageObject","inLanguage":"pt-BR","@id":"https:\/\/secure.gravatar.com\/avatar\/65e627ac6c71e8afcd40409c252c043555caf5da4f58ba46ab903227744c24fd?s=96&d=mm&r=g","url":"https:\/\/secure.gravatar.com\/avatar\/65e627ac6c71e8afcd40409c252c043555caf5da4f58ba46ab903227744c24fd?s=96&d=mm&r=g","contentUrl":"https:\/\/secure.gravatar.com\/avatar\/65e627ac6c71e8afcd40409c252c043555caf5da4f58ba46ab903227744c24fd?s=96&d=mm&r=g","caption":"Pedro Meirelles"},"description":"Mestrando em Cultura e Territorialidades pela Universidade Federal Fluminense, formado em Estudos de M\u00eddia pela mesma institui\u00e7\u00e3o. Interessado em pesquisa digital, m\u00e9todos digitais, an\u00e1lise de dados, cultura, sociedade e Nordeste. Pesquisador no Instituto Brasileiro de Pesquisa e An\u00e1lise de Dados. (+)","sameAs":["https:\/\/www.facebook.com\/pedrormeirelles","http:\/\/instagram.com\/seekpedro","https:\/\/www.linkedin.com\/in\/meirellespedro","https:\/\/x.com\/https:\/\/twitter.com\/peumeirelles"],"url":"https:\/\/insightee.com.br\/blog\/author\/pedro-meirelles\/"}]}},"views":1189,"_links":{"self":[{"href":"https:\/\/insightee.com.br\/blog\/wp-json\/wp\/v2\/posts\/355","targetHints":{"allow":["GET"]}}],"collection":[{"href":"https:\/\/insightee.com.br\/blog\/wp-json\/wp\/v2\/posts"}],"about":[{"href":"https:\/\/insightee.com.br\/blog\/wp-json\/wp\/v2\/types\/post"}],"author":[{"embeddable":true,"href":"https:\/\/insightee.com.br\/blog\/wp-json\/wp\/v2\/users\/1"}],"replies":[{"embeddable":true,"href":"https:\/\/insightee.com.br\/blog\/wp-json\/wp\/v2\/comments?post=355"}],"version-history":[{"count":0,"href":"https:\/\/insightee.com.br\/blog\/wp-json\/wp\/v2\/posts\/355\/revisions"}],"wp:featuredmedia":[{"embeddable":true,"href":"https:\/\/insightee.com.br\/blog\/wp-json\/wp\/v2\/media\/356"}],"wp:attachment":[{"href":"https:\/\/insightee.com.br\/blog\/wp-json\/wp\/v2\/media?parent=355"}],"wp:term":[{"taxonomy":"category","embeddable":true,"href":"https:\/\/insightee.com.br\/blog\/wp-json\/wp\/v2\/categories?post=355"},{"taxonomy":"post_tag","embeddable":true,"href":"https:\/\/insightee.com.br\/blog\/wp-json\/wp\/v2\/tags?post=355"}],"curies":[{"name":"wp","href":"https:\/\/api.w.org\/{rel}","templated":true}]}}