{"id":256,"date":"2015-09-03T21:22:45","date_gmt":"2015-09-03T21:22:45","guid":{"rendered":"https:\/\/estudandosocialmedia.wordpress.com\/?p=256"},"modified":"2016-07-09T16:37:04","modified_gmt":"2016-07-09T19:37:04","slug":"questao-de-opiniao-o-seu-trabalho-vale-o-seu-salario","status":"publish","type":"post","link":"https:\/\/insightee.com.br\/blog\/questao-de-opiniao-o-seu-trabalho-vale-o-seu-salario\/","title":{"rendered":"Quest\u00e3o de opini\u00e3o: o seu trabalho vale o seu sal\u00e1rio?"},"content":{"rendered":"<p>Esta semana vi divulgado no <a href=\"http:\/\/www.viniciusghise.com.br\/blog\/marketing-digital-profissionais-em-alta-na-crise\/\" target=\"_blank\">blog do Vin\u00edcius Ghise<\/a>, um dos profissionais de marketing digital que sigo no Twitter (e indico a todos fazerem o mesmo), uma pesquisa falando sobre &#8220;profissionais em alta na crise&#8221;. N\u00e3o cheguei a ler, mas salvei no Pocket e j\u00e1 estava na lista para ler em alguns dias. Da\u00ed que me deparei com a mesma pesquisa sendo divulgada por um link do G1 num <a href=\"https:\/\/www.facebook.com\/groups\/entusiastas\/permalink\/1029583303738976\/\" target=\"_blank\">grupo de profissionais de Social Media<\/a> no Facebook. \u00c9 curioso perceber a diferen\u00e7a de abordagem nos dois ambientes, parece gente &#8220;pr\u00f3-governo&#8221; x &#8220;anti-governo&#8221; discutindo o otimismo e pessimismo no pa\u00eds.<\/p>\n<p>Quando abri para ler os coment\u00e1rios do Facebook, j\u00e1 sabia qual seria a rea\u00e7\u00e3o das pessoas &#8211; o pr\u00f3prio Vin\u00edcius ratificou o sal\u00e1rio &#8220;fict\u00edcio&#8221; divulgado na pesquisa. Mas, vamos l\u00e1, analisar a descri\u00e7\u00e3o da profiss\u00e3o de Analista de marketing digital &#8211; segundo lugar dentre os oito cargos divulgados entre os &#8220;em alta na crise&#8221;:<\/p>\n<blockquote><p><strong>O que faz:<\/strong> respons\u00e1vel por todo o desenvolvimento, execu\u00e7\u00e3o e mensura\u00e7\u00e3o da estrat\u00e9gia on-line: website, e-commerce, redes sociais,\u00a0marketing de conte\u00fado como um todo, al\u00e9m de todas as plataformas on-line. Profissional em contato direto com ag\u00eancias de publicidade e conhecimento de ferramentas como Google adwords, Google analytics, SEO, SEM, CRM, entre outros;<\/p>\n<p><strong>Setor:<\/strong> empresas que tenham uma estrat\u00e9gia on-line;<\/p>\n<p><strong>Motivo:<\/strong> mundo on-line \u00e9 cada vez mais importantes e as empresas t\u00eam percebido que, para estarem mais pr\u00f3ximas de seus p\u00fablicos-alvo, precisam investir na \u00e1rea digital;<\/p>\n<p><strong>Sal\u00e1rio<\/strong>: R$ 4 mil a R$ 6 mil;<\/p><\/blockquote>\n<p>E a\u00ed eu me pergunto: ser\u00e1 que as pessoas leram do que se trata a profiss\u00e3o? E mais, se leram, ser\u00e1 que elas realmente fazem isso tudo? Ser\u00e1 que elas pensam o marketing digital de forma estrat\u00e9gica, elaborando um planejamento denso e pautado em resultados e an\u00e1lise de m\u00e9tricas? Ser\u00e1 que eles conseguem analisar o impacto de suas campanhas no Facebook, ou fazem de qualquer jeito sem ao menos se preocupar com o bom desempenho do CPC? Ser\u00e1 que essas pessoas buscam se informar mais sobre a \u00e1rea, participando de eventos\/palestras, semin\u00e1rios, ou ficam s\u00f3 no Facebook discutindo trabalho alheio?<\/p>\n<p>N\u00e3o quero chutar ningu\u00e9m (talvez um pouco, mas \u00e9 uma cr\u00edtica construtiva), quero apenas colocar em pauta para reflex\u00e3o se voc\u00ea \u00e9 um profissional que busca se diferenciar dos demais ou se \u00e9 apenas um profissional med\u00edocre. Talvez voc\u00ea seja e n\u00e3o saiba; talvez este post te fa\u00e7a refletir e voc\u00ea comece a buscar estudar mais sobre o mercado e a \u00e1rea na qual voc\u00ea trabalha; ou talvez voc\u00ea saiba, tenha pregui\u00e7a e queira ficar por isso mesmo &#8211; reclamando de sal\u00e1rio, de est\u00e1gio que pede muito e paga pouco, de vagas que pedem demais e oferecem de menos (n\u00e3o que estes estejam certo, mas, enquanto reclama, voc\u00ea pode buscar se capacitar melhor).<\/p>\n<p>Realmente, n\u00e3o t\u00e1 f\u00e1cil pra ningu\u00e9m, mas ficar o dia inteiro maratonando Narcos no Netflix n\u00e3o vai ajudar em nada (talvez ajude, mas em menor dose). Se voc\u00ea ainda n\u00e3o entrou na \u00e1rea, <a href=\"http:\/\/www.marianaoliveira.cc\/2014\/04\/dicas-de-como-comecar-no-mercado-digital\/\" target=\"_blank\">j\u00e1 postei aqui um texto<\/a> que pode ajudar muito a te orientar para onde ir ao come\u00e7ar. Se voc\u00ea j\u00e1 \u00e9 da \u00e1rea\/do mercado mas fica fazendo sempre a mesma coisa, n\u00e3o d\u00e1 aten\u00e7\u00e3o para as oportunidades que o ambiente digital te oferece (n\u00e3o fazer um trabalho baseado em m\u00e9tricas ou olhar apenas m\u00e9tricas &#8220;de vaidade&#8221; \u00e9 inaceit\u00e1vel), mude. Pesquise, leia, estude. S\u00f3 n\u00e3o vale reclamar quando n\u00e3o derem valor ao seu trabalho porque tem gente muito melhor e mais eficiente fazendo o que voc\u00ea faz &#8211; e se destacando por isso.<\/p>\n","protected":false},"excerpt":{"rendered":"<p>Esta semana vi divulgado no blog do Vin\u00edcius Ghise, um dos profissionais de marketing digital que sigo no Twitter (e indico a todos fazerem o mesmo), uma pesquisa falando sobre &#8220;profissionais em alta na crise&#8221;. N\u00e3o cheguei a ler, mas salvei no Pocket e j\u00e1 estava na lista para ler em alguns dias. Da\u00ed que [&hellip;]<\/p>\n","protected":false},"author":1,"featured_media":257,"comment_status":"open","ping_status":"open","sticky":false,"template":"","format":"standard","meta":{"footnotes":""},"categories":[10],"tags":[75],"class_list":["post-256","post","type-post","status-publish","format-standard","has-post-thumbnail","hentry","category-opiniao","tag-profissionais-de-social-media"],"yoast_head":"<!-- This site is optimized with the Yoast SEO plugin v27.5 - https:\/\/yoast.com\/product\/yoast-seo-wordpress\/ -->\n<title>Quest\u00e3o de opini\u00e3o: o seu trabalho vale o seu sal\u00e1rio? &#8211; insightee<\/title>\n<meta name=\"robots\" content=\"index, follow, max-snippet:-1, max-image-preview:large, max-video-preview:-1\" \/>\n<link rel=\"canonical\" href=\"https:\/\/insightee.com.br\/blog\/questao-de-opiniao-o-seu-trabalho-vale-o-seu-salario\/\" \/>\n<meta property=\"og:locale\" content=\"pt_BR\" \/>\n<meta property=\"og:type\" content=\"article\" \/>\n<meta property=\"og:title\" content=\"Quest\u00e3o de opini\u00e3o: o seu trabalho vale o seu sal\u00e1rio? &#8211; insightee\" \/>\n<meta property=\"og:description\" content=\"Esta semana vi divulgado no blog do Vin\u00edcius Ghise, um dos profissionais de marketing digital que sigo no Twitter (e indico a todos fazerem o mesmo), uma pesquisa falando sobre &#8220;profissionais em alta na crise&#8221;. N\u00e3o cheguei a ler, mas salvei no Pocket e j\u00e1 estava na lista para ler em alguns dias. Da\u00ed que [&hellip;]\" \/>\n<meta property=\"og:url\" content=\"https:\/\/insightee.com.br\/blog\/questao-de-opiniao-o-seu-trabalho-vale-o-seu-salario\/\" \/>\n<meta property=\"og:site_name\" content=\"insightee\" \/>\n<meta property=\"article:publisher\" content=\"https:\/\/www.facebook.com\/pedrormeirelles\" \/>\n<meta property=\"article:author\" content=\"https:\/\/www.facebook.com\/pedrormeirelles\" \/>\n<meta property=\"article:published_time\" content=\"2015-09-03T21:22:45+00:00\" \/>\n<meta property=\"article:modified_time\" content=\"2016-07-09T19:37:04+00:00\" \/>\n<meta property=\"og:image\" content=\"https:\/\/insightee.com.br\/blog\/wp-content\/uploads\/2015\/09\/banner-opiniao.png\" \/>\n\t<meta property=\"og:image:width\" content=\"810\" \/>\n\t<meta property=\"og:image:height\" content=\"360\" \/>\n\t<meta property=\"og:image:type\" content=\"image\/png\" \/>\n<meta name=\"author\" content=\"Pedro Meirelles\" \/>\n<meta name=\"twitter:card\" content=\"summary_large_image\" \/>\n<meta name=\"twitter:creator\" content=\"@https:\/\/twitter.com\/peumeirelles\" \/>\n<meta name=\"twitter:site\" content=\"@peumeirelles\" \/>\n<meta name=\"twitter:label1\" content=\"Escrito por\" \/>\n\t<meta name=\"twitter:data1\" content=\"Pedro Meirelles\" \/>\n\t<meta name=\"twitter:label2\" content=\"Est. tempo de leitura\" \/>\n\t<meta name=\"twitter:data2\" content=\"3 minutos\" \/>\n<script type=\"application\/ld+json\" class=\"yoast-schema-graph\">{\"@context\":\"https:\\\/\\\/schema.org\",\"@graph\":[{\"@type\":\"Article\",\"@id\":\"https:\\\/\\\/insightee.com.br\\\/blog\\\/questao-de-opiniao-o-seu-trabalho-vale-o-seu-salario\\\/#article\",\"isPartOf\":{\"@id\":\"https:\\\/\\\/insightee.com.br\\\/blog\\\/questao-de-opiniao-o-seu-trabalho-vale-o-seu-salario\\\/\"},\"author\":{\"name\":\"Pedro Meirelles\",\"@id\":\"https:\\\/\\\/insightee.com.br\\\/blog\\\/#\\\/schema\\\/person\\\/25bb944f37e66a0298f607979c5b0a22\"},\"headline\":\"Quest\u00e3o de opini\u00e3o: o seu trabalho vale o seu sal\u00e1rio?\",\"datePublished\":\"2015-09-03T21:22:45+00:00\",\"dateModified\":\"2016-07-09T19:37:04+00:00\",\"mainEntityOfPage\":{\"@id\":\"https:\\\/\\\/insightee.com.br\\\/blog\\\/questao-de-opiniao-o-seu-trabalho-vale-o-seu-salario\\\/\"},\"wordCount\":645,\"commentCount\":0,\"image\":{\"@id\":\"https:\\\/\\\/insightee.com.br\\\/blog\\\/questao-de-opiniao-o-seu-trabalho-vale-o-seu-salario\\\/#primaryimage\"},\"thumbnailUrl\":\"https:\\\/\\\/insightee.com.br\\\/blog\\\/wp-content\\\/uploads\\\/2015\\\/09\\\/banner-opiniao.png\",\"keywords\":[\"profissionais de social media\"],\"articleSection\":[\"Opini\u00e3o\"],\"inLanguage\":\"pt-BR\",\"potentialAction\":[{\"@type\":\"CommentAction\",\"name\":\"Comment\",\"target\":[\"https:\\\/\\\/insightee.com.br\\\/blog\\\/questao-de-opiniao-o-seu-trabalho-vale-o-seu-salario\\\/#respond\"]}]},{\"@type\":\"WebPage\",\"@id\":\"https:\\\/\\\/insightee.com.br\\\/blog\\\/questao-de-opiniao-o-seu-trabalho-vale-o-seu-salario\\\/\",\"url\":\"https:\\\/\\\/insightee.com.br\\\/blog\\\/questao-de-opiniao-o-seu-trabalho-vale-o-seu-salario\\\/\",\"name\":\"Quest\u00e3o de opini\u00e3o: o seu trabalho vale o seu sal\u00e1rio? &#8211; insightee\",\"isPartOf\":{\"@id\":\"https:\\\/\\\/insightee.com.br\\\/blog\\\/#website\"},\"primaryImageOfPage\":{\"@id\":\"https:\\\/\\\/insightee.com.br\\\/blog\\\/questao-de-opiniao-o-seu-trabalho-vale-o-seu-salario\\\/#primaryimage\"},\"image\":{\"@id\":\"https:\\\/\\\/insightee.com.br\\\/blog\\\/questao-de-opiniao-o-seu-trabalho-vale-o-seu-salario\\\/#primaryimage\"},\"thumbnailUrl\":\"https:\\\/\\\/insightee.com.br\\\/blog\\\/wp-content\\\/uploads\\\/2015\\\/09\\\/banner-opiniao.png\",\"datePublished\":\"2015-09-03T21:22:45+00:00\",\"dateModified\":\"2016-07-09T19:37:04+00:00\",\"author\":{\"@id\":\"https:\\\/\\\/insightee.com.br\\\/blog\\\/#\\\/schema\\\/person\\\/25bb944f37e66a0298f607979c5b0a22\"},\"breadcrumb\":{\"@id\":\"https:\\\/\\\/insightee.com.br\\\/blog\\\/questao-de-opiniao-o-seu-trabalho-vale-o-seu-salario\\\/#breadcrumb\"},\"inLanguage\":\"pt-BR\",\"potentialAction\":[{\"@type\":\"ReadAction\",\"target\":[\"https:\\\/\\\/insightee.com.br\\\/blog\\\/questao-de-opiniao-o-seu-trabalho-vale-o-seu-salario\\\/\"]}]},{\"@type\":\"ImageObject\",\"inLanguage\":\"pt-BR\",\"@id\":\"https:\\\/\\\/insightee.com.br\\\/blog\\\/questao-de-opiniao-o-seu-trabalho-vale-o-seu-salario\\\/#primaryimage\",\"url\":\"https:\\\/\\\/insightee.com.br\\\/blog\\\/wp-content\\\/uploads\\\/2015\\\/09\\\/banner-opiniao.png\",\"contentUrl\":\"https:\\\/\\\/insightee.com.br\\\/blog\\\/wp-content\\\/uploads\\\/2015\\\/09\\\/banner-opiniao.png\",\"width\":810,\"height\":360},{\"@type\":\"BreadcrumbList\",\"@id\":\"https:\\\/\\\/insightee.com.br\\\/blog\\\/questao-de-opiniao-o-seu-trabalho-vale-o-seu-salario\\\/#breadcrumb\",\"itemListElement\":[{\"@type\":\"ListItem\",\"position\":1,\"name\":\"In\u00edcio\",\"item\":\"https:\\\/\\\/insightee.com.br\\\/blog\\\/\"},{\"@type\":\"ListItem\",\"position\":2,\"name\":\"Quest\u00e3o de opini\u00e3o: o seu trabalho vale o seu sal\u00e1rio?\"}]},{\"@type\":\"WebSite\",\"@id\":\"https:\\\/\\\/insightee.com.br\\\/blog\\\/#website\",\"url\":\"https:\\\/\\\/insightee.com.br\\\/blog\\\/\",\"name\":\"insightee\",\"description\":\"\u00e0 procura do insight perfeito\",\"potentialAction\":[{\"@type\":\"SearchAction\",\"target\":{\"@type\":\"EntryPoint\",\"urlTemplate\":\"https:\\\/\\\/insightee.com.br\\\/blog\\\/?s={search_term_string}\"},\"query-input\":{\"@type\":\"PropertyValueSpecification\",\"valueRequired\":true,\"valueName\":\"search_term_string\"}}],\"inLanguage\":\"pt-BR\"},{\"@type\":\"Person\",\"@id\":\"https:\\\/\\\/insightee.com.br\\\/blog\\\/#\\\/schema\\\/person\\\/25bb944f37e66a0298f607979c5b0a22\",\"name\":\"Pedro Meirelles\",\"image\":{\"@type\":\"ImageObject\",\"inLanguage\":\"pt-BR\",\"@id\":\"https:\\\/\\\/secure.gravatar.com\\\/avatar\\\/65e627ac6c71e8afcd40409c252c043555caf5da4f58ba46ab903227744c24fd?s=96&d=mm&r=g\",\"url\":\"https:\\\/\\\/secure.gravatar.com\\\/avatar\\\/65e627ac6c71e8afcd40409c252c043555caf5da4f58ba46ab903227744c24fd?s=96&d=mm&r=g\",\"contentUrl\":\"https:\\\/\\\/secure.gravatar.com\\\/avatar\\\/65e627ac6c71e8afcd40409c252c043555caf5da4f58ba46ab903227744c24fd?s=96&d=mm&r=g\",\"caption\":\"Pedro Meirelles\"},\"description\":\"Mestrando em Cultura e Territorialidades pela Universidade Federal Fluminense, formado em Estudos de M\u00eddia pela mesma institui\u00e7\u00e3o. Interessado em pesquisa digital, m\u00e9todos digitais, an\u00e1lise de dados, cultura, sociedade e Nordeste. Pesquisador no Instituto Brasileiro de Pesquisa e An\u00e1lise de Dados. (+)\",\"sameAs\":[\"https:\\\/\\\/www.facebook.com\\\/pedrormeirelles\",\"http:\\\/\\\/instagram.com\\\/seekpedro\",\"https:\\\/\\\/www.linkedin.com\\\/in\\\/meirellespedro\",\"https:\\\/\\\/x.com\\\/https:\\\/\\\/twitter.com\\\/peumeirelles\"],\"url\":\"https:\\\/\\\/insightee.com.br\\\/blog\\\/author\\\/pedro-meirelles\\\/\"}]}<\/script>\n<!-- \/ Yoast SEO plugin. -->","yoast_head_json":{"title":"Quest\u00e3o de opini\u00e3o: o seu trabalho vale o seu sal\u00e1rio? &#8211; insightee","robots":{"index":"index","follow":"follow","max-snippet":"max-snippet:-1","max-image-preview":"max-image-preview:large","max-video-preview":"max-video-preview:-1"},"canonical":"https:\/\/insightee.com.br\/blog\/questao-de-opiniao-o-seu-trabalho-vale-o-seu-salario\/","og_locale":"pt_BR","og_type":"article","og_title":"Quest\u00e3o de opini\u00e3o: o seu trabalho vale o seu sal\u00e1rio? &#8211; insightee","og_description":"Esta semana vi divulgado no blog do Vin\u00edcius Ghise, um dos profissionais de marketing digital que sigo no Twitter (e indico a todos fazerem o mesmo), uma pesquisa falando sobre &#8220;profissionais em alta na crise&#8221;. N\u00e3o cheguei a ler, mas salvei no Pocket e j\u00e1 estava na lista para ler em alguns dias. Da\u00ed que [&hellip;]","og_url":"https:\/\/insightee.com.br\/blog\/questao-de-opiniao-o-seu-trabalho-vale-o-seu-salario\/","og_site_name":"insightee","article_publisher":"https:\/\/www.facebook.com\/pedrormeirelles","article_author":"https:\/\/www.facebook.com\/pedrormeirelles","article_published_time":"2015-09-03T21:22:45+00:00","article_modified_time":"2016-07-09T19:37:04+00:00","og_image":[{"width":810,"height":360,"url":"https:\/\/insightee.com.br\/blog\/wp-content\/uploads\/2015\/09\/banner-opiniao.png","type":"image\/png"}],"author":"Pedro Meirelles","twitter_card":"summary_large_image","twitter_creator":"@https:\/\/twitter.com\/peumeirelles","twitter_site":"@peumeirelles","twitter_misc":{"Escrito por":"Pedro Meirelles","Est. tempo de leitura":"3 minutos"},"schema":{"@context":"https:\/\/schema.org","@graph":[{"@type":"Article","@id":"https:\/\/insightee.com.br\/blog\/questao-de-opiniao-o-seu-trabalho-vale-o-seu-salario\/#article","isPartOf":{"@id":"https:\/\/insightee.com.br\/blog\/questao-de-opiniao-o-seu-trabalho-vale-o-seu-salario\/"},"author":{"name":"Pedro Meirelles","@id":"https:\/\/insightee.com.br\/blog\/#\/schema\/person\/25bb944f37e66a0298f607979c5b0a22"},"headline":"Quest\u00e3o de opini\u00e3o: o seu trabalho vale o seu sal\u00e1rio?","datePublished":"2015-09-03T21:22:45+00:00","dateModified":"2016-07-09T19:37:04+00:00","mainEntityOfPage":{"@id":"https:\/\/insightee.com.br\/blog\/questao-de-opiniao-o-seu-trabalho-vale-o-seu-salario\/"},"wordCount":645,"commentCount":0,"image":{"@id":"https:\/\/insightee.com.br\/blog\/questao-de-opiniao-o-seu-trabalho-vale-o-seu-salario\/#primaryimage"},"thumbnailUrl":"https:\/\/insightee.com.br\/blog\/wp-content\/uploads\/2015\/09\/banner-opiniao.png","keywords":["profissionais de social media"],"articleSection":["Opini\u00e3o"],"inLanguage":"pt-BR","potentialAction":[{"@type":"CommentAction","name":"Comment","target":["https:\/\/insightee.com.br\/blog\/questao-de-opiniao-o-seu-trabalho-vale-o-seu-salario\/#respond"]}]},{"@type":"WebPage","@id":"https:\/\/insightee.com.br\/blog\/questao-de-opiniao-o-seu-trabalho-vale-o-seu-salario\/","url":"https:\/\/insightee.com.br\/blog\/questao-de-opiniao-o-seu-trabalho-vale-o-seu-salario\/","name":"Quest\u00e3o de opini\u00e3o: o seu trabalho vale o seu sal\u00e1rio? &#8211; insightee","isPartOf":{"@id":"https:\/\/insightee.com.br\/blog\/#website"},"primaryImageOfPage":{"@id":"https:\/\/insightee.com.br\/blog\/questao-de-opiniao-o-seu-trabalho-vale-o-seu-salario\/#primaryimage"},"image":{"@id":"https:\/\/insightee.com.br\/blog\/questao-de-opiniao-o-seu-trabalho-vale-o-seu-salario\/#primaryimage"},"thumbnailUrl":"https:\/\/insightee.com.br\/blog\/wp-content\/uploads\/2015\/09\/banner-opiniao.png","datePublished":"2015-09-03T21:22:45+00:00","dateModified":"2016-07-09T19:37:04+00:00","author":{"@id":"https:\/\/insightee.com.br\/blog\/#\/schema\/person\/25bb944f37e66a0298f607979c5b0a22"},"breadcrumb":{"@id":"https:\/\/insightee.com.br\/blog\/questao-de-opiniao-o-seu-trabalho-vale-o-seu-salario\/#breadcrumb"},"inLanguage":"pt-BR","potentialAction":[{"@type":"ReadAction","target":["https:\/\/insightee.com.br\/blog\/questao-de-opiniao-o-seu-trabalho-vale-o-seu-salario\/"]}]},{"@type":"ImageObject","inLanguage":"pt-BR","@id":"https:\/\/insightee.com.br\/blog\/questao-de-opiniao-o-seu-trabalho-vale-o-seu-salario\/#primaryimage","url":"https:\/\/insightee.com.br\/blog\/wp-content\/uploads\/2015\/09\/banner-opiniao.png","contentUrl":"https:\/\/insightee.com.br\/blog\/wp-content\/uploads\/2015\/09\/banner-opiniao.png","width":810,"height":360},{"@type":"BreadcrumbList","@id":"https:\/\/insightee.com.br\/blog\/questao-de-opiniao-o-seu-trabalho-vale-o-seu-salario\/#breadcrumb","itemListElement":[{"@type":"ListItem","position":1,"name":"In\u00edcio","item":"https:\/\/insightee.com.br\/blog\/"},{"@type":"ListItem","position":2,"name":"Quest\u00e3o de opini\u00e3o: o seu trabalho vale o seu sal\u00e1rio?"}]},{"@type":"WebSite","@id":"https:\/\/insightee.com.br\/blog\/#website","url":"https:\/\/insightee.com.br\/blog\/","name":"insightee","description":"\u00e0 procura do insight perfeito","potentialAction":[{"@type":"SearchAction","target":{"@type":"EntryPoint","urlTemplate":"https:\/\/insightee.com.br\/blog\/?s={search_term_string}"},"query-input":{"@type":"PropertyValueSpecification","valueRequired":true,"valueName":"search_term_string"}}],"inLanguage":"pt-BR"},{"@type":"Person","@id":"https:\/\/insightee.com.br\/blog\/#\/schema\/person\/25bb944f37e66a0298f607979c5b0a22","name":"Pedro Meirelles","image":{"@type":"ImageObject","inLanguage":"pt-BR","@id":"https:\/\/secure.gravatar.com\/avatar\/65e627ac6c71e8afcd40409c252c043555caf5da4f58ba46ab903227744c24fd?s=96&d=mm&r=g","url":"https:\/\/secure.gravatar.com\/avatar\/65e627ac6c71e8afcd40409c252c043555caf5da4f58ba46ab903227744c24fd?s=96&d=mm&r=g","contentUrl":"https:\/\/secure.gravatar.com\/avatar\/65e627ac6c71e8afcd40409c252c043555caf5da4f58ba46ab903227744c24fd?s=96&d=mm&r=g","caption":"Pedro Meirelles"},"description":"Mestrando em Cultura e Territorialidades pela Universidade Federal Fluminense, formado em Estudos de M\u00eddia pela mesma institui\u00e7\u00e3o. Interessado em pesquisa digital, m\u00e9todos digitais, an\u00e1lise de dados, cultura, sociedade e Nordeste. Pesquisador no Instituto Brasileiro de Pesquisa e An\u00e1lise de Dados. (+)","sameAs":["https:\/\/www.facebook.com\/pedrormeirelles","http:\/\/instagram.com\/seekpedro","https:\/\/www.linkedin.com\/in\/meirellespedro","https:\/\/x.com\/https:\/\/twitter.com\/peumeirelles"],"url":"https:\/\/insightee.com.br\/blog\/author\/pedro-meirelles\/"}]}},"views":1269,"_links":{"self":[{"href":"https:\/\/insightee.com.br\/blog\/wp-json\/wp\/v2\/posts\/256","targetHints":{"allow":["GET"]}}],"collection":[{"href":"https:\/\/insightee.com.br\/blog\/wp-json\/wp\/v2\/posts"}],"about":[{"href":"https:\/\/insightee.com.br\/blog\/wp-json\/wp\/v2\/types\/post"}],"author":[{"embeddable":true,"href":"https:\/\/insightee.com.br\/blog\/wp-json\/wp\/v2\/users\/1"}],"replies":[{"embeddable":true,"href":"https:\/\/insightee.com.br\/blog\/wp-json\/wp\/v2\/comments?post=256"}],"version-history":[{"count":1,"href":"https:\/\/insightee.com.br\/blog\/wp-json\/wp\/v2\/posts\/256\/revisions"}],"predecessor-version":[{"id":564,"href":"https:\/\/insightee.com.br\/blog\/wp-json\/wp\/v2\/posts\/256\/revisions\/564"}],"wp:featuredmedia":[{"embeddable":true,"href":"https:\/\/insightee.com.br\/blog\/wp-json\/wp\/v2\/media\/257"}],"wp:attachment":[{"href":"https:\/\/insightee.com.br\/blog\/wp-json\/wp\/v2\/media?parent=256"}],"wp:term":[{"taxonomy":"category","embeddable":true,"href":"https:\/\/insightee.com.br\/blog\/wp-json\/wp\/v2\/categories?post=256"},{"taxonomy":"post_tag","embeddable":true,"href":"https:\/\/insightee.com.br\/blog\/wp-json\/wp\/v2\/tags?post=256"}],"curies":[{"name":"wp","href":"https:\/\/api.w.org\/{rel}","templated":true}]}}