{"id":2471,"date":"2016-11-16T13:03:00","date_gmt":"2016-11-16T15:03:00","guid":{"rendered":"http:\/\/insightee.com.br\/blog\/?p=2471"},"modified":"2017-09-12T18:53:04","modified_gmt":"2017-09-12T21:53:04","slug":"profissao-social-media-areas-de-atuacao-e-fontes-para-estudo","status":"publish","type":"post","link":"https:\/\/insightee.com.br\/blog\/profissao-social-media-areas-de-atuacao-e-fontes-para-estudo\/","title":{"rendered":"Profiss\u00e3o Social Media: \u00e1reas de atua\u00e7\u00e3o e fontes para estudo"},"content":{"rendered":"<p style=\"text-align: right;\">[Post feito com a colabora\u00e7\u00e3o de\u00a0<a href=\"https:\/\/twitter.com\/whynotmayara\" target=\"_blank\" rel=\"noopener\">Mayara Mendes<\/a>,\u00a0<a href=\"https:\/\/maripublicis.wordpress.com\/\" target=\"_blank\" rel=\"noopener\">Mari Ferreira<\/a>\u00a0e <a href=\"http:\/\/dataismo.com.br\/\" target=\"_blank\" rel=\"noopener\">Juliana Freitas<\/a>]\n<p style=\"text-align: justify;\"><span style=\"font-weight: 400;\">\u00c9 muito dif\u00edcil, para quem est\u00e1 come\u00e7ando, conseguir enxergar todo o ecossistema de <em>Social Media<\/em>. A chamada\u00a0<\/span><span style=\"font-weight: 400;\">\u201c<\/span><a href=\"http:\/\/tutano.trampos.co\/12340-pesquisa-social-media-participe\/\"><span style=\"font-weight: 400;\">profiss\u00e3o Social Media<\/span><\/a><span style=\"font-weight: 400;\">\u201d, na verdade,<\/span><span style=\"font-weight: 400;\"> engloba diversas \u00e1reas de atua\u00e7\u00e3o e pr\u00e1ticas profissionais diferentes, tanto referentes \u00e0 democratiza\u00e7\u00e3o da produ\u00e7\u00e3o e acesso aos canais de m\u00eddia quanto ao car\u00e1ter essencial das novas plataformas e tecnologias da comunica\u00e7\u00e3o. No entanto,\u00a0<\/span><span style=\"font-weight: 400;\">quem come\u00e7a a trabalhar com m\u00eddias sociais sem o refor\u00e7o de um curso de gradua\u00e7\u00e3o apropriado geralmente tem dificuldade de identificar todos os tipos de pr\u00e1tica dentro desse universo comunicacional.<\/span><\/p>\n<p style=\"text-align: justify;\"><span style=\"font-weight: 400;\">Para al\u00e9m disso, \u00e9 importante admitirmos que a grande maioria dos profissionais trabalhando com m\u00eddias sociais s\u00e3o &#8220;novatos&#8221; da comunica\u00e7\u00e3o (digital). A primeira pesquisa d&#8217;<\/span><a href=\"http:\/\/tutano.trampos.co\/1081-perfil-do-social-media\/\"><span style=\"font-weight: 400;\">o perfil do Social Media brasileiro<\/span><\/a><span style=\"font-weight: 400;\"> realizada pela <strong>trampos <\/strong>em parceria com a <strong>Alma Beta<\/strong> elencou cinco &#8220;tipos&#8221; de profissionais: novato, j\u00fanior, empreendedor, s\u00eanior e <\/span><i><span style=\"font-weight: 400;\">freelancer<\/span><\/i><span style=\"font-weight: 400;\">, sendo os dois primeiros (estagi\u00e1rio e analista jr.) a maioria esmagadora a responder \u00e0 pesquisa<\/span><span style=\"font-weight: 400;\">. Baseado no que tenho visto enquanto entusiasta e estudante (e estagi\u00e1rio atr\u00e1s de vagas), enxergo pelo menos tr\u00eas n\u00edveis\u00a0de maturidade das empresas que reflete nos tipos de profissionais e suas atua\u00e7\u00f5es:<\/span><\/p>\n<p style=\"text-align: justify;\"><span style=\"font-weight: 400;\">1) <\/span><b>O mundo ideal:<\/b><span style=\"font-weight: 400;\"> aquele profissional (jornalista, publicit\u00e1rio, etc.) que trabalha em m\u00e9dias ou grandes ag\u00eancias\/empresas, cujo escopo de trabalho \u00e9 bem delimitado e espec\u00edfico para tratar de quest\u00f5es que correspondem apenas \u00e0 sua forma\u00e7\u00e3o e experi\u00eancia profissional;<\/span><\/p>\n<p style=\"text-align: justify;\"><span style=\"font-weight: 400;\">2) <\/span><b>O mundo da fantasia:<\/b><span style=\"font-weight: 400;\"> o profissional que j\u00e1 trabalha numa ag\u00eancia de publicidade e comunica\u00e7\u00e3o, mas que acaba sendo (muitas vezes o \u00fanico, mas tamb\u00e9m numa equipe mais curta) respons\u00e1vel pelos esfor\u00e7os de comunica\u00e7\u00e3o online\/digital\/em m\u00eddias sociais;<\/span><\/p>\n<p style=\"text-align: justify;\"><span style=\"font-weight: 400;\">3) <\/span><b>O mundo real:<\/b><span style=\"font-weight: 400;\"> um profissional independente, geralmente <em>freelancer<\/em>, que atende a pequenas e m\u00e9dias empresas e \u00e9 tamb\u00e9m um faz-tudo: pesquisa, planeja, produz, publica, promove, etc. (quando fisicamente poss\u00edvel).<\/span><\/p>\n<p style=\"text-align: justify;\"><span style=\"font-weight: 400;\">No mercado glamourizado e extremamente restrito da publicidade brasileira, \u00e9 evidente que o que mais encontramos por a\u00ed &#8211; tamb\u00e9m gra\u00e7as \u00e0 descentraliza\u00e7\u00e3o de poder comunicativo proporcionada pelas m\u00eddias sociais &#8211; \u00e9 o <\/span><a href=\"http:\/\/pt.slideshare.net\/danirodrigues\/pps-paposna-rede-amadorismo-em-sm-14nov2012\"><span style=\"font-weight: 400;\">mundo 2 e o mundo 3<\/span><\/a><span style=\"font-weight: 400;\"> (com algumas nuances, mas essencialmente dentro dessas condi\u00e7\u00f5es). Ao mesmo tempo em que a populariza\u00e7\u00e3o do \u201cprofissional de m\u00eddias sociais\u201d foi ben\u00e9fica ao trazer para jogo v\u00e1rias oportunidades de um mercado historicamente bem fechado, tamb\u00e9m resultou num desgaste &#8211; ou numa desvaloriza\u00e7\u00e3o &#8211; das atividades pr\u00e1ticas que envolvem o marketing digital.<\/span><\/p>\n<p style=\"text-align: justify;\"><span style=\"font-weight: 400;\">Nesse contexto, alguns profissionais buscam cursos livres, cursos de especializa\u00e7\u00e3o e cursos de p\u00f3s-gradua\u00e7\u00e3o\/MBA para procurar uma qualifica\u00e7\u00e3o mais respons\u00e1vel \u00e0 sua \u00e1rea de atua\u00e7\u00e3o. No entanto, mesmo aqueles determinados em se capacitar para obter um diferencial encontram certa dificuldade para se localizar naquele \u201cuniverso\u201d de possibilidades que institui\u00e7\u00f5es de ensino t\u00eam a oferecer. Como, frente a tanto conte\u00fado, encontrar aquilo que: 1) \u00e9 \u00fatil para sua atua\u00e7\u00e3o profissional; 2) \u00e9 com o que voc\u00ea aspira trabalhar; 3) dialoga com o que voc\u00ea enxerga para o seu futuro profissional?<\/span><\/p>\n<p style=\"text-align: justify;\"><span style=\"font-weight: 400;\">A proposta deste post, portanto, \u00e9 te ajudar a encontrar as respostas para essas perguntas. N\u00e3o \u00e9 para o profissional j\u00e1 bem acomodado no mundo da publicidade e que tem no\u00e7\u00e3o de todos os micro-universos da comunica\u00e7\u00e3o, mas para quem est\u00e1 come\u00e7ando ou deseja come\u00e7ar nesse mundo e tem interesse em procurar mais fontes para estudar e desenvolver cada uma dessas habilidades. A ideia \u00e9 jogar uma luz no que est\u00e1 por tr\u00e1s da <\/span><a href=\"http:\/\/tutano.trampos.co\/2146-perfil-do-social-media-brasileiro-2015\/\"><span style=\"font-weight: 400;\">\u201cprofiss\u00e3o Social Media\u201d<\/span><\/a><span style=\"font-weight: 400;\"> e ajudar tanto o profissional que quer come\u00e7ar, que est\u00e1 come\u00e7ando ou que pretende se <\/span><a href=\"http:\/\/tutano.trampos.co\/3939-cursos-mais-citados-no-raio-x-do-social-media-2a-edicao\/\"><span style=\"font-weight: 400;\">especializar<\/span><\/a><span style=\"font-weight: 400;\">, a encontrar a \u00e1rea de atua\u00e7\u00e3o que mais lhe contempla.<\/span><\/p>\n<p style=\"text-align: justify;\"><span style=\"font-weight: 400;\">Com ajuda de <\/span><a href=\"https:\/\/maripublicis.wordpress.com\/\"><span style=\"font-weight: 400;\">Mari Ferreira<\/span><\/a><span style=\"font-weight: 400;\">, <\/span><span style=\"font-weight: 400;\"><a href=\"https:\/\/twitter.com\/whynotmayara\">Mayara Mendes<\/a>\u00a0e\u00a0<a href=\"http:\/\/dataismo.com.br\/\" target=\"_blank\" rel=\"noopener\">Juliana Freitas<\/a><\/span><span style=\"font-weight: 400;\">, elencamos 7 \u00e1reas baseado no que temos visto em sites de vagas, experi\u00eancia profissional, grupos de discuss\u00e3o no Facebook e consumo de pesquisas sobre o mercado. N\u00e3o s\u00e3o exatamente setores ou departamentos da \u00e1rea digital, mas &#8220;pr\u00e1ticas de atua\u00e7\u00e3o&#8221; que se expandem e se desdobram em v\u00e1rias outras especializa\u00e7\u00f5es. Se voc\u00ea compreende que h\u00e1 alguma incoer\u00eancia na divis\u00e3o ou nas pr\u00f3prias descri\u00e7\u00f5es, sinta-se mais que convidado para compartilhar a sua opini\u00e3o &#8211; nos coment\u00e1rios &#8211; e enriquecer o texto para que a discuss\u00e3o se expanda e mais pessoas possam ter uma vis\u00e3o concreta de como encontrar a sua \u00e1rea (pretendo atualizar o post conforme esses <\/span><i><span style=\"font-weight: 400;\">feedbacks<\/span><\/i><span style=\"font-weight: 400;\"> v\u00e3o surgindo).<\/span><\/p>\n<p style=\"text-align: justify;\"><img loading=\"lazy\" decoding=\"async\" class=\"aligncenter size-full wp-image-2513\" src=\"https:\/\/insightee.com.br\/blog\/wp-content\/uploads\/2016\/11\/monitoramento.png\" alt=\"monitoramento\" width=\"715\" height=\"150\" srcset=\"https:\/\/insightee.com.br\/blog\/wp-content\/uploads\/2016\/11\/monitoramento.png 715w, https:\/\/insightee.com.br\/blog\/wp-content\/uploads\/2016\/11\/monitoramento-300x63.png 300w\" sizes=\"auto, (max-width: 715px) 100vw, 715px\" \/><\/p>\n<h4 style=\"text-align: justify;\"><b>Monitoramento<\/b><\/h4>\n<p style=\"text-align: justify;\"><span style=\"font-weight: 400;\">Eu diria que a \u00e1rea de monitoramento de m\u00eddias sociais \u00e9 umas das aqui listadas com mais \u201crepresentatividade\u201d (com \u00eanfase nas aspas) no mercado, ou seja, cujo escopo de trabalho ficou mais evidente com o passar dos anos, por diversos fatores &#8211; a populariza\u00e7\u00e3o de empresas especializadas, pesquisas espec\u00edficas, profissionais refer\u00eancia, etc. Arrisco dizer tamb\u00e9m que o trabalho de monitoramento tenha ganhado tanta for\u00e7a porque atravessa diversos outros campos n\u00e3o apenas nas m\u00eddias sociais, mas na pr\u00f3pria internet.<\/span><\/p>\n<p style=\"text-align: justify;\"><span style=\"font-weight: 400;\">O livro <a href=\"http:\/\/pt.slideshare.net\/tarushijio\/para-entender-monitoramento-de-midias-sociais\" target=\"_blank\" rel=\"noopener\">Para Entender o Monitoramento de M\u00eddias Sociais<\/a>, organizado por Tarc\u00edzio Silva ainda em 2012, traz colabora\u00e7\u00f5es de v\u00e1rios autores que dialogam com o trabalho de monitoramento em diferentes perspectivas: SAC e Social CRM, mensura\u00e7\u00e3o (m\u00e9tricas), SEO, rela\u00e7\u00f5es p\u00fablicas, netnografia, pesquisa de mercado, etc. Alguns anos antes, Silva desenhou uma defini\u00e7\u00e3o para o trabalho de monitoramento que se tornou refer\u00eancia em diversas p\u00f3s, especializa\u00e7\u00f5es e MBAs ao redor do pa\u00eds:<\/span><\/p>\n<blockquote>\n<p style=\"text-align: justify;\"><i><span style=\"font-weight: 400;\">O Monitoramento de M\u00eddias Sociais consiste na coleta, armazenamento, classifica\u00e7\u00e3o, categoriza\u00e7\u00e3o, adi\u00e7\u00e3o de informa\u00e7\u00f5es e an\u00e1lise de men\u00e7\u00f5es online p\u00fablicas a determinado(s) termo(s) previamente definido(s) e seus emissores, com os objetivos de: (a) identificar e analisar rea\u00e7\u00f5es, sentimentos e desejos relativos a produtos, entidades e campanha; (b) conhecer melhor os p\u00fablicos pertinentes; e (c) realizar a\u00e7\u00f5es reativas e pr\u00f3-ativas para alcan\u00e7ar os objetivos da organiza\u00e7\u00e3o ou pessoa de forma \u00e9tica e sustent\u00e1vel\u201d (SILVA, 2010).<\/span><\/i><\/p>\n<\/blockquote>\n<p style=\"text-align: justify;\"><span style=\"font-weight: 400;\">Particularmente acho o trabalho de monitoramento extremamente \u201cgratificante\u201d (n\u00e3o sei se essa seria a palavra correta, mas n\u00e3o consegui pensar em nada melhor) porque ele \u00e9 bastante representativo do fen\u00f4meno das m\u00eddias sociais na \u00faltima d\u00e9cada, onde as pessoas se apropriaram de um espa\u00e7o tecnol\u00f3gico e criaram um novo contexto de sociabilidade. E onde h\u00e1 social, h\u00e1 oportunidade (valor) &#8211; \u00e9 como se fortalecem os dois (ou tr\u00eas) pr\u00f3ximos itens, sobre os quais escreverei pouco por falta de conhecimentos avan\u00e7ados.<\/span><\/p>\n<p style=\"text-align: justify;\"><b>PARA MAIS INFORMA\u00c7\u00d5ES<\/b><\/p>\n<ul style=\"text-align: justify;\">\n<li style=\"font-weight: 400; text-align: left;\"><span style=\"font-weight: 400;\">Blogs\/sites institucionais: <a href=\"http:\/\/blog.ibpad.com.br\/\" target=\"_blank\" rel=\"noopener\">Blog do IBPAD<\/a>;\u00a0<a href=\"https:\/\/estudandosocialmedia.wordpress.com\/\" target=\"_blank\" rel=\"noopener\">Estudando Social Media<\/a>;\u00a0<\/span><span style=\"font-weight: 400;\"><a href=\"http:\/\/socialfigures.com.br\/blog\/\" target=\"_blank\" rel=\"noopener\">Social Figures<\/a>;\u00a0<a href=\"http:\/\/simplymeasured.com\/\" target=\"_blank\" rel=\"noopener\">Simply Measured<\/a><\/span><\/li>\n<li style=\"font-weight: 400; text-align: left;\"><span style=\"font-weight: 400;\">Profissionais: <a href=\"http:\/\/tarciziosilva.com.br\/blog\/\" target=\"_blank\" rel=\"noopener\">Tarc\u00edzio Silva<\/a>;\u00a0<a href=\"http:\/\/www.midializado.com.br\/\" target=\"_blank\" rel=\"noopener\">Gabriel Ishida<\/a>;\u00a0<a href=\"http:\/\/www.webmetricsguru.com\/\" target=\"_blank\" rel=\"noopener\">Mariana Oliveira<\/a>;\u00a0<a href=\"http:\/\/www.webmetricsguru.com\/\" target=\"_blank\" rel=\"noopener\">Marshall Sponder<\/a>;\u00a0<a href=\"http:\/\/nathangilliatt.com\/\" target=\"_blank\" rel=\"noopener\">Nathan Gilliat<\/a><\/span><\/li>\n<li style=\"font-weight: 400; text-align: left;\"><span style=\"font-weight: 400;\">Slideshares: <a href=\"http:\/\/pt.slideshare.net\/tarushijio\/atuando-em-monitoramento-de-midias-sociais-secomunica\" target=\"_blank\" rel=\"noopener\">Atuando em monitoramento de m\u00eddias sociais<\/a>;\u00a0<a href=\"http:\/\/pt.slideshare.net\/gabrielishida\/monitoramento-em-mdias-sociais-uma-viso-diferente\" target=\"_blank\" rel=\"noopener\">Monitoramento em m\u00eddias sociais: uma vis\u00e3o diferente<\/a>;\u00a0<a href=\"http:\/\/pt.slideshare.net\/marianarrpp1\/social-media-week-2014-monitoramento-de-mdias-sociais-temticas-e-mercado\" target=\"_blank\" rel=\"noopener\">Monitoramento de M\u00eddias Sociais al\u00e9m da marca: mapeando tem\u00e1ticas e mercado<\/a>;\u00a0<a href=\"http:\/\/pt.slideshare.net\/ayres86\/lista-de-softwares-nacionais-de-monitoramento-de-marcas-e-conversaes\" target=\"_blank\" rel=\"noopener\">Monitoramento de Marcas e Conversa\u00e7\u00f5es: Softwares Brasileiros de Monitoramento Pleno<\/a><\/span><\/li>\n<li style=\"font-weight: 400; text-align: left;\"><span style=\"font-weight: 400;\">E-books: <a href=\"https:\/\/seekr.com.br\/materiais\" target=\"_blank\" rel=\"noopener\">Seekr<\/a>;\u00a0<a href=\"http:\/\/buzzmonitor.com.br\/#ebooks\" target=\"_blank\" rel=\"noopener\">Buzzmonitor<\/a>;\u00a0<a href=\"https:\/\/sysomos.com\/\" target=\"_blank\" rel=\"noopener\">Sysomos<\/a>;\u00a0<a href=\"https:\/\/www.brandwatch.com\/guides\/\" target=\"_blank\" rel=\"noopener\">Brandwatch<\/a><\/span><\/li>\n<li style=\"font-weight: 400; text-align: left;\"><span style=\"font-weight: 400;\">Cursos: <a href=\"http:\/\/www.ibpad.com.br\/services\/comunicacao-digital\/monitoramento-midias-sociais\/\" target=\"_blank\" rel=\"noopener\">IBPAD<\/a>, <a href=\"http:\/\/querosersocialmedia.com.br\/cursos\/curso-online-monitoramento\/\" target=\"_blank\" rel=\"noopener\">Quero Ser Social Media<\/a>, <a href=\"http:\/\/atlasmedialab.com.br\/curso\/workshop-de-monitoramento-em-midias-sociais\/\" target=\"_blank\" rel=\"noopener\">Atlas Media Lab<\/a>, <\/span><span style=\"font-weight: 400;\"><a href=\"http:\/\/trampos.academy\/ampfy\/\" target=\"_blank\" rel=\"noopener\">Trampos MasterClasses: Ampfy Social Analytics &amp; Listening<\/a><\/span><span style=\"font-weight: 400;\">, <a href=\"http:\/\/www.pucsp.br\/pos-graduacao\/especializacao-e-mba\/monitoramento-estrategico-de-redes-sociais-com-o-scup#apresentacao\" target=\"_blank\" rel=\"noopener\">PUC-SP<\/a><\/span><\/li>\n<li style=\"font-weight: 400; text-align: left;\"><span style=\"font-weight: 400;\">Treinamentos e Certifica\u00e7\u00f5es: <a href=\"http:\/\/www.scup.com.br\/pt\/treinamento\/\" target=\"_blank\" rel=\"noopener\">Scup<\/a>; <\/span><\/li>\n<li style=\"font-weight: 400; text-align: left;\"><span style=\"font-weight: 400;\">Posts: <a href=\"http:\/\/www.web-strategist.com\/blog\/2009\/11\/10\/evolution-the-eight-stages-of-listening\/\" target=\"_blank\" rel=\"noopener\">Evolution: The Eight Stages Of Listening<\/a>;\u00a0<a href=\"http:\/\/blog.ibpad.com.br\/index.php\/2016\/10\/05\/metricas-ou-monitoramento-nao-se-confunda-entenda-as-diferencas\/\" target=\"_blank\" rel=\"noopener\">M\u00e9tricas ou Monitoramento? N\u00e3o se confunda!<\/a>;\u00a0<a href=\"http:\/\/simplymeasured.com\/blog\/the-difference-between-listening-analyzing-and-attributing-on-social\/\" target=\"_blank\" rel=\"noopener\">The Difference Between Listening, Analyzing, and Attributing on Social<\/a>;\u00a0<a href=\"http:\/\/Social media monitoring and metrics: The definitive introduction\" target=\"_blank\" rel=\"noopener\">Social media monitoring and metrics: The definitive introduction<\/a>;\u00a0<a href=\"https:\/\/metricsman.wordpress.com\/2011\/05\/19\/social-media-listening-platforms-%e2%80%93-plan-select-deploy-part-one-%e2%80%93-plan\/\" target=\"_blank\" rel=\"noopener\">Social Media Listening Platforms \u2013 Plan, Select, Deploy<\/a><\/span><\/li>\n<\/ul>\n<h5><b>&#8211; Pesquisa<\/b><\/h5>\n<p style=\"text-align: justify;\"><span style=\"font-weight: 400;\">Pesquisa e monitoramento n\u00e3o seriam a mesma coisa? N\u00e3o exatamente. Eu diria, com humildade, que o monitoramento \u00e9 uma metodologia de pesquisa, ou seja, um modo de executar o trabalho investigativo. Isso quer dizer que h\u00e1 outras formas de fazer pesquisa nas m\u00eddias sociais &#8211; v\u00e1rias delas, inclusive, herdeiras da \u201ctradicional\u201d pesquisa de mercado: <em>surveys<\/em>, entrevistas, etc.\u00a0&#8211; tudo no contexto de m\u00eddias sociais. Aqui o que chamo de &#8220;pesquisa&#8221; est\u00e1 mais ligado \u00e0 tradicional pesquisa de mercado, que geralmente tem foco maior na ind\u00fastria, no p\u00fablico-alvo, nas plataformas, na sociedade como um todo e n\u00e3o exatamente nos consumidores.<\/span><\/p>\n<p style=\"text-align: justify;\"><b>PARA MAIS INFORMA\u00c7\u00d5ES<\/b><\/p>\n<ul style=\"text-align: justify;\">\n<li style=\"font-weight: 400; text-align: left;\"><span style=\"font-weight: 400;\">Blogs\/sites institucionais: <\/span><span style=\"font-weight: 400;\"><a href=\"http:\/\/blog.ibpad.com.br\/\" target=\"_blank\" rel=\"noopener\">IBPAD<\/a>;\u00a0<a href=\"http:\/\/www.altimetergroup.com\/\" target=\"_blank\" rel=\"noopener\">Altimeter Group<\/a>;\u00a0<a href=\"http:\/\/www.pulsarplatform.com\/\" target=\"_blank\" rel=\"noopener\">Pulsar<\/a>; <a href=\"http:\/\/ipsossmx.com\/blog\/\" target=\"_blank\" rel=\"noopener\">Ipsos SMX<\/a>; <a href=\"http:\/\/www.pewresearch.org\/\" target=\"_blank\" rel=\"noopener\">Pew Research Center<\/a>;\u00a0<a href=\"http:\/\/www.greenbookblog.org\/\" target=\"_blank\" rel=\"noopener\">Greenbook Blog<\/a>, <a href=\"http:\/\/pontoeletronico.me\/\" target=\"_blank\" rel=\"noopener\">Ponto Eletr\u00f4nico (Box 1824)<\/a>; <a href=\"http:\/\/conectaibrasil.com.br\/\" target=\"_blank\" rel=\"noopener\">Conecta-i<\/a>; <a href=\"http:\/\/www.ibopeinteligencia.com\/noticias-e-pesquisas\/\" target=\"_blank\" rel=\"noopener\">IBOPE Intelig\u00eancia<\/a>; <a href=\"http:\/\/www.abep.org\/\" target=\"_blank\" rel=\"noopener\">Abep<\/a>; <a href=\"http:\/\/dapp.fgv.br\/\" target=\"_blank\" rel=\"noopener\">DAPP-FGV<\/a>; <a href=\"http:\/\/www.nielsen.com\/br\/pt\/insights.html?pageNum=1\" target=\"_blank\" rel=\"noopener\">Nielsen<\/a><\/span><\/li>\n<li style=\"font-weight: 400; text-align: left;\"><span style=\"font-weight: 400;\">Profissionais: <a href=\"https:\/\/anacanhoto.com\/\" target=\"_blank\" rel=\"noopener\">Ana Canhoto<\/a>;\u00a0<a href=\"https:\/\/lovestats.wordpress.com\/\" target=\"_blank\" rel=\"noopener\">Annie Petit<\/a>;\u00a0<a href=\"https:\/\/twitter.com\/einterview\" target=\"_blank\" rel=\"noopener\">Janet Salmons<\/a>;\u00a0<a href=\"https:\/\/pushingattheedges.wordpress.com\/\" target=\"_blank\" rel=\"noopener\">Kandy Woodfield<\/a>;\u00a0<a href=\"https:\/\/twitter.com\/lrainie\" target=\"_blank\" rel=\"noopener\">Lee Rainie<\/a>;\u00a0<a href=\"http:\/\/thefutureplace.typepad.com\/\" target=\"_blank\" rel=\"noopener\">Ray Poynter<\/a>;\u00a0<a href=\"http:\/\/www.briansolis.com\/\" target=\"_blank\" rel=\"noopener\">Brian Solis<\/a><\/span><\/li>\n<li style=\"font-weight: 400; text-align: left;\"><span style=\"font-weight: 400;\">Slideshares:\u00a0<a href=\"http:\/\/www.slideshare.net\/kandyw\/caqdas-2014-from-graph-paper-to-software-pdf\" target=\"_blank\" rel=\"noopener\">From graph paper to digital research: our Framework journey<\/a>;\u00a0<a href=\"http:\/\/pt.slideshare.net\/RayPoynter\/ray-poynter-communities-2013-where-next\" target=\"_blank\" rel=\"noopener\">Where next for insight, research, and communities?<\/a>;<\/span><\/li>\n<li style=\"font-weight: 400; text-align: left;\"><span style=\"font-weight: 400;\">E-books:\u00a0<a href=\"http:\/\/tarciziosilva.com.br\/blog\/the-smarter-researcher-ray-poynter-lanca-mini-ebook-com-criticas-ao-big-data\/\" target=\"_blank\" rel=\"noopener\">The Smarter Researcher \u2013 how to survive in the changing market research landscape<\/a><\/span><\/li>\n<li style=\"font-weight: 400; text-align: left;\"><span style=\"font-weight: 400;\">Cursos: <a href=\"http:\/\/online.escolasaopaulo.org\/curso\/cool-hunting?utm_source=ESP&amp;utm_medium=Site&amp;utm_campaign=Cool%20Hunting\" target=\"_blank\" rel=\"noopener\">Escola S\u00e3o Paulo<\/a><\/span><\/li>\n<li style=\"font-weight: 400; text-align: left;\"><span style=\"font-weight: 400;\">Posts: <a href=\"http:\/\/www.dp6.com.br\/estudo-de-mercado-o-que-e-e-como-fazer\/\" target=\"_blank\" rel=\"noopener\">Estudo de Mercado: O que \u00e9 e como fazer?<\/a>;\u00a0<a href=\"http:\/\/tarciziosilva.com.br\/blog\/handbook-of-online-and-social-media-research\/\" target=\"_blank\" rel=\"noopener\">Handbook of Online and Social Media Research<\/a>\u00a0(em portugu\u00eas);\u00a0<a href=\"http:\/\/socialfigures.com.br\/2014\/07\/07\/10-fontes-de-dados-sobre-internet-e-midias-sociais\/\" target=\"_blank\" rel=\"noopener\">10 Fontes de Dados sobre Internet e M\u00eddias Sociais<\/a><\/span><\/li>\n<\/ul>\n<h5><b>&#8211; (N)Etnografia<\/b><\/h5>\n<p style=\"text-align: justify;\">Como mencionei anteriormente, a sociabilidade que se instaurou no ciberespa\u00e7o abriu caminho para que \u201cnovos\u201d processos de significa\u00e7\u00e3o criassem um espa\u00e7o simb\u00f3lico de trocas interacionais. Ou, simplificando: se as pessoas vivem a internet, h\u00e1 culturas atravessando esse espa\u00e7o &#8211; com isso, alguns m\u00e9todos de pesquisa \u201ctradicionais\u201d (pr\u00e9-internet) foram herdados para esse novo contexto. Embora seja uma heran\u00e7a mais academicista, algumas empresas j\u00e1 reconhecem o valor da pesquisa etnogr\u00e1fica e incorporam essa pr\u00e1tica aos seus departamentos. Em termos muito (muito!) simplificador, trata-se de m\u00e9todos das ci\u00eancias sociais para o estudo das culturas.<\/p>\n<p style=\"text-align: justify;\"><b>PARA MAIS INFORMA\u00c7\u00d5ES<\/b><\/p>\n<ul style=\"text-align: justify;\">\n<li style=\"font-weight: 400; text-align: left;\"><span style=\"font-weight: 400;\">Profissionais: <a href=\"https:\/\/deborazanini.com\/\" target=\"_blank\" rel=\"noopener\">D\u00e9bora Zanini<\/a>, <a href=\"http:\/\/www.surrey.ac.uk\/sociology\/people\/christine_hine\/\" target=\"_blank\" rel=\"noopener\">Christine Hine<\/a>;\u00a0<a href=\"http:\/\/migueldelfresno.com\/\" target=\"_blank\" rel=\"noopener\">Miguel Del Fresno<\/a>, <a href=\"http:\/\/kozinets.net\/\" target=\"_blank\" rel=\"noopener\">Robert Kozinets<\/a><\/span><\/li>\n<li style=\"font-weight: 400; text-align: left;\"><span style=\"font-weight: 400;\">Slideshares: <a href=\"http:\/\/pt.slideshare.net\/GigideSacche\/o-uso-da-netnografia-em-monitoramento-de-redes\" target=\"_blank\" rel=\"noopener\">O uso da netnografia em monitoramento de redes sociais<\/a>;\u00a0<a href=\"http:\/\/www.slideshare.net\/fresnocom\/netnografia-internet-como-campo-para-la-investigacin-social-y-de-mercado\" target=\"_blank\" rel=\"noopener\">Netnografia: Internet como campo para la investigaci\u00f3n social y de marketing<\/a><\/span><\/li>\n<li style=\"font-weight: 400; text-align: left;\"><span style=\"font-weight: 400;\">Cursos: <a href=\"http:\/\/www.ibpad.com.br\/services\/comunicacao-digital\/etnografia-para-midias-sociais-marcas-e-consumo-avancado-21-horas\/\" target=\"_blank\" rel=\"noopener\">IBPAD<\/a><\/span><\/li>\n<li style=\"font-weight: 400; text-align: left;\"><span style=\"font-weight: 400;\">Posts:\u00a0<a href=\"https:\/\/insightee.com.br\/blog\/o-que-aprendi-no-curso-etnografia-em-midias-sociais-do-ibpad\/\" target=\"_blank\" rel=\"noopener\">O que aprendi no curso Etnografia em M\u00eddias Sociais, do IBPAD<\/a>;\u00a0<a href=\"https:\/\/insightee.com.br\/blog\/etnografia-e-consumo-midiatico-novas-tendencias-e-desafios-metodologicos\/\" target=\"_blank\" rel=\"noopener\">Etnografia e consumo midi\u00e1tico: novas tend\u00eancias e desafios metodol\u00f3gicos<\/a>;\u00a0<a href=\"https:\/\/deborazanini.com\/2015\/12\/03\/tecnicas-etnograficas\/\" target=\"_blank\" rel=\"noopener\">T\u00e9cnicas Etnogr\u00e1ficas<\/a>; <a href=\"http:\/\/blog.ibpad.com.br\/index.php\/2016\/01\/21\/quais-tipos-de-grupos-eu-posso-estudar-com-etnografia-em-midias-sociais\/\" target=\"_blank\" rel=\"noopener\">Quais tipos de grupos eu posso estudar com etnografia em m\u00eddias sociais?<\/a>; <a href=\"http:\/\/blog.ibpad.com.br\/index.php\/2015\/11\/07\/o-que-e-pesquisa-etnografica\/\" target=\"_blank\" rel=\"noopener\">O que \u00e9 pesquisa etnogr\u00e1fica?<\/a><\/span><\/li>\n<\/ul>\n<h5><b>&#8211; An\u00e1lise de Redes<\/b><\/h5>\n<p style=\"text-align: justify;\">Outro m\u00e9todo de pesquisa tamb\u00e9m filho da academia \u00e9 a an\u00e1lise de redes sociais (ARS). No Brasil, esse tipo de an\u00e1lise despontou de alguns anos para c\u00e1 principalmente como recurso para compreender disputas discursivas no campo da pol\u00edtica nas m\u00eddias sociais. Embora haja uma resist\u00eancia do mercado em adotar esse tipo de metodologia para a an\u00e1lise de dados, ela oferece perspectivas \u00fanicas para analisar conversas nas m\u00eddias sociais e pode ser muito \u00fatil para estudos que queiram focar na dissemina\u00e7\u00e3o de informa\u00e7\u00e3o\/atores em rede &#8211; no caso de influenciadores, por exemplo.<\/p>\n<p style=\"text-align: justify;\"><b>PARA MAIS INFORMA\u00c7\u00d5ES<\/b><\/p>\n<ul>\n<li style=\"font-weight: 400; text-align: left;\"><span style=\"font-weight: 400;\">Blogs\/sites institucionais: <\/span><span style=\"font-weight: 400;\"><a href=\"http:\/\/blog.ibpad.com.br\/\" target=\"_blank\" rel=\"noopener\">IBPAD<\/a>;\u00a0<a href=\"https:\/\/jpbeluci.com\/\" target=\"_blank\" rel=\"noopener\">Blog do JP<\/a><\/span><\/li>\n<li style=\"font-weight: 400; text-align: left;\"><span style=\"font-weight: 400;\">Profissionais: <a href=\"http:\/\/anatoliygruzd.com\/\" target=\"_blank\" rel=\"noopener\">Anatoliy Gruzd<\/a>;\u00a0<a href=\"http:\/\/rieder.polsys.net\/\" target=\"_blank\" rel=\"noopener\">Bernhard Rieder<\/a>;\u00a0<a href=\"http:\/\/www.raquelrecuero.com\/\" target=\"_blank\" rel=\"noopener\">Raquel Recuero<\/a>;\u00a0<a href=\"http:\/\/fabiomalini.com\/\" target=\"_blank\" rel=\"noopener\">F\u00e1bio Malini<\/a>;\u00a0<a href=\"https:\/\/twitter.com\/marc_smith\" target=\"_blank\" rel=\"noopener\">Marc Smith<\/a><\/span><\/li>\n<li style=\"font-weight: 400; text-align: left;\"><span style=\"font-weight: 400;\">Slideshares:\u00a0<a href=\"http:\/\/pt.slideshare.net\/socialfigures\/analise-de-redes-em-midias-sociais\" target=\"_blank\" rel=\"noopener\">An\u00e1lise de redes em m\u00eddias sociais: grafos, visualiza\u00e7\u00f5es, m\u00e9tricas e comunidades<\/a>;\u00a0<a href=\"http:\/\/pt.slideshare.net\/tarushijio\/introduo-a-anlise-de-redes-para-mdias-sociais\" target=\"_blank\" rel=\"noopener\">An\u00e1lise de Redes para M\u00eddias Sociais \u2013 introdu\u00e7\u00e3o<\/a><\/span><\/li>\n<li style=\"font-weight: 400; text-align: left;\"><span style=\"font-weight: 400;\">E-books:\u00a0<a href=\"http:\/\/pt.slideshare.net\/IBPAD\/iniciacao-a-redes\" target=\"_blank\" rel=\"noopener\">Inicia\u00e7\u00e3o A Redes: Conceitos Essenciais e Principais Ideias<\/a><\/span><\/li>\n<li style=\"font-weight: 400; text-align: left;\"><span style=\"font-weight: 400;\">Cursos: <a href=\"http:\/\/pt.slideshare.net\/tarushijio\/introduo-a-anlise-de-redes-para-mdias-sociais\" target=\"_blank\" rel=\"noopener\">IBPAD<\/a><\/span><\/li>\n<li style=\"font-weight: 400; text-align: left;\"><span style=\"font-weight: 400;\">Posts:\u00a0<a href=\"http:\/\/tarciziosilva.com.br\/blog\/pontos-linhas-e-metricas-02-analise-estrutural-de-redes\/\" target=\"_blank\" rel=\"noopener\">Pontos, Linhas e M\u00e9tricas #02: an\u00e1lise estrutural de redes<\/a>;<\/span><\/li>\n<\/ul>\n<p><img loading=\"lazy\" decoding=\"async\" class=\"aligncenter size-full wp-image-2514\" src=\"https:\/\/insightee.com.br\/blog\/wp-content\/uploads\/2016\/11\/planejamento.png\" alt=\"planejamento\" width=\"715\" height=\"150\" srcset=\"https:\/\/insightee.com.br\/blog\/wp-content\/uploads\/2016\/11\/planejamento.png 715w, https:\/\/insightee.com.br\/blog\/wp-content\/uploads\/2016\/11\/planejamento-300x63.png 300w\" sizes=\"auto, (max-width: 715px) 100vw, 715px\" \/><\/p>\n<h4><strong>Planejamento<\/strong><\/h4>\n<p style=\"text-align: justify;\"><span style=\"font-weight: 400;\">A parte de planejamento \u00e9 talvez uma das mais importantes e ao mesmo tempo mais subestimadas de <em>social media<\/em> (pelo menos em pequenas ag\u00eancias\/empresas). Planejar, como a pr\u00f3pria palavra indica, significa &#8211; de certa forma &#8211; antecipar-se, procurar medidas eficazes para esquematizar uma a\u00e7\u00e3o em prol de um objetivo. Nesse sentido, para o contexto da comunica\u00e7\u00e3o (digital), o planejamento est\u00e1 ligado a estudar e compreender cen\u00e1rios para desenvolver planos de atua\u00e7\u00e3o respons\u00e1veis que deem conta de resolver um problema comunicacional.<\/span><\/p>\n<p style=\"text-align: justify;\"><span style=\"font-weight: 400;\">O profissional de planejamento, portanto, precisa estar de olho no mercado, nas plataformas, nos consumidores, nas novas tecnologias, nas culturas, na sociedade, etc. Ou seja, conhecimentos em Publicidade e Propaganda, Marketing, Jornalismo, Estudos de M\u00eddia, Rela\u00e7\u00f5es P\u00fablicas, Sociologia, Psicologia e Administra\u00e7\u00e3o s\u00e3o muito bem-vindos. O <em>planner<\/em> precisa ter uma vis\u00e3o bem panor\u00e2mica de todo o cen\u00e1rio (social, digital, econ\u00f4mico, cultural, etc.) para saber estruturar responsavelmente os esfor\u00e7os de comunica\u00e7\u00e3o.<\/span><\/p>\n<p style=\"text-align: justify;\"><span style=\"font-weight: 400;\">Em suma, sabe aquela importante hist\u00f3ria de que n\u00e3o adianta falar sem prop\u00f3sito (mesmo nas m\u00eddias sociais, onde isso \u00e9 f\u00e1cil e geralmente gratuito)? A proposta de planejamento est\u00e1 alinhada justamente a esse argumento. \u00c9 unir pesquisa, estrat\u00e9gia e criatividade para pensar a comunica\u00e7\u00e3o e desenvolver minuciosamente toda a estrutura de um esfor\u00e7o comunicacional respons\u00e1vel (embasamento te\u00f3rico \u00e9 fundamental) para solucionar um problema.<\/span><\/p>\n<p><b>PARA MAIS INFORMA\u00c7\u00d5ES<\/b><\/p>\n<ul>\n<li style=\"font-weight: 400;\"><span style=\"font-weight: 400;\">Blogs\/sites institucionais: <a href=\"https:\/\/oplanodevoo.com\/\" target=\"_blank\" rel=\"noopener\">O Plano de Voo<\/a>; <a href=\"https:\/\/grupodeplanejamentotemp.wordpress.com\/\" target=\"_blank\" rel=\"noopener\">Grupo de Planejamento<\/a>; <a href=\"http:\/\/tips4planners.com.br\/\">Tips4planners<\/a>; <a href=\"https:\/\/medium.com\/jovens-planners\">Jovens Planners<\/a>;\u00a0<a href=\"https:\/\/www.thinkwithgoogle.com\/intl\/pt-br\/\" target=\"_blank\" rel=\"noopener\">Think With Google<\/a>; <a href=\"http:\/\/trendwatching.com\/\" target=\"_blank\" rel=\"noopener\">TrendWatching<\/a>;\u00a0<\/span><\/li>\n<li style=\"font-weight: 400;\"><span style=\"font-weight: 400;\">Profissionais: <a href=\"https:\/\/twitter.com\/dani_rodrigues\" target=\"_blank\" rel=\"noopener\">Dani Rodrigues<\/a>;\u00a0<\/span><span style=\"font-weight: 400;\"><a href=\"https:\/\/twitter.com\/newhapundie\" target=\"_blank\" rel=\"noopener\">Gisele Baciano<\/a>;<\/span><span style=\"font-weight: 400;\">\u00a0<a href=\"http:\/\/ambernaslund.com\/\" target=\"_blank\" rel=\"noopener\">Amber Naslund<\/a>;\u00a0<a href=\"https:\/\/www.martha.com.br\/\" target=\"_blank\" rel=\"noopener\">Martha Gabriel<\/a>;\u00a0<a href=\"http:\/\/ecode.messa.com.br\/\" target=\"_blank\" rel=\"noopener\">Eric Messa<\/a>;\u00a0<a href=\"http:\/\/www.gilgiardelli.com.br\/site\/\" target=\"_blank\" rel=\"noopener\">Gil Giardelli<\/a>;\u00a0<a href=\"https:\/\/twitter.com\/viniciusmelo\" target=\"_blank\" rel=\"noopener\">Vin\u00edcius Melo<\/a>; <a href=\"http:\/\/plannerfelipemorais.blogspot.com.br\/\">Felipe Morais<\/a><\/span><\/li>\n<li style=\"font-weight: 400;\"><span style=\"font-weight: 400;\">Slideshares: <a href=\"http:\/\/pt.slideshare.net\/danirodrigues\/planejamento-digital-por-daniele-rodrigues\" target=\"_blank\" rel=\"noopener\">Planejamento em Digital<\/a>;\u00a0<a href=\"http:\/\/pt.slideshare.net\/danirodrigues\/share-brasilia-planejamento-digital-24-de-maio-2014\" target=\"_blank\" rel=\"noopener\">Planejamento Social Digital<\/a>;\u00a0<a href=\"http:\/\/pt.slideshare.net\/JorgeGloss\/ferramentas-de-planejamento-53612429\" target=\"_blank\" rel=\"noopener\">Ferramentas de planejamento<\/a>;\u00a0<a href=\"http:\/\/pt.slideshare.net\/danirodrigues\/smwsp-2016-do-real-time-marketing-a-comunicacao-estrategica-de-contexto-66072897\" target=\"_blank\" rel=\"noopener\">Do Real Time Marketing a\u0300 comunicac\u0327a\u0303o estrate\u0301gica de contexto<\/a>;\u00a0<a href=\"http:\/\/pt.slideshare.net\/ayres86\/game-thinking-conceitos-e-possibilidades-de-aplicacao\" target=\"_blank\" rel=\"noopener\">Game Thinking &#8211; Conceitos e Possibilidades de Aplica\u00e7\u00e3o<\/a><\/span><\/li>\n<li style=\"font-weight: 400;\"><span style=\"font-weight: 400;\">Cursos: <a href=\"http:\/\/www.ibpad.com.br\/services\/comunicacao-digital\/analise-de-dados-e-bipara-planners\/\" target=\"_blank\" rel=\"noopener\">IBPAD<\/a>; <a href=\"http:\/\/querosersocialmedia.com.br\/cursos\/curso-online-de-planejamento\/\" target=\"_blank\" rel=\"noopener\">Quero Ser Social Media<\/a>;\u00a0<a href=\"https:\/\/academy.m2br.com\/curso\/planejamento-digital-na-pratica\/\" target=\"_blank\" rel=\"noopener\">M2BR Academy<\/a>;\u00a0<a href=\"http:\/\/site.trespontosbrasil.com\/#!\/planejamento-de-comunicacao-na-pratica\" target=\"_blank\" rel=\"noopener\">Trespontos Brasil<\/a>;\u00a0<a href=\"http:\/\/mediaeducation.com.br\/comportamento\/\" target=\"_blank\" rel=\"noopener\">Media Education<\/a>;\u00a0<a href=\"http:\/\/www.spds.com.br\/curso\/curso-de-estrategia-e-planejamento-digital\/\" target=\"_blank\" rel=\"noopener\">S\u00e3o Paulo Digital School<\/a>;\u00a0<a href=\"https:\/\/www.internetinnovation.com.br\/cursos\/cursos-de-marketing-digital\/planejamento-de-marketing-digital\/\" target=\"_blank\" rel=\"noopener\">Internet Innovation<\/a>; <a href=\"http:\/\/www2.espm.br\/cursos\/espm-sao-paulo\/mindset-digital-e-proposito-de-marca\" target=\"_blank\" rel=\"noopener\">ESPM<\/a>\u00a0(1); <a href=\"http:\/\/www2.espm.br\/cursos\/ead\/planejamento-estrategico-digital-menos-teoria-e-mais-pratica-como-chegar-aos-resultados\" target=\"_blank\" rel=\"noopener\">ESPM<\/a> (2)<\/span><\/li>\n<li style=\"font-weight: 400;\"><span style=\"font-weight: 400;\">Posts: <a href=\"http:\/\/blogabordo.com.br\/planejamento-de-social-media\/\" target=\"_blank\" rel=\"noopener\">Planejamento de Social Media<\/a>; <a href=\"http:\/\/madalena139.com.br\/marketingrealtime\/\" target=\"_blank\" rel=\"noopener\">Planejamento em tempo real: contexto, prop\u00f3sito e timing<\/a>;\u00a0<a href=\"http:\/\/www.mediaeducation.com.br\/blog\/planejamento-um-estilo-de-vida\/\" target=\"_blank\" rel=\"noopener\">Planejamento: um estilo de vida<\/a>;\u00a0<a href=\"http:\/\/blog.ibpad.com.br\/index.php\/2016\/05\/30\/planejamento-a-ciencia-de-transformar-dados-em-leads\/\" target=\"_blank\" rel=\"noopener\">Planejamento: a ci\u00eancia de transformar dados em leads<\/a>; <a href=\"http:\/\/www.mediaeducation.com.br\/blog\/tendencias-aplicadas-ao-planejamento\/\" target=\"_blank\" rel=\"noopener\">Tend\u00eancias aplicadas ao planejamento<\/a>; <a href=\"https:\/\/oplanodevoo.com\/2015\/05\/26\/post-apresentacoes-do-planner-summit-15\/\" target=\"_blank\" rel=\"noopener\">Apresenta\u00e7\u00f5es do Planner Summit 15<\/a>;\u00a0<a href=\"https:\/\/versatilrp.com.br\/2015\/06\/02\/vrpnops2015-1-antes-de-falar-escute\/\" target=\"_blank\" rel=\"noopener\">#VRPnoPS2015 1 \u2013 Antes de falar, escute!<\/a> (s\u00e9rie de posts);\u00a0<a href=\"http:\/\/www.b9.com.br\/61637\/podcasts\/braincast\/braincast-171-profissao-planejador\/\" target=\"_blank\" rel=\"noopener\">Braincast 171 \u2013 Profiss\u00e3o: Planejador<\/a><\/span><\/li>\n<\/ul>\n<p><img loading=\"lazy\" decoding=\"async\" class=\"aligncenter size-full wp-image-2515\" src=\"https:\/\/insightee.com.br\/blog\/wp-content\/uploads\/2016\/11\/criacao.png\" alt=\"criacao\" width=\"715\" height=\"150\" srcset=\"https:\/\/insightee.com.br\/blog\/wp-content\/uploads\/2016\/11\/criacao.png 715w, https:\/\/insightee.com.br\/blog\/wp-content\/uploads\/2016\/11\/criacao-300x63.png 300w\" sizes=\"auto, (max-width: 715px) 100vw, 715px\" \/><\/p>\n<h4><strong>Cria\u00e7\u00e3o de Conte\u00fado<\/strong><\/h4>\n<p style=\"text-align: justify;\"><span style=\"font-weight: 400;\">Talvez este seja o t\u00f3pico mais apropriado para refor\u00e7ar que esta lista n\u00e3o se trata exatamente de profiss\u00f5es espec\u00edficas, mas de \u00e1reas (ou \u201cpr\u00e1ticas\u201d) que envolvem a comunica\u00e7\u00e3o digital. O que indico aqui como cria\u00e7\u00e3o de conte\u00fado, por exemplo, contempla diferentes profissionais da \u00e1rea de publicidade, como redatores, designers, diretores de arte, produtores audiovisual, etc. &#8211; os famosos \u201ccriativos\u201d.\u00a0<\/span><span style=\"font-weight: 400;\">\u00c9 aqui onde a estrat\u00e9gia do planejamento vira t\u00e1tica criativa; o<\/span><span style=\"font-weight: 400;\">\u00a0problema \u00e9 que grande parte dos trabalhos de <em>social media<\/em>\u00a0passam por cima do planejamento para simplesmente criar pe\u00e7as criativas e public\u00e1-las de qualquer forma no Facebook, Instagram, etc.<\/span><\/p>\n<p style=\"text-align: justify;\"><span style=\"font-weight: 400;\">Isso n\u00e3o quer dizer que o trabalho criativo n\u00e3o seja t\u00e3o importante ou seja menos importante que o de planejamento, mas \u00e9 que s\u00e3o extremamente complementares e dependentes entre si.\u00a0Sempre aliado \u00e0s \u00e1reas de pesquisa e planejamento, a produ\u00e7\u00e3o de conte\u00fado orienta-se em estrat\u00e9gias de cria\u00e7\u00e3o focadas na <i>brand persona<\/i> definidas para cada marca\/cliente. Definir o tipo, a linguagem, o tom e a identidade visual no ambiente digital \u00e9 um passo fundamental para dar consist\u00eancia ao seu conte\u00fado, passar uma mensagem clara ao seu consumidor e n\u00e3o deixar ru\u00eddos na comunica\u00e7\u00e3o com seu p\u00fablico-alvo.<\/span><\/p>\n<p style=\"text-align: justify;\"><span style=\"font-weight: 400;\">Tendo embasamento do <em>planner<\/em>, o profissional de cria\u00e7\u00e3o consegue &#8220;guiar&#8221; sua criatividade para responder \u00e0s demandas pr\u00e9-estabelecidas. Isso permite que ele &#8220;brinque&#8221; dentro dos trilhos, sem limitar sua criatividade, mas orientando sua cria\u00e7\u00e3o para aquilo que \u00e9 necess\u00e1rio. Acho importante ressaltar isso tanto para o contexto da internet onde o \u201cmeme pelo meme\u201d n\u00e3o tem valor &#8211; embora a adequa\u00e7\u00e3o da linguagem \u00e9 mais do que necess\u00e1ria, mas sempre dentro de um contexto pensado, planejado e estruturado -, quanto para o glamour, luxo e riqueza da publicidade para publicit\u00e1rios de Cannes.\u00a0<\/span><\/p>\n<p style=\"text-align: justify;\"><span style=\"font-weight: 400;\">Por fim, \u00e9 nesse contexto criativo que v\u00e3o surgir termos comuns como <em>storytelling<\/em>,<em> gamification<\/em>,<em> branded content,<\/em> transm\u00eddia, etc. S\u00e3o formas criativas de contar hist\u00f3rias (para vender, porque no final das contas \u00e9 isso), geralmente pautadas nas peculiaridades (e novidades) das plataformas e nos h\u00e1bitos culturais da sociedade. Ou seja, \u00e9 ainda mais ind\u00edcio de que planejamento e cria\u00e7\u00e3o precisam andar de m\u00e3os dadas, porque enxergar bem o(s) cen\u00e1rio(s) s\u00f3 facilita &#8211; e estimula &#8211; a criatividade.<\/span><\/p>\n<p><b>PARA MAIS INFORMA\u00c7\u00d5ES<\/b><\/p>\n<ul>\n<li style=\"font-weight: 400; text-align: left;\"><span style=\"font-weight: 400;\">Blogs\/sites institucionais: <a href=\"https:\/\/designschool.canva.com\/\" target=\"_blank\" rel=\"noopener\">Design School<\/a>; <a href=\"http:\/\/www.muta.to\/blog\/\" target=\"_blank\" rel=\"noopener\">Mutato<\/a>; <a href=\"http:\/\/www.updateordie.com\/\" target=\"_blank\" rel=\"noopener\">Update or Die!<\/a>; <a href=\"http:\/\/www.storytellers.com.br\/\" target=\"_blank\" rel=\"noopener\">Storytellers<\/a>;<\/span><\/li>\n<li style=\"font-weight: 400; text-align: left;\"><span style=\"font-weight: 400;\">Profissionais: <a href=\"https:\/\/twitter.com\/crisdias\" target=\"_blank\" rel=\"noopener\">Cris Dias<\/a>;\u00a0<a href=\"https:\/\/twitter.com\/biagranja\" target=\"_blank\" rel=\"noopener\">Bia Granja<\/a>;\u00a0<a href=\"https:\/\/twitter.com\/mgiovanella\" target=\"_blank\" rel=\"noopener\">Marcos Giovanella<\/a>;\u00a0<a href=\"https:\/\/mariolemes.com\/\" target=\"_blank\" rel=\"noopener\">Mario Lemes<\/a>;\u00a0<a href=\"https:\/\/twitter.com\/brunoscarto\" target=\"_blank\" rel=\"noopener\">Bruno Scartozzoni<\/a>;\u00a0<a href=\"https:\/\/twitter.com\/marthaterenzzo9\" target=\"_blank\" rel=\"noopener\">Martha Terenzzo<\/a>;\u00a0<a href=\"https:\/\/twitter.com\/jcrodrigues\" target=\"_blank\" rel=\"noopener\">JC Rodrigues<\/a><\/span><\/li>\n<li style=\"font-weight: 400; text-align: left;\"><span style=\"font-weight: 400;\">Slideshares: <a href=\"http:\/\/pt.slideshare.net\/crisdias\/historias-construindo-marcas-10-dicas-de-conteudo-relevante-para-marcas-no-facebook\" target=\"_blank\" rel=\"noopener\">Histo\u0301rias construindo marcas: 10 dicas de conteu\u0301do relevante para marcas no Facebook<\/a>;\u00a0<a href=\"http:\/\/pt.slideshare.net\/catracalivre\/apresentao-youpix-bia-granja-prticas-em-mdias-sociais\" target=\"_blank\" rel=\"noopener\">Pr\u00e1ticas em M\u00eddias Sociais<\/a>\u00a0(YouPix);\u00a0<a href=\"http:\/\/pt.slideshare.net\/brunoscarto\/storyselling-6979364\" target=\"_blank\" rel=\"noopener\">STORYSELLING &#8211; sobre storytelling, transm\u00eddia e comunica\u00e7\u00e3o<\/a>;\u00a0<a href=\"http:\/\/pt.slideshare.net\/carlos_rds\/criando-a-criatividade-40839653\" target=\"_blank\" rel=\"noopener\">Criando a Criatividade<\/a>;\u00a0<a href=\"http:\/\/pt.slideshare.net\/carlos_rds\/storytelling-e-sua-influncia-na-propaganda\" target=\"_blank\" rel=\"noopener\">Storytelling e sua aplica\u00e7\u00e3o na publicidade<\/a>;\u00a0<a href=\"http:\/\/pt.slideshare.net\/catracalivre\/apresentao-mutato-prticas-em-mdias-sociais\" target=\"_blank\" rel=\"noopener\">Pr\u00e1ticas em M\u00eddias Sociais<\/a> (Mutato);\u00a0<a href=\"http:\/\/pt.slideshare.net\/eduardo.camargo\/futuro-do-branded-content-rio-content-market-2013\" target=\"_blank\" rel=\"noopener\">Futuro do Branded Content<\/a>;\u00a0<a href=\"http:\/\/pt.slideshare.net\/danirodrigues\/1-pesquisa-sobre-producao-de-conteudo-para-marcas-no-brasil-jull2015\" target=\"_blank\" rel=\"noopener\">1\u00aa Pesquisa sobre produc\u0327a\u0303o de conteu\u0301do para marcas no Brasil<\/a><\/span><\/li>\n<li style=\"font-weight: 400; text-align: left;\">Cursos: <a href=\"http:\/\/atlasmedialab.com.br\/curso\/curso-de-conteudo-midias-digitais\/\" target=\"_blank\" rel=\"noopener\">Atlas Media Lab<\/a>;\u00a0<a href=\"https:\/\/academy.m2br.com\/curso\/criatividade-na-pratica\/\" target=\"_blank\" rel=\"noopener\">M2BR Academy<\/a>;\u00a0<a href=\"http:\/\/www.polocriativo.com.br\/curso\/producao-de-conteudo-para-redes-sociais-231116\/\" target=\"_blank\" rel=\"noopener\">Polo Criativo<\/a>;\u00a0<a href=\"http:\/\/www.spds.com.br\/project\/curso-de-conteudo-360o-para-marcas\/\" target=\"_blank\" rel=\"noopener\">S\u00e3o Paulo Digital School<\/a>;\u00a0<span style=\"font-weight: 400;\"><a href=\"http:\/\/www2.espm.br\/cursos\/cic\/inovacao-em-storytelling-do-branded-content-transmidia-intensivo\" target=\"_blank\" rel=\"noopener\">ESPM<\/a>;<\/span><span style=\"font-weight: 400;\">\u00a0<\/span><span style=\"font-weight: 400;\"><a href=\"http:\/\/www.belasartes.br\/cursos\/?curso=midias-sociais-digitais\" target=\"_blank\" rel=\"noopener\">Belas Artes<\/a>;<\/span><span style=\"font-weight: 400;\">\u00a0<\/span><span style=\"font-weight: 400;\"><a href=\"http:\/\/www.storytellers.com.br\/p\/cursos-de-storytelling.html\" target=\"_blank\" rel=\"noopener\">Storytellers<\/a>;<\/span>\u00a0<a href=\"http:\/\/youpixhub.com\/p\/influenciadores-estrategia-relacionamento\" target=\"_blank\" rel=\"noopener\"><span style=\"font-weight: 400;\">Youpix Hub <\/span><\/a><\/li>\n<li style=\"font-weight: 400; text-align: left;\"><span style=\"font-weight: 400;\">Posts: <a href=\"https:\/\/digitalks.com.br\/artigos\/qual-a-diferenca-entre-publicidade-e-conteudo\/\" target=\"_blank\" rel=\"noopener\">Qual a diferen\u00e7a entre publicidade e conte\u00fado?<\/a>;\u00a0<a href=\"https:\/\/webinsider.com.br\/2014\/12\/04\/senta-que-la-vem-historia\/\" target=\"_blank\" rel=\"noopener\">Senta que l\u00e1 vem hist\u00f3ria\u2026<\/a>;\u00a0<a href=\"http:\/\/goadmedia.com.br\/negocios\/por-que-branded-content-e-poderoso-para-marcas-publishers-e-consumidores\/\" target=\"_blank\" rel=\"noopener\">Por que branded content \u00e9 poderoso para marcas, publishers e consumidores<\/a>;\u00a0<a href=\"https:\/\/arteemidia.com\/2016\/05\/12\/produtores-conteudo-facebook\/\" target=\"_blank\" rel=\"noopener\">Produtores de Conte\u00fado e Facebook: tapas e beijos<\/a>;\u00a0<a href=\"http:\/\/www.socialmediatoday.com\/social-networks\/sarah-snow\/2015-07-13\/how-write-better-content-social-media\" target=\"_blank\" rel=\"noopener\">How to Write Better Content for Social Media<\/a>;\u00a0<a href=\"http:\/\/blog.hubspot.com\/marketing\/effective-advertisements\" target=\"_blank\" rel=\"noopener\">The Science of Eye-Catching Advertisements [Infographic]<\/a>;\u00a0<a href=\"http:\/\/simplymeasured.com\/blog\/how-to-brainstorm-ideas-for-social\/#sm.01me7owd18jkdkv10661wnlxioxlo\" target=\"_blank\" rel=\"noopener\">How to Brainstorm Ideas for Social<\/a>;\u00a0<a href=\"http:\/\/www.mediaeducation.com.br\/blog\/como-encontrar-a-voz-da-sua-marca\/\" target=\"_blank\" rel=\"noopener\">Como encontrar a voz da sua marca?<\/a>;\u00a0<a href=\"http:\/\/adnews.com.br\/publicidade\/afinal-o-que-e-branded-content.html\" target=\"_blank\" rel=\"noopener\">Afinal, o que \u00e9 branded content?<\/a><\/span><\/li>\n<\/ul>\n<h4><img loading=\"lazy\" decoding=\"async\" class=\"aligncenter size-full wp-image-2516\" src=\"https:\/\/insightee.com.br\/blog\/wp-content\/uploads\/2016\/11\/gestao.png\" alt=\"gestao\" width=\"715\" height=\"150\" srcset=\"https:\/\/insightee.com.br\/blog\/wp-content\/uploads\/2016\/11\/gestao.png 715w, https:\/\/insightee.com.br\/blog\/wp-content\/uploads\/2016\/11\/gestao-300x63.png 300w\" sizes=\"auto, (max-width: 715px) 100vw, 715px\" \/><\/h4>\n<h4><strong>Gest\u00e3o de Conte\u00fado<\/strong><\/h4>\n<p style=\"text-align: justify;\"><span style=\"font-weight: 400;\">O que aqui estou chamando de gest\u00e3o de conte\u00fado dialoga um pouco com o trabalho de planejamento. No entanto, n\u00e3o tenho certeza que essa seja uma posi\u00e7\u00e3o\/ocupa\u00e7\u00e3o comum nas ag\u00eancias ou setores de publicidade de grandes empresas. Seria, talvez, algo associado \u00e0 fun\u00e7\u00e3o de Gerente de Projetos<\/span> <span style=\"font-weight: 400;\">&#8211; aquele que coordena os <em>jobs<\/em> &#8211; mas a ideia aqui \u00e9 mais espec\u00edfica, provavelmente mais comum em pequenas ag\u00eancias ou trabalhos de\u00a0<\/span><i><span style=\"font-weight: 400;\">freelancers<\/span><\/i><span style=\"font-weight: 400;\">.<\/span><\/p>\n<p style=\"text-align: justify;\"><span style=\"font-weight: 400;\">Fazer a gest\u00e3o de conte\u00fado aqui est\u00e1 ligado \u00e0 pr\u00e1tica de organizar esquematicamente a comunica\u00e7\u00e3o nas m\u00eddias sociais. Ou seja, \u00e9 desenvolver calend\u00e1rio de postagens, categorizar mensagens, planejar a\u00e7\u00f5es, etc. \u00c9 ter a senha do Instamizer e do Hootsuite, sabe? \u00c9 a pessoa que ama planilhas e calend\u00e1rios. N\u00e3o \u00e9 quem vai desenvolver a arte para o Facebook, mas quem vai fazer o pedido ao designer (se n\u00e3o for o pr\u00f3prio) e colocar a pe\u00e7a na rua.<\/span><\/p>\n<p style=\"text-align: justify;\"><span style=\"font-weight: 400;\">Ratifico que n\u00e3o acredito que seja um cargo &#8220;real&#8221; em m\u00e9dias e grandes ag\u00eancias, mas \u00e9 uma atividade importante &#8211; e comum &#8211; para quem atende marcas de pequeno porte (seja como <em>freelancer <\/em>ou\u00a0numa pequena ag\u00eancia digital). N\u00e3o substitui de forma alguma o trabalho de planejamento (!), mas \u00e9 um passo inicial aceit\u00e1vel para quem deseja avan\u00e7ar da irresponsabilidade de \u201cpostar apenas por postar\u201d nas m\u00eddias sociais.<\/span><\/p>\n<p><b>PARA MAIS INFORMA\u00c7\u00d5ES<\/b><\/p>\n<ul>\n<li style=\"font-weight: 400;\"><span style=\"font-weight: 400;\">Blogs\/sites institucionais: <a href=\"http:\/\/www.socialmediaexaminer.com\/\" target=\"_blank\" rel=\"noopener\">Social Media Examiner<\/a>; <a href=\"http:\/\/digitaisdomarketing.com.br\/\" target=\"_blank\" rel=\"noopener\">Digitais do Marketing<\/a><\/span><\/li>\n<li style=\"font-weight: 400;\"><span style=\"font-weight: 400;\">Profissionais: <a href=\"http:\/\/pt.slideshare.net\/nadjapereira\" target=\"_blank\" rel=\"noopener\">Nadja Pereira<\/a>;\u00a0<a href=\"http:\/\/vilmanunez.com\/\" target=\"_blank\" rel=\"noopener\">Vilma N\u00fanez<\/a><\/span><\/li>\n<li style=\"font-weight: 400;\"><span style=\"font-weight: 400;\">Slideshares:\u00a0<a href=\"http:\/\/www.slideshare.net\/vilmanunez\/herramientas-de-marketing-online-analtica-gestin-redes-sociales-y-ms\" target=\"_blank\" rel=\"noopener\">Herramientas de marketing online (anal\u00edtica, gesti\u00f3n, redes sociales y m\u00e1s)<\/a><\/span><\/li>\n<li style=\"font-weight: 400;\">E-books:\u00a0<a href=\"http:\/\/conteudos.querosersocialmedia.com.br\/e-book-social-media-a-operacao\" target=\"_blank\" rel=\"noopener\">Social Media: A Opera\u00e7\u00e3o<\/a><\/li>\n<li style=\"font-weight: 400;\"><span style=\"font-weight: 400;\">Cursos: <\/span><span style=\"font-weight: 400;\"><a href=\"http:\/\/www.escolacuca.com\/cuca2013\/cursos\/e-learning\/\" target=\"_blank\" rel=\"noopener\">Cuca Imers\u00e3o Digital<\/a>;\u00a0<\/span><span style=\"font-weight: 400;\"><a href=\"http:\/\/www.cursostransforma.com.br\/gestao-de-imagem-e-reputacao-nas-midias-sociais\/11\" target=\"_blank\" rel=\"noopener\">Transforma<\/a>;\u00a0<a href=\"http:\/\/www.spds.com.br\/curso\/gerente-midias-sociais\/\" target=\"_blank\" rel=\"noopener\">S\u00e3o Paulo Digital School<\/a>;\u00a0<a href=\"https:\/\/www.internetinnovation.com.br\/cursos\/cursos-de-midias-sociais\/curso-gerente-de-redes-sociais\/\" target=\"_blank\" rel=\"noopener\">Internet Innovation<\/a><\/span><\/li>\n<li style=\"font-weight: 400;\"><span style=\"font-weight: 400;\">Posts:\u00a0<a href=\"http:\/\/thenextweb.com\/socialmedia\/2015\/09\/28\/a-social-media-gurus-daily-weekly-and-monthly-checklist\/?.com\" target=\"_blank\" rel=\"noopener\">A social media guru\u2019s daily, weekly and monthly checklist<\/a>; <a href=\"http:\/\/www.business2community.com\/social-media\/7-habits-highly-effective-social-media-managers-01358228#FePx8lmCremC1yCl.97\" target=\"_blank\" rel=\"noopener\">7 Habits of Highly Effective Social Media Managers<\/a>;\u00a0<a href=\"http:\/\/www.bmx3.com.br\/4-tecnicas-para-aumentar-a-produtividade-em-gestao-de-conteudo\/\" target=\"_blank\" rel=\"noopener\">4 t\u00e9cnicas para aumentar a produtividade em gest\u00e3o de conte\u00fado<\/a>;\u00a0<a href=\"http:\/\/www.ideiademarketing.com.br\/2015\/07\/14\/o-papel-do-gerente-de-projetos-em-agencias-digitais\/\" target=\"_blank\" rel=\"noopener\">O papel do gerente de projetos em ag\u00eancias digitais<\/a>;\u00a0<a href=\"https:\/\/www.sprinklr.com\/pt-br\/the-way\/como-fazer-gestao-de-equipes-no-social\/\" target=\"_blank\" rel=\"noopener\">Como fazer gest\u00e3o de equipes no social<\/a>;\u00a0<a href=\"http:\/\/querosersocialmedia.com.br\/blog\/ferramentas\/ferramentas-para-gestao-de-canais-sociais\/\" target=\"_blank\" rel=\"noopener\">Ferramentas para gest\u00e3o de canais sociais<\/a><\/span><\/li>\n<\/ul>\n<p><img loading=\"lazy\" decoding=\"async\" class=\"aligncenter size-full wp-image-2517\" src=\"https:\/\/insightee.com.br\/blog\/wp-content\/uploads\/2016\/11\/relacionamento.png\" alt=\"relacionamento\" width=\"715\" height=\"150\" srcset=\"https:\/\/insightee.com.br\/blog\/wp-content\/uploads\/2016\/11\/relacionamento.png 715w, https:\/\/insightee.com.br\/blog\/wp-content\/uploads\/2016\/11\/relacionamento-300x63.png 300w\" sizes=\"auto, (max-width: 715px) 100vw, 715px\" \/><\/p>\n<h4 style=\"text-align: justify;\"><strong>Relacionamento\/SAC 2.0 (+ Community Management)<\/strong><\/h4>\n<p style=\"text-align: justify;\"><span style=\"font-weight: 400;\">Para falar de relacionamento, j\u00e1 tendo elencado gest\u00e3o e cria\u00e7\u00e3o de conte\u00fado, acho importante abrir um par\u00eanteses para falar de <strong>Community Management<\/strong>. Embora acredite que n\u00e3o haja uma defini\u00e7\u00e3o fixa do trabalho desse profissional, <\/span><a href=\"http:\/\/tutano.trampos.co\/7173-guia-de-profissoes-community-manager\/\"><span style=\"font-weight: 400;\">mat\u00e9rias<\/span><\/a><span style=\"font-weight: 400;\"> sobre <em>Community Managers<\/em>\u00a0explicam que se trata justamente da uni\u00e3o do que foi descrito de gest\u00e3o, cria\u00e7\u00e3o e &#8211; agora &#8211; relacionamento com os consumidores. O dia a dia deste profissional pode envolver desde a cria\u00e7\u00e3o de posts, arte\/pe\u00e7as, at\u00e9 a cria\u00e7\u00e3o de <em>replies<\/em>, coment\u00e1rios e alguns <em>insights<\/em> do cotidiano.<\/span><\/p>\n<p style=\"text-align: justify;\"><span style=\"font-weight: 400;\">Destaco essa profiss\u00e3o porque acredito que, pelo menos em sua ess\u00eancia, ela refor\u00e7a um dos principais valores da \u201crevolu\u00e7\u00e3o\u201d das m\u00eddias sociais na rela\u00e7\u00e3o entre consumidores e marcas: criar uma atmosfera de comunidade. N\u00e3o, n\u00e3o \u00e9 f\u00e1cil: para empresas pequenas, porque \u00e9 dif\u00edcil reter o p\u00fablico num espa\u00e7o em comum; nem para empresas grandes demais\u00a0<\/span><span style=\"font-weight: 400;\">(e facilmente odi\u00e1veis, como bancos), porque as discuss\u00f5es saem do controle. Mas \u00e9 importante ter em mente que as m\u00eddias sociais (diferente de outros canais da pr\u00f3pria internet, at\u00e9) n\u00e3o foram feitas para atendimento, mas para relacionamento &#8211; mesmo que seja uma tarefa dif\u00edcil.<\/span><\/p>\n<p style=\"text-align: justify;\"><span style=\"font-weight: 400;\">Muito se fala sobre o que de fato seria o SAC 2.0 e eu acredito que todo debate \u00e9 enriquecedor, mas o foco dessa \u00e1rea \u00e9 fato: pessoas &#8211; ou, melhor, usu\u00e1rios. Trabalhar com relacionamento (ou atendimento, como preferir) nos sites de redes sociais exige um esfor\u00e7o organizacional que estruture processos de maneira, r\u00e1pida, clara e eficaz. Trata-se de antecipar as demandas dos usu\u00e1rios e fertilizar o terreno para colher qualquer pepino inesperado que venha a surgir. Isso envolve mapear, ouvir, dialogar, resolver, conectar e responder. N\u00e3o \u00e9 uma tarefa f\u00e1cil, mas extremamente necess\u00e1ria &#8211; principalmente no universo digital.<\/span><\/p>\n<p><b>PARA MAIS INFORMA\u00c7\u00d5ES<\/b><\/p>\n<ul>\n<li style=\"font-weight: 400;\"><span style=\"font-weight: 400;\">Blogs\/sites institucionais: <a href=\"https:\/\/versatilrp.com.br\/\" target=\"_blank\" rel=\"noopener\">Vers\u00e1til RP<\/a>; <a href=\"https:\/\/www.sprinklr.com\/pt-br\/the-way\/\" target=\"_blank\" rel=\"noopener\">The Way<\/a> (Sprinklr); <a href=\"http:\/\/elife.com.br\/index.php\/category\/blog\/\" target=\"_blank\" rel=\"noopener\">E.life<\/a><\/span><\/li>\n<li style=\"font-weight: 400;\"><span style=\"font-weight: 400;\">Profissionais: <a href=\"https:\/\/twitter.com\/marcelosalgado\" target=\"_blank\" rel=\"noopener\">Marcelo Salgado<\/a>;\u00a0<a href=\"http:\/\/rpalavreando.com.br\/\" target=\"_blank\" rel=\"noopener\">Carol Terra<\/a>;\u00a0<a href=\"http:\/\/cristinaaced.com\/\" target=\"_blank\" rel=\"noopener\">Cristina Ac\u00e9d<\/a><\/span><\/li>\n<li style=\"font-weight: 400;\"><span style=\"font-weight: 400;\">Slideshares:\u00a0<a href=\"http:\/\/pt.slideshare.net\/carolterra\/boas-prticas-de-mdias-sociais-para-pm-es\" target=\"_blank\" rel=\"noopener\">Boas pr\u00e1ticas de m\u00eddias sociais para Pequenas e M\u00e9dias Empresas<\/a>;\u00a0<a href=\"http:\/\/pt.slideshare.net\/carolterra\/mini-curso-planejamento-de-rp-em-mdias-sociais-alarp-2014\" target=\"_blank\" rel=\"noopener\">Planejamento de Rela\u00e7\u00e3o P\u00fablicas em m\u00eddias sociais<\/a><\/span><\/li>\n<li style=\"font-weight: 400;\"><span style=\"font-weight: 400;\">E-books: <a href=\"http:\/\/conteudo.seekr.com.br\/manual-de-relacionamento\" target=\"_blank\" rel=\"noopener\">Manual de Relacionamento com o Cliente<\/a><\/span><span style=\"font-weight: 400;\">; <a href=\"http:\/\/conteudo.seekr.com.br\/super-faq\" target=\"_blank\" rel=\"noopener\">Tudo o que voc\u00ea sempre quis saber sobre atendimento, monitoramento e relacionamento nas m\u00eddias sociais (mas tinha medo de perguntar)<\/a><\/span><\/li>\n<li style=\"font-weight: 400;\"><span style=\"font-weight: 400;\">Cursos:\u00a0<\/span><span style=\"font-weight: 400;\"><a href=\"http:\/\/trampos.academy\/mutato\/\">Trampos MasterClasses<\/a>;<\/span><span style=\"font-weight: 400;\">\u00a0<a href=\"http:\/\/www.polocriativo.com.br\/curso\/assessoria-em-midias-sociais-011216\/\" target=\"_blank\" rel=\"noopener\">Polo Criativo<\/a>;\u00a0<a href=\"http:\/\/www.spds.com.br\/curso\/curso-de-relacoes-publicas-2-0-midias-sociais\/\" target=\"_blank\" rel=\"noopener\">S\u00e3o Paulo Digital School<\/a><\/span><\/li>\n<li style=\"font-weight: 400;\"><span style=\"font-weight: 400;\">Posts: <a href=\"http:\/\/tutano.trampos.co\/10433-community-manager-precisa-ser-curioso\/\" target=\"_blank\" rel=\"noopener\">&#8220;O Community Manager precisa ser curioso para explorar o que acontece fora das redes&#8221;<\/a>;\u00a0<a href=\"http:\/\/simplymeasured.com\/blog\/why-data-should-be-at-the-core-of-your-pr-efforts\/#sm.01me7owd18jkdkv10661wnlxioxlo\" target=\"_blank\" rel=\"noopener\">Why Data Should Be at the Core of Your PR Efforts<\/a>; <a href=\"https:\/\/blog.hootsuite.com\/the-difference-between-marketing-to-an-audience-and-building-a-community\/\" target=\"_blank\" rel=\"noopener\">The Difference Between Marketing to an Audience and Building a Community<\/a>;\u00a0<a href=\"https:\/\/www.sprinklr.com\/pt-br\/the-way\/sac-2-0-o-consumidor-tem-que-ser-o-foco-de-qualquer-empresa\/?ideas_redirect=sac-2-0-o-consumidor-tem-que-ser-o-foco-de-qualquer-empresa\/\" target=\"_blank\" rel=\"noopener\">SAC 2.0: O consumidor tem que ser o foco de qualquer empresa<\/a>;\u00a0<a href=\"https:\/\/estudandosocialmedia.wordpress.com\/2015\/08\/22\/e-book-como-iniciar-uma-operacao-de-atendimento-nas-midias-sociais-do-scup\/\" target=\"_blank\" rel=\"noopener\">Como iniciar uma opera\u00e7\u00e3o de atendimento nas m\u00eddias sociais<\/a><\/span><\/li>\n<\/ul>\n<h4 style=\"text-align: justify;\"><img loading=\"lazy\" decoding=\"async\" class=\"aligncenter size-full wp-image-2518\" src=\"https:\/\/insightee.com.br\/blog\/wp-content\/uploads\/2016\/11\/socialads.png\" alt=\"socialads\" width=\"715\" height=\"150\" srcset=\"https:\/\/insightee.com.br\/blog\/wp-content\/uploads\/2016\/11\/socialads.png 715w, https:\/\/insightee.com.br\/blog\/wp-content\/uploads\/2016\/11\/socialads-300x63.png 300w\" sizes=\"auto, (max-width: 715px) 100vw, 715px\" \/><\/h4>\n<h4 style=\"text-align: justify;\"><strong>Facebook Ads\/Social Ads<\/strong><\/h4>\n<p style=\"text-align: justify;\"><span style=\"font-weight: 400;\">Esta talvez seja a \u00e1rea que mais cresceu no \u201cmercado de social media\u201d no \u00faltimo ano. Se antes estavam todos felizes porque os canais tinham sido \u201cdemocratizados\u201d, a preocupa\u00e7\u00e3o foi grande quando o Facebook matou o alcance org\u00e2nico e <a href=\"http:\/\/tarciziosilva.com.br\/blog\/10-anos-de-facebook-um-ponto-obrigatorio-de-passagem\/\" target=\"_blank\" rel=\"noopener\">mostrou as asinhas de quem det\u00e9m o poder do meio<\/a>. Atualmente \u00e9 praticamente imposs\u00edvel falar em <em>social media<\/em> sem falar em m\u00eddia paga, principalmente no Facebook, onde est\u00e3o a maioria das empresas e marcas no Brasil &#8211; por isso o destaque no t\u00edtulo.<\/span><\/p>\n<p style=\"text-align: justify;\">O papel do profissional de m\u00eddia j\u00e1 era comum \u00e0 publicidade muito antes da internet, como aquele que negociava com os canais (TV, r\u00e1dio, jornal, etc.) para a divulga\u00e7\u00e3o das pe\u00e7as publicit\u00e1rias. No ciberespa\u00e7o, esse contexto de m\u00eddia primeiro apareceu nos blogs e portais digitais, atrav\u00e9s de an\u00fancios &#8220;banners&#8221; bem parecidos com <em>outdoors<\/em>, por exemplo. Hoje, depois da gl\u00f3ria e decl\u00ednio do conte\u00fado org\u00e2nico nas m\u00eddias sociais, o trabalho de m\u00eddia \u00e9 essencial para mostrar ao p\u00fablico o que os <em>planners<\/em> planejaram e os criativos criaram.<\/p>\n<p style=\"text-align: justify;\">Nesse contexto, novamente devido \u00e0 popularidade da plataforma, o trabalho de m\u00eddia no Facebook \u00e9 o mais popular dos dias de hoje &#8211; principalmente para pequenas e m\u00e9dias empresas.\u00a0<span style=\"font-weight: 400;\">Por meio do Gerenciador de An\u00fancios do Facebook \u00e9 poss\u00edvel ter um direcionamento de m\u00eddia para convers\u00e3o de sites, aplicativos, alcance de publica\u00e7\u00f5es e p\u00e1ginas em diferentes formatos explorados no Facebook e tamb\u00e9m para publica\u00e7\u00f5es e perfis no Instagram.<\/span><\/p>\n<p style=\"text-align: justify;\"><span style=\"font-weight: 400;\">A \u00e1rea de <em>social ads<\/em> tamb\u00e9m se expande para outras plataformas, \u00e9 claro, como Twitter, LinkedIn, Pinterest, etc., mas \u00e9 o Facebook o poderoso-chef\u00e3o das m\u00eddias sociais. Vale ressaltar que o\u00a0profissional de m\u00eddia geralmente expande seu escopo de trabalho para al\u00e9m dos sites de redes sociais, necessitando conhecimentos tamb\u00e9m em compras de m\u00eddia no Google\u00a0<\/span><span style=\"font-weight: 400;\">(Pesquisa, Display, Mobile, V\u00eddeo e Shopping) e portais de not\u00edcias\/blogs atrav\u00e9s do famoso m\u00eddia kit.<\/span><\/p>\n<p><b>PARA MAIS INFORMA\u00c7\u00d5ES<\/b><\/p>\n<ul>\n<li style=\"font-weight: 400;\"><span style=\"font-weight: 400;\">Blogs\/sites institucionais: <a href=\"http:\/\/www.intermidias.com.br\/\" target=\"_blank\" rel=\"noopener\">Interm\u00eddias<\/a>; <a href=\"http:\/\/www.socialmediaexaminer.com\/\" target=\"_blank\" rel=\"noopener\">Social Media Examiner<\/a><\/span><\/li>\n<li style=\"font-weight: 400;\"><span style=\"font-weight: 400;\">Profissionais: <a href=\"http:\/\/www.kauekgg.com.br\/\" target=\"_blank\" rel=\"noopener\">Kau\u00ea Krischnegg<\/a>;\u00a0<a href=\"https:\/\/www.facebook.com\/fabiohpl\" target=\"_blank\" rel=\"noopener\">F\u00e1bio Prado Lima<\/a>;\u00a0<a href=\"http:\/\/www.jonloomer.com\/\" target=\"_blank\" rel=\"noopener\">Jon Loomer<\/a><\/span><\/li>\n<li style=\"font-weight: 400;\"><span style=\"font-weight: 400;\">Slideshares:\u00a0<a href=\"http:\/\/pt.slideshare.net\/fabiohpl\/midia-online-como-investir-quando-se-tem-pouca-verba-11-novidades-de-facebook-ads\" target=\"_blank\" rel=\"noopener\">Midia Online: Como Investir quando se tem pouca verba<\/a>;\u00a0<a href=\"http:\/\/www.slideshare.net\/kaueKGG\/gerenciador-de-negcios-do-facebook\" target=\"_blank\" rel=\"noopener\">Gerenciador de Neg\u00f3cios do Facebook: vis\u00e3o geral do produto<\/a>;\u00a0<a href=\"http:\/\/pt.slideshare.net\/fabiohpl\/facebook-ads-melhores-estratgias-de-ads-com-pouca-verba-low-budget-summit-2014\" target=\"_blank\" rel=\"noopener\">Facebook Ads &#8211; Melhores estrat\u00e9gias de Ads com Pouca Verba<\/a>;\u00a0<\/span><\/li>\n<li style=\"font-weight: 400;\"><span style=\"font-weight: 400;\">Cursos: <a href=\"https:\/\/www.facebook.com\/faceadsdescomplicado\/\" target=\"_blank\" rel=\"noopener\">Face Ads Descomplicado<\/a>; <a href=\"http:\/\/querosersocialmedia.com.br\/cursos\/curso-social-ads\/\" target=\"_blank\" rel=\"noopener\">Quero Ser Social Media<\/a>;\u00a0<a href=\"http:\/\/www.goobec.com.br\/cursos-online-goobec-2016\/\" target=\"_blank\" rel=\"noopener\">Goobec<\/a>;\u00a0<a href=\"https:\/\/academy.m2br.com\/curso\/facebook-marketing\/\" target=\"_blank\" rel=\"noopener\">M2BR Academy<\/a>;\u00a0<a href=\"http:\/\/www.polocriativo.com.br\/curso\/facebook-ads-181116\/\" target=\"_blank\" rel=\"noopener\">Polo Criativo<\/a>;\u00a0<a href=\"http:\/\/www.spds.com.br\/curso\/curso-de-facebook-ads-e-instragam-ads\/\" target=\"_blank\" rel=\"noopener\">S\u00e3o Paulo Digital School<\/a><\/span><\/li>\n<li style=\"font-weight: 400;\">E-books:\u00a0<a href=\"https:\/\/www.socialbakers.com\/ad-master\/?utm_source=fb&amp;utm_medium=cpc&amp;utm_content=social&amp;utm_campaign=WP_Ads_Master_FB\" target=\"_blank\" rel=\"noopener\">Become an ad master &#8211; Facebook ads studies by Socialbakers<\/a><\/li>\n<li style=\"font-weight: 400;\"><span style=\"font-weight: 400;\">Treinamentos e Certifica\u00e7\u00f5es: <\/span><span style=\"font-weight: 400;\"><a href=\"https:\/\/twitterflightschool.com\" target=\"_blank\" rel=\"noopener\">Twitter Fligh School<\/a>;<\/span><span style=\"font-weight: 400;\">\u00a0<\/span><span style=\"font-weight: 400;\"><a href=\"https:\/\/www.facebook.com\/blueprint\" target=\"_blank\" rel=\"noopener\">Facebook Blueprint<\/a>;<\/span><span style=\"font-weight: 400;\">\u00a0<\/span><span style=\"font-weight: 400;\"><a href=\"https:\/\/events.withgoogle.com\/partners-university\/treinamentos\/\" target=\"_blank\" rel=\"noopener\">Google Partners<\/a><\/span><\/li>\n<li style=\"font-weight: 400;\">Posts:\u00a0<a href=\"http:\/\/resultadosdigitais.com.br\/blog\/anuncios-redes-sociais\/\" target=\"_blank\" rel=\"noopener\">Por onde come\u00e7ar? O ABC dos an\u00fancios nas redes sociais<\/a>;\u00a0<a href=\"http:\/\/querosersocialmedia.com.br\/blog\/plataformas\/twitter-ads-quais-as-possibilidades\/\" target=\"_blank\" rel=\"noopener\">Twitter Ads: quais s\u00e3o as possibilidades?<\/a>;\u00a0<a href=\"http:\/\/querosersocialmedia.com.br\/blog\/plataformas\/facebook-ads-entendendo-o-gerenciador-de-anuncios\/\" target=\"_blank\" rel=\"noopener\">Facebook Ads: Entendendo o Gerenciador de An\u00fancios<\/a>;\u00a0<a href=\"http:\/\/www.socialmediaexaminer.com\/how-to-advertise-on-instagram-a-complete-instagram-ads-guide\/\" target=\"_blank\" rel=\"noopener\">How to Advertise on Instagram: A Complete Instagram Ads Guide<\/a><\/li>\n<\/ul>\n<h4><img loading=\"lazy\" decoding=\"async\" class=\"aligncenter size-full wp-image-2519\" src=\"https:\/\/insightee.com.br\/blog\/wp-content\/uploads\/2016\/11\/metricas.png\" alt=\"metricas\" width=\"715\" height=\"150\" srcset=\"https:\/\/insightee.com.br\/blog\/wp-content\/uploads\/2016\/11\/metricas.png 715w, https:\/\/insightee.com.br\/blog\/wp-content\/uploads\/2016\/11\/metricas-300x63.png 300w\" sizes=\"auto, (max-width: 715px) 100vw, 715px\" \/><\/h4>\n<h4><strong>Mensura\u00e7\u00e3o de Dados (M\u00e9tricas e Indicadores Digitais)<\/strong><\/h4>\n<p style=\"text-align: justify;\">Depois de pesquisar\/monitorar, planejar, criar, gerir, conectar e promover, chega o momento de fazer as contas. Na verdade, embora (para fins did\u00e1ticos) eu tenha seguido essa ordem e colocado a \u00e1rea de mensura\u00e7\u00e3o no final (tentando seguir certa l\u00f3gica), \u00e9 importante elucidar que medir nunca deve ser deixado apenas para o final. Como se trata de um ciclo, este item poderia muito bem vir em primeiro lugar &#8211; afinal, tanto monitoramento quanto m\u00e9tricas deve servir de fundamento b\u00e1sico para tudo que se deseje construir em cima ou a partir disso.<\/p>\n<p style=\"text-align: justify;\">Assim como monitoramento, \u00e9 uma \u00e1rea que ganhou muita for\u00e7a nos \u00faltimos anos principalmente pela possibilidade quase in\u00e9dita de finalmente ser poss\u00edvel quantificar (ou mensurar) os resultados dos esfor\u00e7os comunicacionais. Embora algumas pol\u00eamicas envolvendo <em>bots<\/em>, <em>click-baits<\/em>\u00a0e n\u00fameros inflados estejam presentes desde a populariza\u00e7\u00e3o da an\u00e1lise de dados da web, \u00e9 ineg\u00e1vel o qu\u00e3o poderoso tem sido para as empresas ter a possibilidade de avaliar suas a\u00e7\u00f5es e compreender melhor seus consumidores atrav\u00e9s dos dados gerados nas m\u00eddias sociais, sites institucionais, <em>e-commerces<\/em>, Google, etc.<\/p>\n<p style=\"text-align: justify;\">O economista Douglas Hubbard explica que\u00a0\u201cmensura\u00e7\u00e3o \u00e9 uma redu\u00e7\u00e3o quantitativamente expressa de incerteza, baseada em uma ou mais observa\u00e7\u00f5es\u201d, ou seja,\u00a0o trabalho com m\u00e9tricas\/indicadores digitais envolve traduzir os n\u00fameros (rastros sociais digitais) em estrat\u00e9gias eficazes de re-avalia\u00e7\u00e3o para melhor a assertividade. Assim como fiz em monitoramento, acho legal trazer essa cita\u00e7\u00e3o que costuma estar sempre presente nos materiais de cursos e especializa\u00e7\u00e3o sobre m\u00e9tricas para m\u00eddias sociais:<\/p>\n<blockquote><p>\u201cUma m\u00e9trica \u00e9 um sistema de mensura\u00e7\u00e3o que quantifica uma tend\u00eancia, din\u00e2mica ou caracter\u00edstica. M\u00e9tricas s\u00e3o usadas para explicar fen\u00f4menos, diagnosticar causas, compartilhar descobertas e projetar os resultados de eventos futuros.\u201d \u2013 Paul Farris, Neil Bendle, Phillip Pfeifer, David Reibstein<\/p><\/blockquote>\n<p style=\"text-align: justify;\">No entanto, as famosas m\u00e9tricas n\u00e3o s\u00e3o exclusivas das m\u00eddias sociais. Sites, blogs e e-commerces, por exemplo, como j\u00e1 mencionados, tamb\u00e9m possuem suas pr\u00f3prias l\u00f3gicas de m\u00e9tricas para avalia\u00e7\u00e3o.\u00a0N\u00e3o pretendo me aprofundar no assunto porque sair das m\u00eddias sociais envolve mais um universo de possibilidades (como Adwords, SEO, etc.), mas \u00e9 importante ressaltar que o Google Analytics \u00e9 uma plataforma de extrema import\u00e2ncia tamb\u00e9m para as m\u00eddias sociais, uma vez que a integra\u00e7\u00e3o site + rede social \u00e9 bastante comum.<\/p>\n<p><b>PARA MAIS INFORMA\u00c7\u00d5ES<\/b><\/p>\n<ul>\n<li style=\"font-weight: 400;\"><span style=\"font-weight: 400;\">Blogs\/sites institucionais: <\/span><span style=\"font-weight: 400;\"><a href=\"http:\/\/blog.ibpad.com.br\" target=\"_blank\" rel=\"noopener\">IBPAD<\/a>;<\/span><span style=\"font-weight: 400;\">\u00a0<a href=\"http:\/\/www.dp6.com.br\/#blog\" target=\"_blank\" rel=\"noopener\">dp6<\/a>;\u00a0<a href=\"https:\/\/metricsman.wordpress.com\/\" target=\"_blank\" rel=\"noopener\">MetricsMan<\/a>; <a href=\"https:\/\/analytics.googleblog.com\/\" target=\"_blank\" rel=\"noopener\">Analytics Blog<\/a>; <a href=\"http:\/\/simplymeasured.com\/blog\/\" target=\"_blank\" rel=\"noopener\">Simply Measured<\/a>; <a href=\"https:\/\/www.socialbakers.com\/blog\/\" target=\"_blank\" rel=\"noopener\">Socialbakers<\/a>; <a href=\"http:\/\/analyticsdemystified.com\/\" target=\"_blank\" rel=\"noopener\">Analytics Demystified<\/a><\/span><\/li>\n<li style=\"font-weight: 400;\"><span style=\"font-weight: 400;\">Profissionais:\u00a0<a href=\"http:\/\/www.slideshare.net\/tarushijio\" target=\"_blank\" rel=\"noopener\">Tarc\u00edzio Silva<\/a>;\u00a0<a href=\"https:\/\/twitter.com\/queenofmetrics\" target=\"_blank\" rel=\"noopener\">Katie Paine<\/a>;\u00a0<a href=\"http:\/\/pt.slideshare.net\/juniorsiri\" target=\"_blank\" rel=\"noopener\">J\u00fanior Siri<\/a>;\u00a0<a href=\"http:\/\/www.web-strategist.com\/\" target=\"_blank\" rel=\"noopener\">Jeremiah Owyang<\/a>; <a href=\"https:\/\/twitter.com\/johnlovett\" target=\"_blank\" rel=\"noopener\">John Lovett<\/a>; <a href=\"http:\/\/www.midializado.com.br\/\" target=\"_blank\" rel=\"noopener\">Gabriel Ishida<\/a>; <a href=\"http:\/\/www.kaushik.net\/avinash\/\" target=\"_blank\" rel=\"noopener\">Avinash Kaushik<\/a><\/span><\/li>\n<li style=\"font-weight: 400;\"><span style=\"font-weight: 400;\">Slideshares: <a href=\"http:\/\/www.slideshare.net\/jlovett\/social-marketing-analytics\" target=\"_blank\" rel=\"noopener\">Social Marketing Analytics: A New Framework for Measuring Results in Social Media<\/a>;\u00a0<a href=\"http:\/\/pt.slideshare.net\/tarushijio\/padronizacoes-mensuracao-midias-sociais\" target=\"_blank\" rel=\"noopener\">Padroniza\u00e7\u00f5es Completas de Mensura\u00e7\u00e3o em M\u00eddias Sociais<\/a>;\u00a0<a href=\"http:\/\/www.slideshare.net\/tarushijio\/techday-ufma-metricas-em-midias-sociais;\" target=\"_blank\" rel=\"noopener\">M\u00e9tricas em M\u00eddias Sociais<\/a>;\u00a0<a href=\"http:\/\/www.slideshare.net\/maxstabile\/avaliao-em-projetos-de-comunicao-redes-sociais\" target=\"_blank\" rel=\"noopener\">Avalia\u00e7\u00e3o e Mensura\u00e7\u00e3o de Resultados na Comunica\u00e7\u00e3o Digital<\/a>;\u00a0<a href=\"http:\/\/pt.slideshare.net\/ugaconnect\/katie-delahaye-paine\" target=\"_blank\" rel=\"noopener\">Measuring Naked Conversations &#8212; How to Measure Social Media<\/a><\/span><\/li>\n<li style=\"font-weight: 400;\"><span style=\"font-weight: 400;\">Cursos: <a href=\"http:\/\/www.ibpad.com.br\/services\/comunicacao-digital\/metricas-para-comunicacao-digital\/\" target=\"_blank\" rel=\"noopener\">IBPAD<\/a>;\u00a0<a href=\"http:\/\/atlasmedialab.com.br\/curso\/workshop-metricas-midias-sociais\/\" target=\"_blank\" rel=\"noopener\">Atlas Media Lab<\/a>; <a href=\"http:\/\/querosersocialmedia.com.br\/cursos\/curso-online-de-metricas\/\" target=\"_blank\" rel=\"noopener\">Quero Ser Social Media<\/a>;<\/span><span style=\"font-weight: 400;\">\u00a0<a href=\"https:\/\/academy.m2br.com\/curso\/analytics-na-pratica\/\" target=\"_blank\" rel=\"noopener\">M2BR Academy<\/a>;\u00a0<a href=\"http:\/\/www.spds.com.br\/categoria-produto\/metricas\/\" target=\"_blank\" rel=\"noopener\">S\u00e3o Paulo Digital School<\/a>; <a href=\"https:\/\/www.internetinnovation.com.br\/cursos\/cursos-de-marketing-digital\/curso-de-metricas-roi\/\" target=\"_blank\" rel=\"noopener\">Internet Innovation<\/a><\/span><\/li>\n<li style=\"font-weight: 400;\"><span style=\"font-weight: 400;\">Posts:\u00a0<a href=\"https:\/\/estudandosocialmedia.wordpress.com\/2015\/08\/18\/curso-e-workshop-metricas-em-midias-sociais-da-atlas-media-lab-e-cec-cursos\/\" target=\"_blank\" rel=\"noopener\">M\u00e9tricas em M\u00eddias Sociais<\/a>;\u00a0<a href=\"https:\/\/insightee.com.br\/blog\/e-book-como-trabalhar-metricas-e-kpis-nas-midias-sociais-do-scup\/\" target=\"_blank\" rel=\"noopener\">Como trabalhar m\u00e9tricas e KPIs nas m\u00eddias sociais<\/a>; <a href=\"http:\/\/www.dp6.com.br\/como-definir-kpis\/\" target=\"_blank\" rel=\"noopener\">Como definir os KPI`s do seu neg\u00f3cio?<\/a>; <a href=\"https:\/\/www.iab.com\/insights\/defining-and-measuring-digital-ad-engagement-in-a-cross-platform-world\/\" target=\"_blank\" rel=\"noopener\">Defining and Measuring Digital Ad Engagement in a Cross-Platform World<\/a><\/span><span style=\"font-weight: 400;\">;\u00a0<a href=\"http:\/\/www.associationadviser.com\/index.php\/gain-strategic-insight-digital-metrics\/\" target=\"_blank\" rel=\"noopener\">How to Gain Strategic Insight from Digital Metrics<\/a>;\u00a0<a href=\"http:\/\/www.web-strategist.com\/blog\/2011\/12\/22\/data-composition-of-a-corporate-social-media-team\/\" target=\"_blank\" rel=\"noopener\">Data: Composition of a Corporate Social Media Team<\/a><\/span><\/li>\n<\/ul>\n<hr \/>\n<p style=\"text-align: justify;\">A minha ideia inicial era fazer mais uma se\u00e7\u00e3o &#8220;indo al\u00e9m&#8221; para destrinchar <em>inbound marketing<\/em>\/marketing de conte\u00fado, SEO, Adwords, etc., mas, dada a extens\u00e3o do post, optei por manter a base apenas com o trabalho dentro de m\u00eddias sociais &#8211; o que j\u00e1 \u00e9 bastante coisa. Sem mais delongas, apenas refor\u00e7o o que expliquei na introdu\u00e7\u00e3o: n\u00e3o quer dizer que cada uma dessas \u00e1reas seja \u00fanica ou que as profiss\u00f5es\/departamentos atuem exatamente dessa forma nas ag\u00eancias\/empresas, mas foram &#8220;ambientes&#8221; do ecossistema de <em>social media<\/em> que identifiquei e estruturei de tal forma apenas para fins did\u00e1ticos.<\/p>\n<p style=\"text-align: justify;\">Eu espero que o conte\u00fado seja \u00fatil para quem est\u00e1 come\u00e7ando e precisa encontrar um rumo para sua carreira. Espero tamb\u00e9m que as refer\u00eancias sejam \u00fateis e que acrescentem a quem precise, nem que seja apenas para come\u00e7ar a se ambientar com alguns termos espec\u00edficos desconhecidos &#8211; agora voc\u00ea j\u00e1 pode compreender melhor as vagas publicadas em grupos no Facebook. No mais, agrade\u00e7o imensamente \u00e0s mo\u00e7as que me ajudaram a montar todo esse material e me aturaram durante todos esses dias.<\/p>\n","protected":false},"excerpt":{"rendered":"<p>[Post feito com a colabora\u00e7\u00e3o de\u00a0Mayara Mendes,\u00a0Mari Ferreira\u00a0e Juliana Freitas] \u00c9 muito dif\u00edcil, para quem est\u00e1 come\u00e7ando, conseguir enxergar todo o ecossistema de Social Media. A chamada\u00a0\u201cprofiss\u00e3o Social Media\u201d, na verdade, engloba diversas \u00e1reas de atua\u00e7\u00e3o e pr\u00e1ticas profissionais diferentes, tanto referentes \u00e0 democratiza\u00e7\u00e3o da produ\u00e7\u00e3o e acesso aos canais de m\u00eddia quanto ao car\u00e1ter [&hellip;]<\/p>\n","protected":false},"author":1,"featured_media":2507,"comment_status":"open","ping_status":"open","sticky":false,"template":"","format":"standard","meta":{"footnotes":""},"categories":[7],"tags":[31,64,65,69,72,90],"class_list":["post-2471","post","type-post","status-publish","format-standard","has-post-thumbnail","hentry","category-guias","tag-cursos-2","tag-metricas","tag-monitoramento","tag-planejamento","tag-profissao","tag-social-media"],"yoast_head":"<!-- This site is optimized with the Yoast SEO plugin v27.3 - https:\/\/yoast.com\/product\/yoast-seo-wordpress\/ -->\n<title>Profiss\u00e3o Social Media: \u00e1reas de atua\u00e7\u00e3o e fontes para estudo &#8211; insightee<\/title>\n<meta name=\"description\" content=\"O que faz um &quot;social media&quot;? As \u00e1reas de trabalho em m\u00eddias sociais + listas de refer\u00eancias com sites\/blogs, cursos e materiais educativos para estudo!\" \/>\n<meta name=\"robots\" content=\"index, follow, max-snippet:-1, max-image-preview:large, max-video-preview:-1\" \/>\n<link rel=\"canonical\" href=\"https:\/\/insightee.com.br\/blog\/profissao-social-media-areas-de-atuacao-e-fontes-para-estudo\/\" \/>\n<meta property=\"og:locale\" content=\"pt_BR\" \/>\n<meta property=\"og:type\" content=\"article\" \/>\n<meta property=\"og:title\" content=\"Profiss\u00e3o Social Media: \u00e1reas de atua\u00e7\u00e3o e fontes para estudo &#8211; insightee\" \/>\n<meta property=\"og:description\" content=\"O que faz um &quot;social media&quot;? As \u00e1reas de trabalho em m\u00eddias sociais + listas de refer\u00eancias com sites\/blogs, cursos e materiais educativos para estudo!\" \/>\n<meta property=\"og:url\" content=\"https:\/\/insightee.com.br\/blog\/profissao-social-media-areas-de-atuacao-e-fontes-para-estudo\/\" \/>\n<meta property=\"og:site_name\" content=\"insightee\" \/>\n<meta property=\"article:publisher\" content=\"https:\/\/www.facebook.com\/pedrormeirelles\" \/>\n<meta property=\"article:author\" content=\"https:\/\/www.facebook.com\/pedrormeirelles\" \/>\n<meta property=\"article:published_time\" content=\"2016-11-16T15:03:00+00:00\" \/>\n<meta property=\"article:modified_time\" content=\"2017-09-12T21:53:04+00:00\" \/>\n<meta property=\"og:image\" content=\"https:\/\/insightee.com.br\/blog\/wp-content\/uploads\/2016\/11\/profissao-socialmedia.png\" \/>\n\t<meta property=\"og:image:width\" content=\"1200\" \/>\n\t<meta property=\"og:image:height\" content=\"630\" \/>\n\t<meta property=\"og:image:type\" content=\"image\/png\" \/>\n<meta name=\"author\" content=\"Pedro Meirelles\" \/>\n<meta name=\"twitter:card\" content=\"summary_large_image\" \/>\n<meta name=\"twitter:creator\" content=\"@https:\/\/twitter.com\/peumeirelles\" \/>\n<meta name=\"twitter:site\" content=\"@peumeirelles\" \/>\n<meta name=\"twitter:label1\" content=\"Escrito por\" \/>\n\t<meta name=\"twitter:data1\" content=\"Pedro Meirelles\" \/>\n\t<meta name=\"twitter:label2\" content=\"Est. tempo de leitura\" \/>\n\t<meta name=\"twitter:data2\" content=\"24 minutos\" \/>\n<script type=\"application\/ld+json\" class=\"yoast-schema-graph\">{\"@context\":\"https:\\\/\\\/schema.org\",\"@graph\":[{\"@type\":\"Article\",\"@id\":\"https:\\\/\\\/insightee.com.br\\\/blog\\\/profissao-social-media-areas-de-atuacao-e-fontes-para-estudo\\\/#article\",\"isPartOf\":{\"@id\":\"https:\\\/\\\/insightee.com.br\\\/blog\\\/profissao-social-media-areas-de-atuacao-e-fontes-para-estudo\\\/\"},\"author\":{\"name\":\"Pedro Meirelles\",\"@id\":\"https:\\\/\\\/insightee.com.br\\\/blog\\\/#\\\/schema\\\/person\\\/25bb944f37e66a0298f607979c5b0a22\"},\"headline\":\"Profiss\u00e3o Social Media: \u00e1reas de atua\u00e7\u00e3o e fontes para estudo\",\"datePublished\":\"2016-11-16T15:03:00+00:00\",\"dateModified\":\"2017-09-12T21:53:04+00:00\",\"mainEntityOfPage\":{\"@id\":\"https:\\\/\\\/insightee.com.br\\\/blog\\\/profissao-social-media-areas-de-atuacao-e-fontes-para-estudo\\\/\"},\"wordCount\":4884,\"commentCount\":6,\"image\":{\"@id\":\"https:\\\/\\\/insightee.com.br\\\/blog\\\/profissao-social-media-areas-de-atuacao-e-fontes-para-estudo\\\/#primaryimage\"},\"thumbnailUrl\":\"https:\\\/\\\/insightee.com.br\\\/blog\\\/wp-content\\\/uploads\\\/2016\\\/11\\\/profissao-socialmedia.png\",\"keywords\":[\"cursos\",\"M\u00e9tricas\",\"Monitoramento\",\"planejamento\",\"profiss\u00e3o\",\"social media\"],\"articleSection\":[\"Guias\"],\"inLanguage\":\"pt-BR\",\"potentialAction\":[{\"@type\":\"CommentAction\",\"name\":\"Comment\",\"target\":[\"https:\\\/\\\/insightee.com.br\\\/blog\\\/profissao-social-media-areas-de-atuacao-e-fontes-para-estudo\\\/#respond\"]}]},{\"@type\":\"WebPage\",\"@id\":\"https:\\\/\\\/insightee.com.br\\\/blog\\\/profissao-social-media-areas-de-atuacao-e-fontes-para-estudo\\\/\",\"url\":\"https:\\\/\\\/insightee.com.br\\\/blog\\\/profissao-social-media-areas-de-atuacao-e-fontes-para-estudo\\\/\",\"name\":\"Profiss\u00e3o Social Media: \u00e1reas de atua\u00e7\u00e3o e fontes para estudo &#8211; insightee\",\"isPartOf\":{\"@id\":\"https:\\\/\\\/insightee.com.br\\\/blog\\\/#website\"},\"primaryImageOfPage\":{\"@id\":\"https:\\\/\\\/insightee.com.br\\\/blog\\\/profissao-social-media-areas-de-atuacao-e-fontes-para-estudo\\\/#primaryimage\"},\"image\":{\"@id\":\"https:\\\/\\\/insightee.com.br\\\/blog\\\/profissao-social-media-areas-de-atuacao-e-fontes-para-estudo\\\/#primaryimage\"},\"thumbnailUrl\":\"https:\\\/\\\/insightee.com.br\\\/blog\\\/wp-content\\\/uploads\\\/2016\\\/11\\\/profissao-socialmedia.png\",\"datePublished\":\"2016-11-16T15:03:00+00:00\",\"dateModified\":\"2017-09-12T21:53:04+00:00\",\"author\":{\"@id\":\"https:\\\/\\\/insightee.com.br\\\/blog\\\/#\\\/schema\\\/person\\\/25bb944f37e66a0298f607979c5b0a22\"},\"description\":\"O que faz um \\\"social media\\\"? As \u00e1reas de trabalho em m\u00eddias sociais + listas de refer\u00eancias com sites\\\/blogs, cursos e materiais educativos para estudo!\",\"breadcrumb\":{\"@id\":\"https:\\\/\\\/insightee.com.br\\\/blog\\\/profissao-social-media-areas-de-atuacao-e-fontes-para-estudo\\\/#breadcrumb\"},\"inLanguage\":\"pt-BR\",\"potentialAction\":[{\"@type\":\"ReadAction\",\"target\":[\"https:\\\/\\\/insightee.com.br\\\/blog\\\/profissao-social-media-areas-de-atuacao-e-fontes-para-estudo\\\/\"]}]},{\"@type\":\"ImageObject\",\"inLanguage\":\"pt-BR\",\"@id\":\"https:\\\/\\\/insightee.com.br\\\/blog\\\/profissao-social-media-areas-de-atuacao-e-fontes-para-estudo\\\/#primaryimage\",\"url\":\"https:\\\/\\\/insightee.com.br\\\/blog\\\/wp-content\\\/uploads\\\/2016\\\/11\\\/profissao-socialmedia.png\",\"contentUrl\":\"https:\\\/\\\/insightee.com.br\\\/blog\\\/wp-content\\\/uploads\\\/2016\\\/11\\\/profissao-socialmedia.png\",\"width\":1200,\"height\":630},{\"@type\":\"BreadcrumbList\",\"@id\":\"https:\\\/\\\/insightee.com.br\\\/blog\\\/profissao-social-media-areas-de-atuacao-e-fontes-para-estudo\\\/#breadcrumb\",\"itemListElement\":[{\"@type\":\"ListItem\",\"position\":1,\"name\":\"In\u00edcio\",\"item\":\"https:\\\/\\\/insightee.com.br\\\/blog\\\/\"},{\"@type\":\"ListItem\",\"position\":2,\"name\":\"Profiss\u00e3o Social Media: \u00e1reas de atua\u00e7\u00e3o e fontes para estudo\"}]},{\"@type\":\"WebSite\",\"@id\":\"https:\\\/\\\/insightee.com.br\\\/blog\\\/#website\",\"url\":\"https:\\\/\\\/insightee.com.br\\\/blog\\\/\",\"name\":\"insightee\",\"description\":\"\u00e0 procura do insight perfeito\",\"potentialAction\":[{\"@type\":\"SearchAction\",\"target\":{\"@type\":\"EntryPoint\",\"urlTemplate\":\"https:\\\/\\\/insightee.com.br\\\/blog\\\/?s={search_term_string}\"},\"query-input\":{\"@type\":\"PropertyValueSpecification\",\"valueRequired\":true,\"valueName\":\"search_term_string\"}}],\"inLanguage\":\"pt-BR\"},{\"@type\":\"Person\",\"@id\":\"https:\\\/\\\/insightee.com.br\\\/blog\\\/#\\\/schema\\\/person\\\/25bb944f37e66a0298f607979c5b0a22\",\"name\":\"Pedro Meirelles\",\"image\":{\"@type\":\"ImageObject\",\"inLanguage\":\"pt-BR\",\"@id\":\"https:\\\/\\\/secure.gravatar.com\\\/avatar\\\/65e627ac6c71e8afcd40409c252c043555caf5da4f58ba46ab903227744c24fd?s=96&d=mm&r=g\",\"url\":\"https:\\\/\\\/secure.gravatar.com\\\/avatar\\\/65e627ac6c71e8afcd40409c252c043555caf5da4f58ba46ab903227744c24fd?s=96&d=mm&r=g\",\"contentUrl\":\"https:\\\/\\\/secure.gravatar.com\\\/avatar\\\/65e627ac6c71e8afcd40409c252c043555caf5da4f58ba46ab903227744c24fd?s=96&d=mm&r=g\",\"caption\":\"Pedro Meirelles\"},\"description\":\"Mestrando em Cultura e Territorialidades pela Universidade Federal Fluminense, formado em Estudos de M\u00eddia pela mesma institui\u00e7\u00e3o. Interessado em pesquisa digital, m\u00e9todos digitais, an\u00e1lise de dados, cultura, sociedade e Nordeste. Pesquisador no Instituto Brasileiro de Pesquisa e An\u00e1lise de Dados. (+)\",\"sameAs\":[\"https:\\\/\\\/www.facebook.com\\\/pedrormeirelles\",\"http:\\\/\\\/instagram.com\\\/seekpedro\",\"https:\\\/\\\/www.linkedin.com\\\/in\\\/meirellespedro\",\"https:\\\/\\\/x.com\\\/https:\\\/\\\/twitter.com\\\/peumeirelles\"],\"url\":\"https:\\\/\\\/insightee.com.br\\\/blog\\\/author\\\/pedro-meirelles\\\/\"}]}<\/script>\n<!-- \/ Yoast SEO plugin. -->","yoast_head_json":{"title":"Profiss\u00e3o Social Media: \u00e1reas de atua\u00e7\u00e3o e fontes para estudo &#8211; insightee","description":"O que faz um \"social media\"? As \u00e1reas de trabalho em m\u00eddias sociais + listas de refer\u00eancias com sites\/blogs, cursos e materiais educativos para estudo!","robots":{"index":"index","follow":"follow","max-snippet":"max-snippet:-1","max-image-preview":"max-image-preview:large","max-video-preview":"max-video-preview:-1"},"canonical":"https:\/\/insightee.com.br\/blog\/profissao-social-media-areas-de-atuacao-e-fontes-para-estudo\/","og_locale":"pt_BR","og_type":"article","og_title":"Profiss\u00e3o Social Media: \u00e1reas de atua\u00e7\u00e3o e fontes para estudo &#8211; insightee","og_description":"O que faz um \"social media\"? As \u00e1reas de trabalho em m\u00eddias sociais + listas de refer\u00eancias com sites\/blogs, cursos e materiais educativos para estudo!","og_url":"https:\/\/insightee.com.br\/blog\/profissao-social-media-areas-de-atuacao-e-fontes-para-estudo\/","og_site_name":"insightee","article_publisher":"https:\/\/www.facebook.com\/pedrormeirelles","article_author":"https:\/\/www.facebook.com\/pedrormeirelles","article_published_time":"2016-11-16T15:03:00+00:00","article_modified_time":"2017-09-12T21:53:04+00:00","og_image":[{"width":1200,"height":630,"url":"https:\/\/insightee.com.br\/blog\/wp-content\/uploads\/2016\/11\/profissao-socialmedia.png","type":"image\/png"}],"author":"Pedro Meirelles","twitter_card":"summary_large_image","twitter_creator":"@https:\/\/twitter.com\/peumeirelles","twitter_site":"@peumeirelles","twitter_misc":{"Escrito por":"Pedro Meirelles","Est. tempo de leitura":"24 minutos"},"schema":{"@context":"https:\/\/schema.org","@graph":[{"@type":"Article","@id":"https:\/\/insightee.com.br\/blog\/profissao-social-media-areas-de-atuacao-e-fontes-para-estudo\/#article","isPartOf":{"@id":"https:\/\/insightee.com.br\/blog\/profissao-social-media-areas-de-atuacao-e-fontes-para-estudo\/"},"author":{"name":"Pedro Meirelles","@id":"https:\/\/insightee.com.br\/blog\/#\/schema\/person\/25bb944f37e66a0298f607979c5b0a22"},"headline":"Profiss\u00e3o Social Media: \u00e1reas de atua\u00e7\u00e3o e fontes para estudo","datePublished":"2016-11-16T15:03:00+00:00","dateModified":"2017-09-12T21:53:04+00:00","mainEntityOfPage":{"@id":"https:\/\/insightee.com.br\/blog\/profissao-social-media-areas-de-atuacao-e-fontes-para-estudo\/"},"wordCount":4884,"commentCount":6,"image":{"@id":"https:\/\/insightee.com.br\/blog\/profissao-social-media-areas-de-atuacao-e-fontes-para-estudo\/#primaryimage"},"thumbnailUrl":"https:\/\/insightee.com.br\/blog\/wp-content\/uploads\/2016\/11\/profissao-socialmedia.png","keywords":["cursos","M\u00e9tricas","Monitoramento","planejamento","profiss\u00e3o","social media"],"articleSection":["Guias"],"inLanguage":"pt-BR","potentialAction":[{"@type":"CommentAction","name":"Comment","target":["https:\/\/insightee.com.br\/blog\/profissao-social-media-areas-de-atuacao-e-fontes-para-estudo\/#respond"]}]},{"@type":"WebPage","@id":"https:\/\/insightee.com.br\/blog\/profissao-social-media-areas-de-atuacao-e-fontes-para-estudo\/","url":"https:\/\/insightee.com.br\/blog\/profissao-social-media-areas-de-atuacao-e-fontes-para-estudo\/","name":"Profiss\u00e3o Social Media: \u00e1reas de atua\u00e7\u00e3o e fontes para estudo &#8211; insightee","isPartOf":{"@id":"https:\/\/insightee.com.br\/blog\/#website"},"primaryImageOfPage":{"@id":"https:\/\/insightee.com.br\/blog\/profissao-social-media-areas-de-atuacao-e-fontes-para-estudo\/#primaryimage"},"image":{"@id":"https:\/\/insightee.com.br\/blog\/profissao-social-media-areas-de-atuacao-e-fontes-para-estudo\/#primaryimage"},"thumbnailUrl":"https:\/\/insightee.com.br\/blog\/wp-content\/uploads\/2016\/11\/profissao-socialmedia.png","datePublished":"2016-11-16T15:03:00+00:00","dateModified":"2017-09-12T21:53:04+00:00","author":{"@id":"https:\/\/insightee.com.br\/blog\/#\/schema\/person\/25bb944f37e66a0298f607979c5b0a22"},"description":"O que faz um \"social media\"? As \u00e1reas de trabalho em m\u00eddias sociais + listas de refer\u00eancias com sites\/blogs, cursos e materiais educativos para estudo!","breadcrumb":{"@id":"https:\/\/insightee.com.br\/blog\/profissao-social-media-areas-de-atuacao-e-fontes-para-estudo\/#breadcrumb"},"inLanguage":"pt-BR","potentialAction":[{"@type":"ReadAction","target":["https:\/\/insightee.com.br\/blog\/profissao-social-media-areas-de-atuacao-e-fontes-para-estudo\/"]}]},{"@type":"ImageObject","inLanguage":"pt-BR","@id":"https:\/\/insightee.com.br\/blog\/profissao-social-media-areas-de-atuacao-e-fontes-para-estudo\/#primaryimage","url":"https:\/\/insightee.com.br\/blog\/wp-content\/uploads\/2016\/11\/profissao-socialmedia.png","contentUrl":"https:\/\/insightee.com.br\/blog\/wp-content\/uploads\/2016\/11\/profissao-socialmedia.png","width":1200,"height":630},{"@type":"BreadcrumbList","@id":"https:\/\/insightee.com.br\/blog\/profissao-social-media-areas-de-atuacao-e-fontes-para-estudo\/#breadcrumb","itemListElement":[{"@type":"ListItem","position":1,"name":"In\u00edcio","item":"https:\/\/insightee.com.br\/blog\/"},{"@type":"ListItem","position":2,"name":"Profiss\u00e3o Social Media: \u00e1reas de atua\u00e7\u00e3o e fontes para estudo"}]},{"@type":"WebSite","@id":"https:\/\/insightee.com.br\/blog\/#website","url":"https:\/\/insightee.com.br\/blog\/","name":"insightee","description":"\u00e0 procura do insight perfeito","potentialAction":[{"@type":"SearchAction","target":{"@type":"EntryPoint","urlTemplate":"https:\/\/insightee.com.br\/blog\/?s={search_term_string}"},"query-input":{"@type":"PropertyValueSpecification","valueRequired":true,"valueName":"search_term_string"}}],"inLanguage":"pt-BR"},{"@type":"Person","@id":"https:\/\/insightee.com.br\/blog\/#\/schema\/person\/25bb944f37e66a0298f607979c5b0a22","name":"Pedro Meirelles","image":{"@type":"ImageObject","inLanguage":"pt-BR","@id":"https:\/\/secure.gravatar.com\/avatar\/65e627ac6c71e8afcd40409c252c043555caf5da4f58ba46ab903227744c24fd?s=96&d=mm&r=g","url":"https:\/\/secure.gravatar.com\/avatar\/65e627ac6c71e8afcd40409c252c043555caf5da4f58ba46ab903227744c24fd?s=96&d=mm&r=g","contentUrl":"https:\/\/secure.gravatar.com\/avatar\/65e627ac6c71e8afcd40409c252c043555caf5da4f58ba46ab903227744c24fd?s=96&d=mm&r=g","caption":"Pedro Meirelles"},"description":"Mestrando em Cultura e Territorialidades pela Universidade Federal Fluminense, formado em Estudos de M\u00eddia pela mesma institui\u00e7\u00e3o. Interessado em pesquisa digital, m\u00e9todos digitais, an\u00e1lise de dados, cultura, sociedade e Nordeste. Pesquisador no Instituto Brasileiro de Pesquisa e An\u00e1lise de Dados. (+)","sameAs":["https:\/\/www.facebook.com\/pedrormeirelles","http:\/\/instagram.com\/seekpedro","https:\/\/www.linkedin.com\/in\/meirellespedro","https:\/\/x.com\/https:\/\/twitter.com\/peumeirelles"],"url":"https:\/\/insightee.com.br\/blog\/author\/pedro-meirelles\/"}]}},"views":38190,"_links":{"self":[{"href":"https:\/\/insightee.com.br\/blog\/wp-json\/wp\/v2\/posts\/2471","targetHints":{"allow":["GET"]}}],"collection":[{"href":"https:\/\/insightee.com.br\/blog\/wp-json\/wp\/v2\/posts"}],"about":[{"href":"https:\/\/insightee.com.br\/blog\/wp-json\/wp\/v2\/types\/post"}],"author":[{"embeddable":true,"href":"https:\/\/insightee.com.br\/blog\/wp-json\/wp\/v2\/users\/1"}],"replies":[{"embeddable":true,"href":"https:\/\/insightee.com.br\/blog\/wp-json\/wp\/v2\/comments?post=2471"}],"version-history":[{"count":22,"href":"https:\/\/insightee.com.br\/blog\/wp-json\/wp\/v2\/posts\/2471\/revisions"}],"predecessor-version":[{"id":3751,"href":"https:\/\/insightee.com.br\/blog\/wp-json\/wp\/v2\/posts\/2471\/revisions\/3751"}],"wp:featuredmedia":[{"embeddable":true,"href":"https:\/\/insightee.com.br\/blog\/wp-json\/wp\/v2\/media\/2507"}],"wp:attachment":[{"href":"https:\/\/insightee.com.br\/blog\/wp-json\/wp\/v2\/media?parent=2471"}],"wp:term":[{"taxonomy":"category","embeddable":true,"href":"https:\/\/insightee.com.br\/blog\/wp-json\/wp\/v2\/categories?post=2471"},{"taxonomy":"post_tag","embeddable":true,"href":"https:\/\/insightee.com.br\/blog\/wp-json\/wp\/v2\/tags?post=2471"}],"curies":[{"name":"wp","href":"https:\/\/api.w.org\/{rel}","templated":true}]}}