{"id":2363,"date":"2016-08-04T21:27:58","date_gmt":"2016-08-05T00:27:58","guid":{"rendered":"http:\/\/insightee.com.br\/blog\/?p=2363"},"modified":"2016-08-15T19:52:03","modified_gmt":"2016-08-15T22:52:03","slug":"segunda-semana-do-curso-social-media-analytics-da-qut-hashtags-tableau-e-bielexposedparty","status":"publish","type":"post","link":"https:\/\/insightee.com.br\/blog\/segunda-semana-do-curso-social-media-analytics-da-qut-hashtags-tableau-e-bielexposedparty\/","title":{"rendered":"Segunda semana do curso Social Media Analytics, da QUT: hashtags, Tableau e #BielExposedParty"},"content":{"rendered":"<p style=\"text-align: justify;\">Na semana passada dei in\u00edcio \u00e0 &#8220;s\u00e9rie&#8221; de posts sobre um novo curso que comecei a fazer no <a href=\"https:\/\/www.futurelearn.com\/\">FutureLearn<\/a>. Se voc\u00ea acabou de chegar, explico: realizado pela australiana\u00a0<strong>Queensland University of Technology<\/strong>, no\u00a0<em>Digital Media Research Centre<\/em>, trata-se de um ambiente virtual de aprendizado &#8211; ou\u00a0<em>MOOCs (Massive Open Online Course)<\/em> &#8211; onde qualquer um com acesso a internet e conhecimento da l\u00edngua inglesa pode participar. O curso em quest\u00e3o,\u00a0<a href=\"https:\/\/www.futurelearn.com\/courses\/social-media-analytics\/\">Social Media Analytics: Using Data to Understand Public Conversations<\/a>,\u00a0comandado pelas pesquisadoras Jean Burgess, Axel Bruns e Tim Highfield, come\u00e7ou no dia 18 de julho &#8211; com dura\u00e7\u00e3o de apenas tr\u00eas semanas &#8211; e continua com as inscri\u00e7\u00f5es abertas at\u00e9 dia 6 de agosto (creio eu, j\u00e1 que \u00e9 quando termina a \u00faltima semana). Caso tenha interesse, vale dar uma olhada no <a href=\"https:\/\/insightee.com.br\/blog\/\">primeiro post<\/a> que fiz sobre ele, onde descrevi a primeira etapa de aprendizado e apresentei mais informa\u00e7\u00f5es institucionais.<\/p>\n<p style=\"text-align: justify;\"><img loading=\"lazy\" decoding=\"async\" class=\"aligncenter\" src=\"https:\/\/ugc.futurelearn.com\/uploads\/images\/7d\/91\/promo_medium_7d911eb6-1549-4551-aef8-7a752052d4fb.jpg\" width=\"1250\" height=\"440\" \/><\/p>\n<h3 style=\"text-align: justify;\">SEMANA 2<\/h3>\n<p style=\"text-align: justify;\">A primeira atividade dessa segunda semana foi divulgada, na verdade, s\u00f3 na sexta-feira: a professora Jean Burgess e o professor Axel Bruns responderem algumas perguntas que os alunos fizeram durante os \u00faltimos dias nos &#8220;f\u00f3runs&#8221; de discuss\u00e3o. Eles explicaram o motivo da escolha das ferramentas que utilizamos no curso (com foco no Tableau), falaram um pouco sobre as limita\u00e7\u00f5es de pesquisa no Facebook (comparado ao Twitter) e comentaram sobre algumas quest\u00f5es espec\u00edficas da pr\u00e1tica das atividades que fizemos. Um ponto que eu gostaria de trazer \u00e0 tona desse Q&amp;A, retomando um t\u00f3pico da \u00faltima semana, \u00e9 sobre a <a href=\"https:\/\/medium.com\/dmrc-at-large\/twitter-probably-isn-t-dying-but-is-it-becoming-less-sociable-d768a9968982#.os9ye6dlc\">provoca\u00e7\u00e3o de que o Twitter estaria ficando &#8220;menos soci\u00e1vel&#8221;<\/a>. Em resposta a uma colega da turma, a prof\u00aa. Jean explicou o que eu tinha pontuado no <a href=\"https:\/\/insightee.com.br\/blog\/primeira-semana-do-curso-social-media-analytics-da-qut-twitter-metodos-digitais-e-tags\/\">outro post<\/a> &#8211; por\u00e9m n\u00e3o tinha a base te\u00f3rica para sustentar minha compreens\u00e3o &#8211; sobre os embates de significados com rela\u00e7\u00e3o \u00e0 palavra &#8220;sociabilidade&#8221;:<\/p>\n<blockquote>\n<p class=\"transcript__para\" style=\"text-align: justify;\"><em>Jean, there has been discussion in the first week about sociability and what we mean by social media, in response to your post on Medium. Could you tell us how you understand social and sociability?<\/em><\/p>\n<p class=\"transcript__para\" style=\"text-align: justify;\">Jean: Yeah, the term social is often used interchangeably with sociability. But they actually have two different meanings and in sociology, sociability has a specific meaning. So we can talk about social media in terms of something that brings people together and they interact without thinking about the value of that or whether it\u2019s a positive or negative experience. Sociability carries with it the idea of playfulness and pleasure and cooperation. So the idea of a sociable social media environment is where people actually enjoy themselves, interact in a positive and constructive way with each other and contribute to building society through their interactions on the platform.<\/p>\n<\/blockquote>\n<p class=\"transcript__para\" style=\"text-align: justify;\">A conversa com os professores em v\u00eddeo foi importante para sentirmos as suas presen\u00e7as no curso, mas n\u00e3o foi muito aprofundada em termos te\u00f3ricos e\/ou de discuss\u00e3o &#8211; foram apenas 7 perguntas respondidas e cerca de 10 minutos de v\u00eddeo. Acredito que esse formato se encaixe no modelo &#8220;r\u00e1pido&#8221; do curso, uma vez que a discuss\u00e3o e o debate acad\u00eamicos sobre alguns assuntos que j\u00e1 vimos na primeira semana seja extensa e mere\u00e7a uma abordagem mais estruturada para dar conta de tamanha complexidade. Aliado a isso, tem o fato de que, diferentemente da primeira semana, essa segunda etapa do curso foi bem mais m\u00e3o-na-massa &#8211; ou <em>hands-on<\/em>, para usar a express\u00e3o que eles usam &#8211; o que, a meu ver, mais uma vez reflete a proposta do curso: o objetivo \u00e9 oferecer aos alunos conhecimento e habilidades pr\u00e1ticas para come\u00e7ar o seu trajeto na an\u00e1lise de dados voltada para sites de redes sociais. Isso n\u00e3o diminui, em nenhum instante, a sua qualidade, apenas se ad\u00e9qua ao formato disponibilizado pelo pr\u00f3prio <em>FutureLearn<\/em>. Dito isso, continuemos com o conte\u00fado program\u00e1tico.<\/p>\n<p class=\"transcript__para\" style=\"text-align: justify;\"><img loading=\"lazy\" decoding=\"async\" class=\"alignright size-medium wp-image-2387\" src=\"https:\/\/insightee.com.br\/blog\/wp-content\/uploads\/2016\/08\/socialmedianalaytics2-300x200.jpg\" alt=\"socialmedianalaytics2\" width=\"300\" height=\"200\" srcset=\"https:\/\/insightee.com.br\/blog\/wp-content\/uploads\/2016\/08\/socialmedianalaytics2-300x200.jpg 300w, https:\/\/insightee.com.br\/blog\/wp-content\/uploads\/2016\/08\/socialmedianalaytics2.jpg 648w\" sizes=\"auto, (max-width: 300px) 100vw, 300px\" \/>Depois de conhecermos, na <a href=\"https:\/\/insightee.com.br\/blog\/primeira-semana-do-curso-social-media-analytics-da-qut-twitter-metodos-digitais-e-tags\/\">semana passada<\/a>, o <a href=\"https:\/\/tags.hawksey.info\/\">TAGS<\/a>, fomos apresentado ao <strong>Tableau<\/strong> &#8211; <em>&#8220;um programa de an\u00e1lise e visualiza\u00e7\u00e3o de dados que te ajudar\u00e1 a analisar e compreender toda a informa\u00e7\u00e3o coletada&#8221;<\/em>. Muito do que aprendemos nas atividades desta semana &#8211; praticamente tudo, na verdade &#8211; foram ensinamentos iniciais sobre a\u00a0utiliza\u00e7\u00e3o desse programa. Para o post n\u00e3o ficar muito grande (e at\u00e9 porque acredito que ainda n\u00e3o tenho conhecimento suficiente para escrever sobre o assunto, mesmo j\u00e1 tendo aprendido algumas coisas &#8211; mas n\u00e3o quero ensinar nada errado), vou compartilhar aqui somente o que nos foi proposto a executar na ferramenta com os dados que coletamos do TAGS. Quem tiver interesse em conhecer mais do <a href=\"http:\/\/www.tableau.com\/pt-br\">Tableau<\/a>\u00a0(com mais detalhes pr\u00e1ticos), h\u00e1 uma <a href=\"http:\/\/www.tableau.com\/pt-br\/learn\/training\">p\u00e1gina espec\u00edfica de treinamento e tutoriais no site deles<\/a>\u00a0com v\u00eddeos que ensinam v\u00e1rios passo-a-passos para todos os n\u00edveis de conhecimento &#8211; que eu mesmo devo conferir com mais calma em breve e, se poss\u00edvel, compartilho alguns aprendizados tamb\u00e9m aqui no blog.<\/p>\n<p class=\"transcript__para\" style=\"text-align: justify;\">Antes de entrar nessa parte mais pr\u00e1tica, no entanto, acho v\u00e1lido colocar em pauta um pouco da &#8220;breve&#8221; parte te\u00f3rica que vimos nesta semana. Como eu j\u00e1 tinha mencionado <a href=\"https:\/\/insightee.com.br\/blog\/primeira-semana-do-curso-social-media-analytics-da-qut-twitter-metodos-digitais-e-tags\/\">antes<\/a>: embora o FutureLearn indique a carga-hor\u00e1ria de 3 horas necess\u00e1rias para a conclus\u00e3o das atividades semanais, se voc\u00ea quiser dar conta de todos os n\u00edveis de informa\u00e7\u00e3o (atividades, artigos, coment\u00e1rios, etc.), voc\u00ea provavelmente precisar\u00e1 de mais tempo. Com isso em mente, tomei a consciente decis\u00e3o de abrir m\u00e3o da discuss\u00e3o com meus colegas de turma para conseguir ler alguns dos artigos propostos por Burgess e Bruns. O primeiro,\u00a0<a href=\"http:\/\/snurb.info\/files\/2015\/Twitter%20Hashtags%20from%20Ad%20Hoc%20to%20Calculated%20Publics.pdf\">Twitter Hashtags from Ad Hoc to Calculated Publics<\/a>, de autoria dos pr\u00f3prios, traz um apanhado interessante sobre o contexto das hashtags no espa\u00e7o e tempo &#8211; pensado em mudan\u00e7as t\u00e9cnicas, reapropria\u00e7\u00f5es, etc. &#8211; que\u00a0nos ajuda a pensar a an\u00e1lise pr\u00e1tica mais pra frente. Eis alguns pontos que achei interessante ratificar e trazer para a discuss\u00e3o:<\/p>\n<blockquote>\n<ul>\n<li style=\"text-align: justify;\"><strong>Sobre caracter\u00edsticas de hashtags<\/strong><\/li>\n<li style=\"text-align: justify;\">A hashtag \u00e9 como um mecanismo gerado por usu\u00e1rios para etiquetar e coletar tweets que s\u00e3o relacionados a algum t\u00f3pico espec\u00edfico;<\/li>\n<li style=\"text-align: justify;\">Ela foi decisiva na identidade do Twitter para ser reconhecido como plataforma da cria\u00e7\u00e3o instant\u00e2nea de audi\u00eancias que s\u00e3o formadas, reformadas e coordenadas atrav\u00e9s de din\u00e2micas de redes comunicacionais e cuja conectividade social \u00e9 organizada prioritariamente em volta de quest\u00f5es e eventos ao inv\u00e9s de grupos sociais pr\u00e9-existente;<\/li>\n<li style=\"text-align: justify;\">Elas nascem de dentro de comunidades do pr\u00f3prio Twitter, sejam atrav\u00e9s de planejamentos pr\u00e9vios ou consensos r\u00e1pidos entre os usu\u00e1rios, ou at\u00e9 mesmo de disputas discursivas que acarretam na utiliza\u00e7\u00e3o de hashtags conflitantes;<\/li>\n<li style=\"text-align: justify;\">A discuss\u00e3o em torno de hashtags atua num n\u00edvel macro do Twitter\u00a0(Bruns &amp; Moe, 2014), comparado \u00e0 estrutura mais definida de &#8220;personal publics&#8221;\u00a0(Schmidt, 2014) que age dentro do n\u00edvel meso de seguidores e tamb\u00e9m \u00e0 conversa\u00e7\u00e3o mediada atrav\u00e9s de replies, num n\u00edvel micro.<\/li>\n<li style=\"text-align: justify;\"><strong>Sobre a hist\u00f3ria de hashtags<\/strong><\/li>\n<li style=\"text-align: justify;\">Muitas das t\u00e9cnicas oferecidas e aplica\u00e7\u00f5es culturais do Twitter que define seu papel na comunica\u00e7\u00e3o p\u00fablica t\u00e3o significante foram originalmente inova\u00e7\u00f5es criadas por usu\u00e1rios, sendo somente incorporados \u00e0 arquitetura da plataforma depois de um tempo;<\/li>\n<li style=\"text-align: justify;\">O uso das hashtags nasceu numa proposta feita por Chris Messina, um tecn\u00f3logo de S\u00e3o Francisco, em 2007, quando fez um post no seu blog:\u00a0\u2018Groups for Twitter, or a Proposal for Twitter Tag Channels\u2019. Sua sugest\u00e3o para o uso de hashtags &#8211; como conhecemos hoje, criando um sistema de canais etiquetados utilizando o s\u00edmbolo do jogo da velha para que as pessoas pudessem seguir e contribuir em conversa\u00e7\u00f5es sobre assuntos de interesse particular &#8211; tinha o intuito de <em>&#8220;melhorar a contextualiza\u00e7\u00e3o, o filtro de conte\u00fado e sensa\u00e7\u00e3o de explora\u00e7\u00e3o satisfat\u00f3ria no Twitter&#8221;.<\/em><\/li>\n<li style=\"text-align: justify;\"><strong>Sobre a din\u00e2mica entre hashtags e publics<\/strong><\/li>\n<li style=\"text-align: justify;\">O que chamamos de &#8220;publics&#8221;, aqui, pode ser compreendido como audi\u00eancia; a partir disso, podemos pontuar que a compreens\u00e3o tradicional de audi\u00eancia para os meios de comunica\u00e7\u00e3o de massa \u00e9 traduzida num grande grupo de pessoas estranhas que acompanham um conte\u00fado editorialmente curado por uma institui\u00e7\u00e3o comunicacional;<\/li>\n<li style=\"text-align: justify;\">Nos casos das hasgtags, esse cen\u00e1rio muda um pouco &#8211; em partes: embora os usu\u00e1rios possam, como um todo, contribuir para a comunica\u00e7\u00e3o e conversa\u00e7\u00e3o entre si, h\u00e1 tamb\u00e9m uma curadoria da pr\u00f3pria plataforma &#8211; seja por popularidade ou relev\u00e2ncia, a depender das situa\u00e7\u00f5es &#8211; que tamb\u00e9m norteia o consumo de informa\u00e7\u00e3o dos tweets.<\/li>\n<li style=\"text-align: justify;\"><strong>Sobre a &#8220;anatomia&#8221; de hashtags<\/strong><\/li>\n<li style=\"text-align: justify;\">Alguns aspectos podem ser observados em tweets com hashtags que envolvem &#8220;crises&#8221;: por terem um car\u00e1ter mais voltado para a intensa e r\u00e1pida propaga\u00e7\u00e3o de conte\u00fado, esses tweets geralmente cont\u00eam mais URLs (links, imagens, etc.) e retweets;<\/li>\n<li style=\"text-align: justify;\">J\u00e1 tweets que envelopam, por exemplo, eventos televisivos, s\u00e3o mais &#8220;originais&#8221;: s\u00e3o menos URLs e retweets e mais men\u00e7\u00f5es originais, uma vez que os usu\u00e1rios j\u00e1 possuem um guia-condutor da conversa e desejam, majoritariamente, expressar uma opini\u00e3o original\/pr\u00f3pria sobre o assunto.<\/li>\n<\/ul>\n<\/blockquote>\n<p style=\"text-align: justify;\">A segunda leitura da semana, o artigo &#8220;<a href=\"http:\/\/eprints.qut.edu.au\/58132\/\">Towards more systematic Twitter analysis: metrics for tweeting activities<\/a>&#8220;, de\u00a0Axel Bruns e Stefan Stieglitz, j\u00e1 traz um conte\u00fado mais voltado para a pr\u00e1tica dos m\u00e9todos digitais. Compreendendo m\u00e9tricas como <em>&#8220;medidas quantificadas que nos permite analisar, comparar e contrapor dados [do Twitter, para o caso espec\u00edfico do curso]&#8221;<\/em>, somos apresentados a tr\u00eas &#8220;n\u00edveis&#8221; de m\u00e9tricas propostos pelos autores do artigo: como os usu\u00e1rios contribuem para a conversa\u00e7\u00e3o, como a atividade acontece e o padr\u00e3o de certos usu\u00e1rios ao passar do tempo. O objetivo aqui \u00e9 propor algumas m\u00e9tricas b\u00e1sicas que forne\u00e7am um suporte de an\u00e1lise que possa crescer e desenvolver outros indicadores mais complexos &#8211; ou seja, construir um terreno comum entre pesquisadores que sirva de base inicial. N\u00e3o vou aprofundar aqui na discuss\u00e3o completa do artigo, pois ele traz tantas\u00a0funcionalidades importantes para a an\u00e1lise de dados no Twitter que merecia um post sozinho, mas destaco esses principais n\u00edveis de m\u00e9tricas:<\/p>\n<ul style=\"text-align: justify;\">\n<li><strong>User Metrics:<\/strong> apresentam geralmente uma cauda longa com um grupo pequeno de usu\u00e1rios sendo mais ativos e tendo mais visibilidade do que o restante dos usu\u00e1rios*;\n<ul>\n<li>Atividade: a simples contagem de tweets enviados por cada usu\u00e1rio, o que fornece uma compreens\u00e3o do seu envolvimento (e comprometimento) com a hashtag;<\/li>\n<li>Visibilidade: o levantamento dos usu\u00e1rios mais mencionados na base de dados apresenta os que s\u00e3o, provavelmente, mais vis\u00edveis naquele contexto;<\/li>\n<li>*Aqui \u00e9 interessante fazer uma compara\u00e7\u00e3o, al\u00e9m de entre os indiv\u00edduos, tamb\u00e9m entre esses grupos &#8211; no modelo proposto por Tedjamulia, por exemplo, de tr\u00eas grupos: o top1%, top9% e top90%.<\/li>\n<\/ul>\n<\/li>\n<li><strong>Temporal metrics:<\/strong>\u00a0essa medida ajuda a ter uma vis\u00e3o temporal de como a hashtag foi incorporada pelos usu\u00e1rios ao passar do tempo, o que permite observar, por exemplo, picos de volume ou quedas bruscas de atividade &#8211; a partir da\u00ed, \u00e9 poss\u00edvel identificar de maneira qualitativa alguns comportamentos dos usu\u00e1rios e da comunidade como um tempo para determinado per\u00edodo.<\/li>\n<li><strong>Combined metrics:<\/strong> essa m\u00e9trica permite fazer uma extens\u00e3o da an\u00e1lise ao assimilar descobertas sobre usu\u00e1rios com descobertas sobre atividade ao passar do tempo &#8211; isso pode revelar quem est\u00e1 dominando a conversa\u00e7\u00e3o em momentos-chave.<\/li>\n<\/ul>\n<blockquote>\n<p style=\"text-align: justify;\">Um benef\u00edcio-chave de estabelecer uma caixa de ferramentas de m\u00e9tricas padr\u00f5es para a an\u00e1lise de datasets de hashtag no Twitter s\u00e3o as oportunidades aprimoradas para compara\u00e7\u00e3o e correla\u00e7\u00e3o em torno de uma s\u00e9rie diversa de caso de estudos. Tal compara\u00e7\u00e3o pode pontuar semelhan\u00e7as e diferen\u00e7as em padr\u00f5es de uso do Twitter, e pode direcionar para a identifica\u00e7\u00e3o de um n\u00famero de g\u00eaneros comuns de comunica\u00e7\u00e3o baseada em hashtag no Twitter; conforme a plataforma e sua utiliza\u00e7\u00e3o evolui, e conforme a base de usu\u00e1rios geral se desenvolve, n\u00f3s tamb\u00e9m podemos acompanhar essas mudan\u00e7as ao passar do tempo. [&#8230;] Isso demonstra como a abordagem quantitativa para an\u00e1lise de dados do Twitter em larga escala, cujos m\u00e9todos e m\u00e9tricas que introduzimos aqui torna poss\u00edvel, pode gerar clara evid\u00eancia de padr\u00f5es comunicacionais no Twitter.<\/p>\n<\/blockquote>\n<p style=\"text-align: justify;\">Outro artigo cuja leitura foi recomendada mas do qual eu n\u00e3o consegui dar conta de ler a tempo foi o \u201c<a href=\"http:\/\/www.danah.org\/papers\/TweetTweetRetweet.pdf\">Tweet, Tweet, Retweet: Conversational Aspects of Retweeting on Twitter<\/a>\u201d,\u00a0de danah boyd, Scott Golder e Gilad Lotan. A proposta desta etapa era trazer uma compreens\u00e3o te\u00f3rica da din\u00e2mica dos retweets na plataforma, uma vez que eles demonstram &#8220;qual conte\u00fado carrega peso na conversa\u00e7\u00e3o e na comunidade&#8221;. O argumento aqui \u00e9 que essa pr\u00e1tica do Twitter tem um valor bastante significativo no universo de intera\u00e7\u00f5es da plataforma, pensando tamb\u00e9m como a informa\u00e7\u00e3o se move com rela\u00e7\u00e3o a um assunto ou a um problema dentro daquele contexto. No curso fomos apresentado \u00e0 hist\u00f3ria de Jerry, um simples fabricante de l\u00e2mpadas residente da cidade de Nova York que ganhou uma visibilidade enorme no Twitter gra\u00e7as \u00e0s f\u00e3s do One Direction &#8211; voc\u00ea pode conhecer e entender essa hist\u00f3ria nessa <a href=\"http:\/\/external-apps.qut.edu.au\/futurelearn\/resources\/dm\/timeline\/index.html\">timeline din\u00e2mica<\/a> criada pelo pessoal da QUT.<\/p>\n<p style=\"text-align: justify;\">Tendo destrinchado minimamente a parte te\u00f3rica, podemos seguir para o restante da semana: Tableau na pr\u00e1tica. Como j\u00e1 mencionei anteriormente, acho que n\u00e3o cabe trazer ao post o passo a passo de como realizei cada uma das atividades (esse acompanhamento foi disponibilizado no pr\u00f3prio curso), mas trago aqui o que criei com a ferramenta &#8211; quem tiver curiosidade em saber como foi feito pode deixar perguntas nos coment\u00e1rios que posso orientar mais minuciosamente. Portanto, o que eu fiz, num primeiro momento, no Tableau:<\/p>\n<ol style=\"text-align: justify;\">\n<li>Utilizei a coleta de dados que fiz com a TAGS;<\/li>\n<li>Desenvolvi um gr\u00e1fico de evolu\u00e7\u00e3o tempor\u00e1ria da hashtag monitorada;<\/li>\n<li>Encontrei (e explorei) os retweets proeminentes da minha base de dados, comparando tamb\u00e9m esses retweets com tweets de maior &#8220;alcance&#8221;;<\/li>\n<li>Criei dois gr\u00e1ficos para descobrir quem foram os usu\u00e1rios mais ativos e mais vis\u00edveis;<\/li>\n<li>Encontrei os usu\u00e1rios mais &#8220;influentes&#8221; (com o maior n\u00famero de seguidores) da minha base;<\/li>\n<\/ol>\n<p style=\"text-align: justify;\">J\u00e1 que na semana passada eu ainda n\u00e3o tinha definido exatamente qual seria o meu t\u00f3pico de estudo para o curso, tive a sorte de &#8220;participar&#8221; de um movimento que aconteceu no Twitter esta semana em resposta a uma reportagem do cantor Biel. Numa entrevista ao TV Fama, ele proclamou que <a href=\"http:\/\/www.geledes.org.br\/e-culpa-e-da-reporter-assediada-por-biel-por-nathali-macedo\/\">a rep\u00f3rter que a denunciou por ass\u00e9dio tinha prejudicado muito sua carreira<\/a> &#8211; foi o suficiente para o Twitter entrar em turbilh\u00e3o e coloc\u00e1-lo mais uma vez em pauta. Usu\u00e1rios come\u00e7aram a procurar tweets antigos do cantor com refer\u00eancias racistas, machistas, etc., expondo os absurdos atrav\u00e9s de retweets e prints que circularam a plataforma e culminou na hashtag: #BielExposedParty. Quando a encontrei nos Trending Topics, j\u00e1 eram mais de 10.000 men\u00e7\u00f5es utilizando a hashtag &#8211; achei que seria interessante, portanto, juntando a curiosidade \u00e0 pr\u00e1tica, fazer os exerc\u00edcios do Tableau com essa base de dados que consegui coletar atrav\u00e9s do TAGS, ferramenta que foi apresentada na primeira semana do curso. Foram 11.149 tweets em 24h de hashtag e o resultado foi esse:<\/p>\n<p style=\"text-align: justify;\">\n<div class='tableauPlaceholder' id='viz1470336238674' style='position: relative'><noscript><a href='#'><img alt=' ' src='https:&#47;&#47;public.tableau.com&#47;static&#47;images&#47;Bi&#47;BielExposedParty&#47;Tweetsporhora&#47;1_rss.png' style='border: none' \/><\/a><\/noscript><object class='tableauViz'  style='display:none;'><param name='host_url' value='https%3A%2F%2Fpublic.tableau.com%2F' \/><param name='site_root' value='' \/><param name='name' value='BielExposedParty&#47;Tweetsporhora' \/><param name='tabs' value='yes' \/><param name='toolbar' value='no' \/><param name='static_image' value='https:&#47;&#47;public.tableau.com&#47;static&#47;images&#47;Bi&#47;BielExposedParty&#47;Tweetsporhora&#47;1.png' \/><param name='animate_transition' value='yes' \/><param name='display_static_image' value='yes' \/><param name='display_spinner' value='yes' \/><param name='display_overlay' value='yes' \/><param name='display_count' value='yes' \/><\/object><\/div>\n<p>                <script type='text\/javascript'>                    var divElement = document.getElementById('viz1470336238674');                    var vizElement = divElement.getElementsByTagName('object')[0];                    vizElement.style.width='720px';vizElement.style.height='660px';                    var scriptElement = document.createElement('script');                    scriptElement.src = 'https:\/\/public.tableau.com\/javascripts\/api\/viz_v1.js';                    vizElement.parentNode.insertBefore(scriptElement, vizElement);                <\/script>\n<\/p>\n<p style=\"text-align: justify;\">Para al\u00e9m de ter feito essa atividade na pr\u00e1tica, acho v\u00e1lido &#8211; necess\u00e1rio, na verdade &#8211; pontuar algumas observa\u00e7\u00f5es que podem ser feitas a partir desse simples cruzamento de dados. Podemos compreender, por exemplo, atrav\u00e9s da an\u00e1lise temporal, que o principal per\u00edodo de ades\u00e3o \u00e0 hashtag aconteceu entre \u00e0s 21h e 23h; podemos tamb\u00e9m perceber que os retweets tiveram um papel essencial para a dissemina\u00e7\u00e3o, propaga\u00e7\u00e3o e viraliza\u00e7\u00e3o da mensagem que a hashtag queria passar (expor o cantor, basicamente) &#8211; o volume de tweets originais \u00e9 muito menor do que o volume de retweets; quando voc\u00ea olha mais afundo para tentar descobrir a crescente exponencial do volume de tweets entre 21h e 22h, consegue encontrar a ades\u00e3o de algumas contas (@forumpan, @gifboardbrasil e @bchartsbr, por exemplo) que foram essenciais na propaga\u00e7\u00e3o da hashtag; ao mesmo tempo, os tweets originais tamb\u00e9m apresentam uma crescente nesse per\u00edodo uma vez que esse \u00e9 o momento em que as pessoas entram na conversa para conseguir tamb\u00e9m sua por\u00e7\u00e3o de visibilidade na conversa\u00e7\u00e3o.<\/p>\n<p style=\"text-align: justify;\">Quando olhamos para as men\u00e7\u00f5es com o maior n\u00famero de retweets, podemos fazer uma simples (e estaticamente incorreta, mas aqui vale) dedu\u00e7\u00e3o que essas contas s\u00e3o bastante ligadas ao mundo pop &#8211; uma an\u00e1lise mais aprofundada poderia nos ajudar a compreender como a informa\u00e7\u00e3o se moveu nessas conversa\u00e7\u00f5es. Quando comparamos a visibilidade com a atividade dos usu\u00e1rios, percebemos que o uso frequente da hashtag n\u00e3o corresponde a um maior n\u00edvel de aten\u00e7\u00e3o dos usu\u00e1rios; no entanto, v\u00e1rios dos usu\u00e1rios de maior visibilidade tamb\u00e9m se encontram dentre as men\u00e7\u00f5es com mais retweets &#8211; o que pode indicar, superficialmente, que estes foram essenciais na circula\u00e7\u00e3o da mensagem dentro do universo da hashtag; quando olhamos para alcance dos tweets e usu\u00e1rios mais seguidos, no entanto, observamos que v\u00e1rios dos tweets de maior alcance n\u00e3o necessariamente foram retweets, mas men\u00e7\u00f5es originais de usu\u00e1rios com uma grande leva de seguidores.<\/p>\n<p style=\"text-align: justify;\">Vale ressaltar que essa \u00e9 uma an\u00e1lise bem simples e inicial do cruzamento de dados que foi apresentado no curso. Caberia, sim, um aprofundamento nas discuss\u00f5es e no tema para que pud\u00e9ssemos desenvolver hip\u00f3teses mais concretas e buscar uma compreens\u00e3o sobre o tema. No entanto, por motivos de tempo, esse estudo mais aprofundado vai ter que ficar para um outro momento. Ainda houve, por fim, mais duas atividades pr\u00e1ticas nessa segunda semana de aprendizado, entretanto, por se tratar de um cruzamento de dados um pouco mais complexo e que eu gostaria de tratar com outra abordagem, vou deixar essa parte final para o post da pr\u00f3xima semana &#8211; vai ser interessante tamb\u00e9m porque ser\u00e1 poss\u00edvel cruzar com algumas aplica\u00e7\u00f5es que devemos fazer no Gephi e tal, ent\u00e3o acredito que se encaixe mais na publica\u00e7\u00e3o da semana seguinte. Combinado? Novamente, quem estiver fazendo curso ou quem estiver interessado em fazer e queira saber mais, entra em contato comigo. Estou \u00e0 disposi\u00e7\u00e3o!<\/p>\n","protected":false},"excerpt":{"rendered":"<p>Na semana passada dei in\u00edcio \u00e0 &#8220;s\u00e9rie&#8221; de posts sobre um novo curso que comecei a fazer no FutureLearn. Se voc\u00ea acabou de chegar, explico: realizado pela australiana\u00a0Queensland University of Technology, no\u00a0Digital Media Research Centre, trata-se de um ambiente virtual de aprendizado &#8211; ou\u00a0MOOCs (Massive Open Online Course) &#8211; onde qualquer um com acesso a [&hellip;]<\/p>\n","protected":false},"author":1,"featured_media":0,"comment_status":"open","ping_status":"open","sticky":false,"template":"","format":"standard","meta":{"footnotes":""},"categories":[5],"tags":[115,114,64,65,116,93],"class_list":["post-2363","post","type-post","status-publish","format-standard","hentry","category-cursos","tag-futurelearn","tag-hashtags","tag-metricas","tag-monitoramento","tag-tableau","tag-twitter"],"yoast_head":"<!-- This site is optimized with the Yoast SEO plugin v27.5 - https:\/\/yoast.com\/product\/yoast-seo-wordpress\/ -->\n<title>Segunda semana do curso Social Media Analytics, da QUT: hashtags, Tableau e #BielExposedParty &#8211; insightee<\/title>\n<meta name=\"description\" content=\"O que aprendi na primeira semana do curso Social Media Analytics: Using Data to Understand Public Conversations, da Queensland University of Technology.\" \/>\n<meta name=\"robots\" content=\"index, follow, max-snippet:-1, max-image-preview:large, max-video-preview:-1\" \/>\n<link rel=\"canonical\" href=\"https:\/\/insightee.com.br\/blog\/segunda-semana-do-curso-social-media-analytics-da-qut-hashtags-tableau-e-bielexposedparty\/\" \/>\n<meta property=\"og:locale\" content=\"pt_BR\" \/>\n<meta property=\"og:type\" content=\"article\" \/>\n<meta property=\"og:title\" content=\"Segunda semana do curso Social Media Analytics, da QUT: hashtags, Tableau e #BielExposedParty &#8211; insightee\" \/>\n<meta property=\"og:description\" content=\"O que aprendi na primeira semana do curso Social Media Analytics: Using Data to Understand Public Conversations, da Queensland University of Technology.\" \/>\n<meta property=\"og:url\" content=\"https:\/\/insightee.com.br\/blog\/segunda-semana-do-curso-social-media-analytics-da-qut-hashtags-tableau-e-bielexposedparty\/\" \/>\n<meta property=\"og:site_name\" content=\"insightee\" \/>\n<meta property=\"article:publisher\" content=\"https:\/\/www.facebook.com\/pedrormeirelles\" \/>\n<meta property=\"article:author\" content=\"https:\/\/www.facebook.com\/pedrormeirelles\" \/>\n<meta property=\"article:published_time\" content=\"2016-08-05T00:27:58+00:00\" \/>\n<meta property=\"article:modified_time\" content=\"2016-08-15T22:52:03+00:00\" \/>\n<meta property=\"og:image\" content=\"https:\/\/ugc.futurelearn.com\/uploads\/images\/7d\/91\/promo_medium_7d911eb6-1549-4551-aef8-7a752052d4fb.jpg\" \/>\n<meta name=\"author\" content=\"Pedro Meirelles\" \/>\n<meta name=\"twitter:card\" content=\"summary_large_image\" \/>\n<meta name=\"twitter:creator\" content=\"@https:\/\/twitter.com\/peumeirelles\" \/>\n<meta name=\"twitter:site\" content=\"@peumeirelles\" \/>\n<meta name=\"twitter:label1\" content=\"Escrito por\" \/>\n\t<meta name=\"twitter:data1\" content=\"Pedro Meirelles\" \/>\n\t<meta name=\"twitter:label2\" content=\"Est. tempo de leitura\" \/>\n\t<meta name=\"twitter:data2\" content=\"16 minutos\" \/>\n<script type=\"application\/ld+json\" class=\"yoast-schema-graph\">{\"@context\":\"https:\\\/\\\/schema.org\",\"@graph\":[{\"@type\":\"Article\",\"@id\":\"https:\\\/\\\/insightee.com.br\\\/blog\\\/segunda-semana-do-curso-social-media-analytics-da-qut-hashtags-tableau-e-bielexposedparty\\\/#article\",\"isPartOf\":{\"@id\":\"https:\\\/\\\/insightee.com.br\\\/blog\\\/segunda-semana-do-curso-social-media-analytics-da-qut-hashtags-tableau-e-bielexposedparty\\\/\"},\"author\":{\"name\":\"Pedro Meirelles\",\"@id\":\"https:\\\/\\\/insightee.com.br\\\/blog\\\/#\\\/schema\\\/person\\\/25bb944f37e66a0298f607979c5b0a22\"},\"headline\":\"Segunda semana do curso Social Media Analytics, da QUT: hashtags, Tableau e #BielExposedParty\",\"datePublished\":\"2016-08-05T00:27:58+00:00\",\"dateModified\":\"2016-08-15T22:52:03+00:00\",\"mainEntityOfPage\":{\"@id\":\"https:\\\/\\\/insightee.com.br\\\/blog\\\/segunda-semana-do-curso-social-media-analytics-da-qut-hashtags-tableau-e-bielexposedparty\\\/\"},\"wordCount\":3149,\"commentCount\":0,\"image\":{\"@id\":\"https:\\\/\\\/insightee.com.br\\\/blog\\\/segunda-semana-do-curso-social-media-analytics-da-qut-hashtags-tableau-e-bielexposedparty\\\/#primaryimage\"},\"thumbnailUrl\":\"https:\\\/\\\/ugc.futurelearn.com\\\/uploads\\\/images\\\/7d\\\/91\\\/promo_medium_7d911eb6-1549-4551-aef8-7a752052d4fb.jpg\",\"keywords\":[\"FutureLearn\",\"hashtags\",\"M\u00e9tricas\",\"Monitoramento\",\"Tableau\",\"Twitter\"],\"articleSection\":[\"Cursos\"],\"inLanguage\":\"pt-BR\",\"potentialAction\":[{\"@type\":\"CommentAction\",\"name\":\"Comment\",\"target\":[\"https:\\\/\\\/insightee.com.br\\\/blog\\\/segunda-semana-do-curso-social-media-analytics-da-qut-hashtags-tableau-e-bielexposedparty\\\/#respond\"]}]},{\"@type\":\"WebPage\",\"@id\":\"https:\\\/\\\/insightee.com.br\\\/blog\\\/segunda-semana-do-curso-social-media-analytics-da-qut-hashtags-tableau-e-bielexposedparty\\\/\",\"url\":\"https:\\\/\\\/insightee.com.br\\\/blog\\\/segunda-semana-do-curso-social-media-analytics-da-qut-hashtags-tableau-e-bielexposedparty\\\/\",\"name\":\"Segunda semana do curso Social Media Analytics, da QUT: hashtags, Tableau e #BielExposedParty &#8211; insightee\",\"isPartOf\":{\"@id\":\"https:\\\/\\\/insightee.com.br\\\/blog\\\/#website\"},\"primaryImageOfPage\":{\"@id\":\"https:\\\/\\\/insightee.com.br\\\/blog\\\/segunda-semana-do-curso-social-media-analytics-da-qut-hashtags-tableau-e-bielexposedparty\\\/#primaryimage\"},\"image\":{\"@id\":\"https:\\\/\\\/insightee.com.br\\\/blog\\\/segunda-semana-do-curso-social-media-analytics-da-qut-hashtags-tableau-e-bielexposedparty\\\/#primaryimage\"},\"thumbnailUrl\":\"https:\\\/\\\/ugc.futurelearn.com\\\/uploads\\\/images\\\/7d\\\/91\\\/promo_medium_7d911eb6-1549-4551-aef8-7a752052d4fb.jpg\",\"datePublished\":\"2016-08-05T00:27:58+00:00\",\"dateModified\":\"2016-08-15T22:52:03+00:00\",\"author\":{\"@id\":\"https:\\\/\\\/insightee.com.br\\\/blog\\\/#\\\/schema\\\/person\\\/25bb944f37e66a0298f607979c5b0a22\"},\"description\":\"O que aprendi na primeira semana do curso Social Media Analytics: Using Data to Understand Public Conversations, da Queensland University of Technology.\",\"breadcrumb\":{\"@id\":\"https:\\\/\\\/insightee.com.br\\\/blog\\\/segunda-semana-do-curso-social-media-analytics-da-qut-hashtags-tableau-e-bielexposedparty\\\/#breadcrumb\"},\"inLanguage\":\"pt-BR\",\"potentialAction\":[{\"@type\":\"ReadAction\",\"target\":[\"https:\\\/\\\/insightee.com.br\\\/blog\\\/segunda-semana-do-curso-social-media-analytics-da-qut-hashtags-tableau-e-bielexposedparty\\\/\"]}]},{\"@type\":\"ImageObject\",\"inLanguage\":\"pt-BR\",\"@id\":\"https:\\\/\\\/insightee.com.br\\\/blog\\\/segunda-semana-do-curso-social-media-analytics-da-qut-hashtags-tableau-e-bielexposedparty\\\/#primaryimage\",\"url\":\"https:\\\/\\\/ugc.futurelearn.com\\\/uploads\\\/images\\\/7d\\\/91\\\/promo_medium_7d911eb6-1549-4551-aef8-7a752052d4fb.jpg\",\"contentUrl\":\"https:\\\/\\\/ugc.futurelearn.com\\\/uploads\\\/images\\\/7d\\\/91\\\/promo_medium_7d911eb6-1549-4551-aef8-7a752052d4fb.jpg\"},{\"@type\":\"BreadcrumbList\",\"@id\":\"https:\\\/\\\/insightee.com.br\\\/blog\\\/segunda-semana-do-curso-social-media-analytics-da-qut-hashtags-tableau-e-bielexposedparty\\\/#breadcrumb\",\"itemListElement\":[{\"@type\":\"ListItem\",\"position\":1,\"name\":\"In\u00edcio\",\"item\":\"https:\\\/\\\/insightee.com.br\\\/blog\\\/\"},{\"@type\":\"ListItem\",\"position\":2,\"name\":\"Segunda semana do curso Social Media Analytics, da QUT: hashtags, Tableau e #BielExposedParty\"}]},{\"@type\":\"WebSite\",\"@id\":\"https:\\\/\\\/insightee.com.br\\\/blog\\\/#website\",\"url\":\"https:\\\/\\\/insightee.com.br\\\/blog\\\/\",\"name\":\"insightee\",\"description\":\"\u00e0 procura do insight perfeito\",\"potentialAction\":[{\"@type\":\"SearchAction\",\"target\":{\"@type\":\"EntryPoint\",\"urlTemplate\":\"https:\\\/\\\/insightee.com.br\\\/blog\\\/?s={search_term_string}\"},\"query-input\":{\"@type\":\"PropertyValueSpecification\",\"valueRequired\":true,\"valueName\":\"search_term_string\"}}],\"inLanguage\":\"pt-BR\"},{\"@type\":\"Person\",\"@id\":\"https:\\\/\\\/insightee.com.br\\\/blog\\\/#\\\/schema\\\/person\\\/25bb944f37e66a0298f607979c5b0a22\",\"name\":\"Pedro Meirelles\",\"image\":{\"@type\":\"ImageObject\",\"inLanguage\":\"pt-BR\",\"@id\":\"https:\\\/\\\/secure.gravatar.com\\\/avatar\\\/65e627ac6c71e8afcd40409c252c043555caf5da4f58ba46ab903227744c24fd?s=96&d=mm&r=g\",\"url\":\"https:\\\/\\\/secure.gravatar.com\\\/avatar\\\/65e627ac6c71e8afcd40409c252c043555caf5da4f58ba46ab903227744c24fd?s=96&d=mm&r=g\",\"contentUrl\":\"https:\\\/\\\/secure.gravatar.com\\\/avatar\\\/65e627ac6c71e8afcd40409c252c043555caf5da4f58ba46ab903227744c24fd?s=96&d=mm&r=g\",\"caption\":\"Pedro Meirelles\"},\"description\":\"Mestrando em Cultura e Territorialidades pela Universidade Federal Fluminense, formado em Estudos de M\u00eddia pela mesma institui\u00e7\u00e3o. Interessado em pesquisa digital, m\u00e9todos digitais, an\u00e1lise de dados, cultura, sociedade e Nordeste. Pesquisador no Instituto Brasileiro de Pesquisa e An\u00e1lise de Dados. (+)\",\"sameAs\":[\"https:\\\/\\\/www.facebook.com\\\/pedrormeirelles\",\"http:\\\/\\\/instagram.com\\\/seekpedro\",\"https:\\\/\\\/www.linkedin.com\\\/in\\\/meirellespedro\",\"https:\\\/\\\/x.com\\\/https:\\\/\\\/twitter.com\\\/peumeirelles\"],\"url\":\"https:\\\/\\\/insightee.com.br\\\/blog\\\/author\\\/pedro-meirelles\\\/\"}]}<\/script>\n<!-- \/ Yoast SEO plugin. -->","yoast_head_json":{"title":"Segunda semana do curso Social Media Analytics, da QUT: hashtags, Tableau e #BielExposedParty &#8211; insightee","description":"O que aprendi na primeira semana do curso Social Media Analytics: Using Data to Understand Public Conversations, da Queensland University of Technology.","robots":{"index":"index","follow":"follow","max-snippet":"max-snippet:-1","max-image-preview":"max-image-preview:large","max-video-preview":"max-video-preview:-1"},"canonical":"https:\/\/insightee.com.br\/blog\/segunda-semana-do-curso-social-media-analytics-da-qut-hashtags-tableau-e-bielexposedparty\/","og_locale":"pt_BR","og_type":"article","og_title":"Segunda semana do curso Social Media Analytics, da QUT: hashtags, Tableau e #BielExposedParty &#8211; insightee","og_description":"O que aprendi na primeira semana do curso Social Media Analytics: Using Data to Understand Public Conversations, da Queensland University of Technology.","og_url":"https:\/\/insightee.com.br\/blog\/segunda-semana-do-curso-social-media-analytics-da-qut-hashtags-tableau-e-bielexposedparty\/","og_site_name":"insightee","article_publisher":"https:\/\/www.facebook.com\/pedrormeirelles","article_author":"https:\/\/www.facebook.com\/pedrormeirelles","article_published_time":"2016-08-05T00:27:58+00:00","article_modified_time":"2016-08-15T22:52:03+00:00","og_image":[{"url":"https:\/\/ugc.futurelearn.com\/uploads\/images\/7d\/91\/promo_medium_7d911eb6-1549-4551-aef8-7a752052d4fb.jpg","type":"","width":"","height":""}],"author":"Pedro Meirelles","twitter_card":"summary_large_image","twitter_creator":"@https:\/\/twitter.com\/peumeirelles","twitter_site":"@peumeirelles","twitter_misc":{"Escrito por":"Pedro Meirelles","Est. tempo de leitura":"16 minutos"},"schema":{"@context":"https:\/\/schema.org","@graph":[{"@type":"Article","@id":"https:\/\/insightee.com.br\/blog\/segunda-semana-do-curso-social-media-analytics-da-qut-hashtags-tableau-e-bielexposedparty\/#article","isPartOf":{"@id":"https:\/\/insightee.com.br\/blog\/segunda-semana-do-curso-social-media-analytics-da-qut-hashtags-tableau-e-bielexposedparty\/"},"author":{"name":"Pedro Meirelles","@id":"https:\/\/insightee.com.br\/blog\/#\/schema\/person\/25bb944f37e66a0298f607979c5b0a22"},"headline":"Segunda semana do curso Social Media Analytics, da QUT: hashtags, Tableau e #BielExposedParty","datePublished":"2016-08-05T00:27:58+00:00","dateModified":"2016-08-15T22:52:03+00:00","mainEntityOfPage":{"@id":"https:\/\/insightee.com.br\/blog\/segunda-semana-do-curso-social-media-analytics-da-qut-hashtags-tableau-e-bielexposedparty\/"},"wordCount":3149,"commentCount":0,"image":{"@id":"https:\/\/insightee.com.br\/blog\/segunda-semana-do-curso-social-media-analytics-da-qut-hashtags-tableau-e-bielexposedparty\/#primaryimage"},"thumbnailUrl":"https:\/\/ugc.futurelearn.com\/uploads\/images\/7d\/91\/promo_medium_7d911eb6-1549-4551-aef8-7a752052d4fb.jpg","keywords":["FutureLearn","hashtags","M\u00e9tricas","Monitoramento","Tableau","Twitter"],"articleSection":["Cursos"],"inLanguage":"pt-BR","potentialAction":[{"@type":"CommentAction","name":"Comment","target":["https:\/\/insightee.com.br\/blog\/segunda-semana-do-curso-social-media-analytics-da-qut-hashtags-tableau-e-bielexposedparty\/#respond"]}]},{"@type":"WebPage","@id":"https:\/\/insightee.com.br\/blog\/segunda-semana-do-curso-social-media-analytics-da-qut-hashtags-tableau-e-bielexposedparty\/","url":"https:\/\/insightee.com.br\/blog\/segunda-semana-do-curso-social-media-analytics-da-qut-hashtags-tableau-e-bielexposedparty\/","name":"Segunda semana do curso Social Media Analytics, da QUT: hashtags, Tableau e #BielExposedParty &#8211; insightee","isPartOf":{"@id":"https:\/\/insightee.com.br\/blog\/#website"},"primaryImageOfPage":{"@id":"https:\/\/insightee.com.br\/blog\/segunda-semana-do-curso-social-media-analytics-da-qut-hashtags-tableau-e-bielexposedparty\/#primaryimage"},"image":{"@id":"https:\/\/insightee.com.br\/blog\/segunda-semana-do-curso-social-media-analytics-da-qut-hashtags-tableau-e-bielexposedparty\/#primaryimage"},"thumbnailUrl":"https:\/\/ugc.futurelearn.com\/uploads\/images\/7d\/91\/promo_medium_7d911eb6-1549-4551-aef8-7a752052d4fb.jpg","datePublished":"2016-08-05T00:27:58+00:00","dateModified":"2016-08-15T22:52:03+00:00","author":{"@id":"https:\/\/insightee.com.br\/blog\/#\/schema\/person\/25bb944f37e66a0298f607979c5b0a22"},"description":"O que aprendi na primeira semana do curso Social Media Analytics: Using Data to Understand Public Conversations, da Queensland University of Technology.","breadcrumb":{"@id":"https:\/\/insightee.com.br\/blog\/segunda-semana-do-curso-social-media-analytics-da-qut-hashtags-tableau-e-bielexposedparty\/#breadcrumb"},"inLanguage":"pt-BR","potentialAction":[{"@type":"ReadAction","target":["https:\/\/insightee.com.br\/blog\/segunda-semana-do-curso-social-media-analytics-da-qut-hashtags-tableau-e-bielexposedparty\/"]}]},{"@type":"ImageObject","inLanguage":"pt-BR","@id":"https:\/\/insightee.com.br\/blog\/segunda-semana-do-curso-social-media-analytics-da-qut-hashtags-tableau-e-bielexposedparty\/#primaryimage","url":"https:\/\/ugc.futurelearn.com\/uploads\/images\/7d\/91\/promo_medium_7d911eb6-1549-4551-aef8-7a752052d4fb.jpg","contentUrl":"https:\/\/ugc.futurelearn.com\/uploads\/images\/7d\/91\/promo_medium_7d911eb6-1549-4551-aef8-7a752052d4fb.jpg"},{"@type":"BreadcrumbList","@id":"https:\/\/insightee.com.br\/blog\/segunda-semana-do-curso-social-media-analytics-da-qut-hashtags-tableau-e-bielexposedparty\/#breadcrumb","itemListElement":[{"@type":"ListItem","position":1,"name":"In\u00edcio","item":"https:\/\/insightee.com.br\/blog\/"},{"@type":"ListItem","position":2,"name":"Segunda semana do curso Social Media Analytics, da QUT: hashtags, Tableau e #BielExposedParty"}]},{"@type":"WebSite","@id":"https:\/\/insightee.com.br\/blog\/#website","url":"https:\/\/insightee.com.br\/blog\/","name":"insightee","description":"\u00e0 procura do insight perfeito","potentialAction":[{"@type":"SearchAction","target":{"@type":"EntryPoint","urlTemplate":"https:\/\/insightee.com.br\/blog\/?s={search_term_string}"},"query-input":{"@type":"PropertyValueSpecification","valueRequired":true,"valueName":"search_term_string"}}],"inLanguage":"pt-BR"},{"@type":"Person","@id":"https:\/\/insightee.com.br\/blog\/#\/schema\/person\/25bb944f37e66a0298f607979c5b0a22","name":"Pedro Meirelles","image":{"@type":"ImageObject","inLanguage":"pt-BR","@id":"https:\/\/secure.gravatar.com\/avatar\/65e627ac6c71e8afcd40409c252c043555caf5da4f58ba46ab903227744c24fd?s=96&d=mm&r=g","url":"https:\/\/secure.gravatar.com\/avatar\/65e627ac6c71e8afcd40409c252c043555caf5da4f58ba46ab903227744c24fd?s=96&d=mm&r=g","contentUrl":"https:\/\/secure.gravatar.com\/avatar\/65e627ac6c71e8afcd40409c252c043555caf5da4f58ba46ab903227744c24fd?s=96&d=mm&r=g","caption":"Pedro Meirelles"},"description":"Mestrando em Cultura e Territorialidades pela Universidade Federal Fluminense, formado em Estudos de M\u00eddia pela mesma institui\u00e7\u00e3o. Interessado em pesquisa digital, m\u00e9todos digitais, an\u00e1lise de dados, cultura, sociedade e Nordeste. Pesquisador no Instituto Brasileiro de Pesquisa e An\u00e1lise de Dados. (+)","sameAs":["https:\/\/www.facebook.com\/pedrormeirelles","http:\/\/instagram.com\/seekpedro","https:\/\/www.linkedin.com\/in\/meirellespedro","https:\/\/x.com\/https:\/\/twitter.com\/peumeirelles"],"url":"https:\/\/insightee.com.br\/blog\/author\/pedro-meirelles\/"}]}},"views":1613,"_links":{"self":[{"href":"https:\/\/insightee.com.br\/blog\/wp-json\/wp\/v2\/posts\/2363","targetHints":{"allow":["GET"]}}],"collection":[{"href":"https:\/\/insightee.com.br\/blog\/wp-json\/wp\/v2\/posts"}],"about":[{"href":"https:\/\/insightee.com.br\/blog\/wp-json\/wp\/v2\/types\/post"}],"author":[{"embeddable":true,"href":"https:\/\/insightee.com.br\/blog\/wp-json\/wp\/v2\/users\/1"}],"replies":[{"embeddable":true,"href":"https:\/\/insightee.com.br\/blog\/wp-json\/wp\/v2\/comments?post=2363"}],"version-history":[{"count":28,"href":"https:\/\/insightee.com.br\/blog\/wp-json\/wp\/v2\/posts\/2363\/revisions"}],"predecessor-version":[{"id":2392,"href":"https:\/\/insightee.com.br\/blog\/wp-json\/wp\/v2\/posts\/2363\/revisions\/2392"}],"wp:attachment":[{"href":"https:\/\/insightee.com.br\/blog\/wp-json\/wp\/v2\/media?parent=2363"}],"wp:term":[{"taxonomy":"category","embeddable":true,"href":"https:\/\/insightee.com.br\/blog\/wp-json\/wp\/v2\/categories?post=2363"},{"taxonomy":"post_tag","embeddable":true,"href":"https:\/\/insightee.com.br\/blog\/wp-json\/wp\/v2\/tags?post=2363"}],"curies":[{"name":"wp","href":"https:\/\/api.w.org\/{rel}","templated":true}]}}