{"id":1592,"date":"2016-05-10T21:51:30","date_gmt":"2016-05-10T21:51:30","guid":{"rendered":"https:\/\/estudandosocialmedia.wordpress.com\/?p=1592"},"modified":"2016-05-10T21:51:30","modified_gmt":"2016-05-10T21:51:30","slug":"slideshare-monitoramento-de-midias-sociais-inteligencia-de-mercado-parte-14-de-tarcizio-silva","status":"publish","type":"post","link":"https:\/\/insightee.com.br\/blog\/slideshare-monitoramento-de-midias-sociais-inteligencia-de-mercado-parte-14-de-tarcizio-silva\/","title":{"rendered":"Slideshare: Monitoramento de M\u00eddias Sociais &#8211; Intelig\u00eancia de Mercado (parte 1\/4), de Tarc\u00edzio Silva"},"content":{"rendered":"<p style=\"text-align:justify;\">Nascido em Salvador e residente por mais de 10 anos em Aracaju, sempre ouvi enquanto no col\u00e9gio que, para obter mais oportunidades na \u00e1rea de comunica\u00e7\u00e3o, teria que migrar para o &#8220;eixo Rio-S\u00e3o Paulo&#8221;. Alguns anos depois, aqui estou eu, num desses polos. O que lamento informar \u00e9 que, na minha percep\u00e7\u00e3o de quase tr\u00eas\u00a0anos de vida fluminense, o polo paulista me parece bem mais concentrado e denso de oportunidades (em todos os sentidos) do que o polo carioca. Esse assunto ainda rende um post completo aqui no blog (mais pra frente), mas \u00e9 o gancho que eu queria para relatar o quanto fico frustrado quando vejo cursos t\u00e3o incr\u00edveis com profissionais fant\u00e1sticos acontecerem somente em S\u00e3o Paulo. A boa not\u00edcia \u00e9 que a internet facilitou um pouco as coisas.<\/p>\n<p style=\"text-align:justify;\">Por isso, hoje, trago ao blog pela primeira vez o material de um profissional, pesquisador, militante e tantas outras coisas mais que admiro por completo. Lan\u00e7ado em 2015 sob autoria de <a href=\"http:\/\/tarciziosilva.com.br\/blog\/\" target=\"_blank\">Tarc\u00edsio Silva<\/a>, o curso &#8220;<a href=\"http:\/\/casperlibero.edu.br\/cursos-livres\/monitoramento-de-midias-sociais-inteligencia-de-mercado\/\" target=\"_blank\">Monitoramento de M\u00eddias Sociais \u2013 Intelig\u00eancia de Mercado<\/a>&#8221; j\u00e1 aconteceu em duas edi\u00e7\u00f5es (uma em julho de 2015 e uma em janeiro de 2016) na Faculdade C\u00e1sper L\u00edbero (SP). Embora n\u00e3o haja previs\u00f5es para uma pr\u00f3xima edi\u00e7\u00e3o, o material de apresenta\u00e7\u00e3o do curso foi disponibilizado online em quatro partes no <a href=\"http:\/\/pt.slideshare.net\/tarushijio?utm_campaign=profiletracking&amp;utm_medium=sssite&amp;utm_source=ssslideview\" target=\"_blank\">Slideshare<\/a> para qualquer um que tenha interesse em &#8220;aprender sozinho&#8221; (e\/ou que n\u00e3o tenha dinheiro para bancar a passagem + investimento). Vale ressaltar que (quase) todos os materiais de cursos, palestras etc. feitas por Tarc\u00edzio est\u00e3o dispon\u00edveis em sua conta no <a href=\"http:\/\/pt.slideshare.net\/tarushijio?utm_campaign=profiletracking&amp;utm_medium=sssite&amp;utm_source=ssslideview\" target=\"_blank\">Slideshare<\/a>, para qualquer um fazer bom uso &#8211; s\u00e3o mais de 90 apresenta\u00e7\u00f5es e 40 documentos completamente gratuitos.<\/p>\n<p style=\"text-align:justify;\">[slideshare id=50830814&amp;doc=monitoramentodemdiassociaiscasperliberojulhode2015-parte01-150723045738-lva1-app6891]\n<p style=\"text-align:justify;\">Como s\u00e3o quatro partes, ser\u00e3o tamb\u00e9m quatro posts aqui no blog contemplando todo o material &#8211; tentarei, inclusive, respeitar a periodicidade de cada aula (duas por semana), para tamb\u00e9m exercer parte das atividades propostas no curso. A primeira parte \u00e9 bem introdut\u00f3ria (o que reflete tamb\u00e9m na extens\u00e3o do material, o menor n\u00famero de slides dentre todos), buscando, de certa forma, nivelar todos ao que se refere monitoramento de m\u00eddias sociais &#8211; pensado para intelig\u00eancia de mercado. Dessa forma, alguns conceitos s\u00e3o apresentados (e destrinchados) e algumas fun\u00e7\u00f5es\/possibilidades do trabalho de monitoramento s\u00e3o introduzidas, pensando na capacita\u00e7\u00e3o inicial do profissional.\u00a0Para in\u00edcio de conversa, s\u00e3o apresentadas algumas defini\u00e7\u00f5es acerca de intelig\u00eancia e pesquisa de mercado.<\/p>\n<p style=\"text-align:justify;\">Com o termo BI (Business Intelligence) em voga, muito se fala sobre intelig\u00eancia de mercado no meio dos profissionais de monitoramento e m\u00e9tricas mas pouco se discute a sua defini\u00e7\u00e3o. Propondo-se a fazer isso, Tarc\u00edzio apresenta algumas defini\u00e7\u00f5es acad\u00eamicas para <strong>intelig\u00eancia de mercado\u00a0<\/strong>(TAN e AHMED 1990 apud WRIGHT e CALOF 2006), <strong>pesquisa de mercado\u00a0<\/strong>(ESOMAR), <strong>mensura\u00e7\u00e3o da comunica\u00e7\u00e3o<\/strong> (Mitsuru Yanaze)\u00a0e <strong>monitoramento de m\u00eddias sociais <\/strong>(de sua autoria). O importante nesse contexto \u00e9 compreender o <strong>objetivo comum<\/strong> que une todos esses \u00e2mbitos: <em>coletar\/organizar\/analisar\/classificar\/distribuir os dados e informa\u00e7\u00f5es para conhecimento e tomada de decis\u00e3o<\/em>. Em outras palavras, \u00e9 tamb\u00e9m ter o necess\u00e1rio para fazer as perguntas certas e conseguir as melhores respostas.<\/p>\n<blockquote>\n<p style=\"text-align:justify;\">O <strong>Monitoramento de M\u00eddias Sociais<\/strong> consiste na coleta, armazenamento, classifica\u00e7\u00e3o, categoriza\u00e7\u00e3o, adi\u00e7\u00e3o de informa\u00e7\u00f5es e an\u00e1lise de men\u00e7\u00f5es online p\u00fablicas a determinado(s) termo(s) previamente definido(s) e seus emissores, com os objetivos de:<\/p>\n<p style=\"text-align:justify;\">(a) identificar e analisar rea\u00e7\u00f5es, sentimentos e desejos relativos a produtos, entidades e campanha;<\/p>\n<p style=\"text-align:justify;\">(b) conhecer melhor os p\u00fablicos pertinentes; e<\/p>\n<p style=\"text-align:justify;\">(c) realizar a\u00e7\u00f5es reativas e pr\u00f3-ativas para alcan\u00e7ar os objetivos da organiza\u00e7\u00e3o ou pessoa de forma \u00e9tica e sustent\u00e1vel&#8221; (SILVA, 2010).<\/p>\n<\/blockquote>\n<p style=\"text-align:justify;\">A import\u00e2ncia do monitoramento para intelig\u00eancia de mercado \u00e9 refletida em algumas pesquisas apontadas que mostram que as atividades de Market Intelligence, nas empresas, est\u00e3o localizadas principalmente em \u00e1reas de\u00a0strategic planning\/business development e research and development\/product management. Nesse sentido, o car\u00e1ter de pesquisa intr\u00ednseco ao monitoramento de m\u00eddias sociais refor\u00e7a a valoriza\u00e7\u00e3o da \u00e1rea para organiza\u00e7\u00f5es corporativas. Vale ressaltar, no entanto, que nem todas as empresas compreendem esse valor, o que fica expl\u00edcito quando o material traz alguns n\u00edveis comuns de &#8220;maturidade&#8221;: monitora somente se acontecer alguma crise; monitora apenas a pr\u00f3pria marca para SAC e m\u00e9tricas; monitora marca e concorrentes para entender competi\u00e7\u00e3o; monitora tamb\u00e9m linhas de produtos e men\u00e7\u00f5es ao segmento; monitora tamb\u00e9m p\u00fablico, influenciadores e temas amplos.<\/p>\n<p style=\"text-align:justify;\">O contexto atual da internet principalmente no Brasil demonstra uma popula\u00e7\u00e3o bem conectada (embora haja centros espec\u00edficos de comunica\u00e7\u00e3o e conectividade, fruto de toda a desigualdade social) e, ainda mais importante, extremamente ativa (tamb\u00e9m na conversa\u00e7\u00e3o com\/sobre as marcas). Tarc\u00edzio explica, no material, que uma das &#8220;principais revolu\u00e7\u00f5es&#8221; da web 2.0 foi a &#8220;libera\u00e7\u00e3o do polo de emiss\u00e3o&#8221;, uma vez que &#8220;as pr\u00f3prias redes decidem o que ganha popularidade ou fica esquecido&#8221; &#8211; aqui, \u00e9 importante diferenciar &#8220;rede&#8221; de &#8220;usu\u00e1rios&#8221;, como ser\u00e1 refor\u00e7ado no final do curso. Nesse cen\u00e1rio, portanto, o marketing boca-a-boca se torna muito mais importante e ganha muito mais visibilidade. Os usu\u00e1rios est\u00e3o constantemente, de forma espont\u00e2nea ou n\u00e3o, deixando rastros digitais em forma de depoimentos de opini\u00e3o (e dentro de valores de sentimentos, avalia\u00e7\u00e3o e ideias) sobre os mais diversos assuntos (acontecimentos, produtos, marcas, servi\u00e7os, pol\u00edticos, etc.) &#8211; a esse &#8220;fen\u00f4meno&#8221;, d\u00e1-se o nome de advocacia (seja uma mobiliza\u00e7\u00e3o positiva ou negativa).<\/p>\n<blockquote>\n<p style=\"text-align:justify;\">&#8220;Sua marca n\u00e3o \u00e9 o que voc\u00ea pensa que ela \u00e9, mas sim o que dizem que ela \u00e9.&#8221; &#8211; Marty Neumeier<\/p>\n<\/blockquote>\n<p style=\"text-align:justify;\">O monitoramento de m\u00eddias sociais permite, por exemplo, medir opini\u00f5es sobre atributos, comportamentos e usos. Dois exemplos muito bons apresentados no material s\u00e3o os relat\u00f3rios da WaveMetrix para o <a href=\"http:\/\/marketing.wavemetrix.com\/1107_Verbatim_Starbucks_Jun2011.pdf\" target=\"_blank\">lan\u00e7amento do iPad<\/a> e sobre o <a href=\"http:\/\/marketing.wavemetrix.com\/1101_Verbatim_iPad2_Japan_May2011.pdf\" target=\"_blank\">Starbucks no Brasil<\/a>. O valor desses relat\u00f3rios (al\u00e9m de serem \u00f3timos relat\u00f3rios dispon\u00edveis para qualquer estudioso ter conhecimento)\u00a0est\u00e1, principalmente, na din\u00e2mica de apresenta\u00e7\u00e3o (fruto de um bom briefing e set up) que traz dos dados coletados. No relat\u00f3rio sobre o Starbucks, por exemplo, enquanto o sentimento positivo reina na aprecia\u00e7\u00e3o \u00e0 marca, v\u00e1rias cr\u00edticas &#8220;negativas&#8221; s\u00e3o feitas ao fato de que h\u00e1 pouqu\u00edssimas lojas no Brasil; algo semelhante \u00e9 feito em quest\u00e3o ao iPad, com os dados coletados sendo distribu\u00eddos em categorias de informa\u00e7\u00e3o sobre marketing, funcionalidade e design. Tendo os objetivos bem tra\u00e7ados, o modo como manusear os dados pode se destrinchar em diversas maneiras, para diferentes prop\u00f3sitos.<\/p>\n<p style=\"text-align:justify;\">Apresentado uma &#8220;contextualiza\u00e7\u00e3o&#8221; do trabalho de monitoramento de m\u00eddias sociais para intelig\u00eancia de mercado, passamos para a &#8220;concretiza\u00e7\u00e3o&#8221; do trabalho no planejamento e processo que o esquematiza. Tarc\u00edzio divide &#8211; e apresenta, durante todo o curso &#8211; as etapas na seguinte ordem:\u00a0briefing, demanda de informa\u00e7\u00e3o, explora\u00e7\u00e3o inicial, ferramenta e configura\u00e7\u00e3o, classifica\u00e7\u00e3o e polariza\u00e7\u00e3o, an\u00e1lise, produ\u00e7\u00e3o de relat\u00f3rios.<\/p>\n<p style=\"text-align:justify;\"><strong>BRIEFING<\/strong>:\u00a0Qual o projeto e contexto do cliente?<\/p>\n<ul>\n<li style=\"text-align:justify;\">\u00c9 necess\u00e1rio <strong>entender<\/strong> profundamente o cliente, de conhecimentos gerais a espec\u00edficos;<\/li>\n<li style=\"text-align:justify;\">\u00e9 tamb\u00e9m o processo pelo qual a equipe <strong>identifica<\/strong> o cliente, seus concorrentes, substitutos e principais influenciadores conhecidos<\/li>\n<li style=\"text-align:justify;\">\u00e9 a hora de definir os <strong>objetivos gerais e espec\u00edficos do projeto<\/strong>, que v\u00e3o interferir em: escopo de coleta, n\u00famero e men\u00e7\u00f5es analisadas, crit\u00e9rios de amostragem, tipos de ferramentas e experi\u00eancia dos analistas.<\/li>\n<\/ul>\n<figure id=\"attachment_1735\" aria-describedby=\"caption-attachment-1735\" style=\"width: 1024px\" class=\"wp-caption aligncenter\"><a href=\"http:\/\/pt.slideshare.net\/tarushijio\/monitoramento-de-midias-sociais-casper-libero-072015-parte-01\/38\" target=\"_blank\"><img loading=\"lazy\" decoding=\"async\" class=\"alignnone size-full wp-image-1735\" src=\"https:\/\/estudandosocialmedia.files.wordpress.com\/2016\/05\/objetivos-monitoramento.jpg\" alt=\"objetivos-monitoramento\" width=\"1024\" height=\"768\" srcset=\"https:\/\/insightee.com.br\/blog\/wp-content\/uploads\/2016\/05\/objetivos-monitoramento.jpg 1024w, https:\/\/insightee.com.br\/blog\/wp-content\/uploads\/2016\/05\/objetivos-monitoramento-300x225.jpg 300w, https:\/\/insightee.com.br\/blog\/wp-content\/uploads\/2016\/05\/objetivos-monitoramento-768x576.jpg 768w, https:\/\/insightee.com.br\/blog\/wp-content\/uploads\/2016\/05\/objetivos-monitoramento-640x480.jpg 640w\" sizes=\"auto, (max-width: 1024px) 100vw, 1024px\" \/><\/a><figcaption id=\"caption-attachment-1735\" class=\"wp-caption-text\">Slide 38: &#8220;Monitoramento de Midias Sociais &#8211; Casper Libero &#8211; 07\/2015 &#8211; parte 01&#8221;, de Tarc\u00edzio Silva<\/figcaption><\/figure>\n<p style=\"text-align:justify;\"><strong>DEMANDA DE INFORMA\u00c7\u00c3O:<\/strong> Que perguntas devem ser respondidas?<\/p>\n<ul>\n<li style=\"text-align:justify;\">A demanda informacional pode ser simplificada e operacionalizada atrav\u00e9s de <strong>perguntas<\/strong>, cujas respostas poss\u00edveis devem estar ligadas a decis\u00f5es futuras.<\/li>\n<\/ul>\n<p style=\"text-align:justify;\">Esta \u00e9 uma etapa &#8220;nova&#8221; para mim, j\u00e1 que nunca vi nenhum outro material abordar dessa forma &#8211; muitas vezes ela est\u00e1 inclusa tamb\u00e9m no briefing. No entanto, \u00e9 algo que faz completo sentido ap\u00f3s compreendido. Numa &#8220;palestra&#8221; in-office que tive com a Fernanda Alves, que foi minha professora tamb\u00e9m do m\u00f3dulo de monitoramento no <a href=\"http:\/\/querosersocialmedia.com.br\/\" target=\"_blank\">Quero Ser Social Media<\/a>, ela explicou que a import\u00e2ncia tamb\u00e9m do profissional &#8220;de humanas&#8221; trabalhando com m\u00e9tricas e(m) m\u00eddias sociais \u00e9 a sua capacidade &#8220;problematizadora&#8221;. Em outras palavras, como mencionei anteriormente no post, \u00e9 saber tensionar as quest\u00f5es ou os problemas para somente depois obter as respostas nos n\u00fameros. Este \u00e9 o objetivo dessa etapa: saber o que perguntar para saber o que monitorar visando os objetivos iniciais e os resultados posteriores. No <a href=\"http:\/\/pt.slideshare.net\/tarushijio\/monitoramento-de-midias-sociais-casper-libero-072015-parte-01\/42\" target=\"_blank\">slide 42 do material<\/a>, com exemplos, essa necessidade fica ainda mais clara &#8211; confira l\u00e1!<\/p>\n<p style=\"text-align:justify;\"><strong>EXPLORA\u00c7\u00c3O INICIAL<\/strong>: O que consigo perceber subjetivamente do comportamento do p\u00fablico?<\/p>\n<ul>\n<li style=\"text-align:justify;\"><strong>Explorar<\/strong> inicialmente o que se fala dos termos pesquisados, os tipos de coment\u00e1rios realizados e as palavras utilizadas (ajuda a definir as m\u00eddias, as palavras-chave e as categorias).<\/li>\n<\/ul>\n<p style=\"text-align:justify;\">Como mencionei tamb\u00e9m no <a href=\"https:\/\/estudandosocialmedia.wordpress.com\/2016\/04\/27\/curso-midia-social-de-ponta-a-ponta-do-quero-ser-social-media-modulo-monitoramento-e-metricas\/\">post anterior, do m\u00f3dulo de monitoramento<\/a> no curso do <strong>QSSM<\/strong>, a Ana Cl\u00e1udia Zandavalle tem um \u00f3timo <a href=\"https:\/\/www.linkedin.com\/pulse\/explora%C3%A7%C3%A3o-inicial-plano-de-monitoramento-m%C3%ADdias-por-que-zandavalle\" target=\"_blank\">texto no LinkedIn Pulse sobre a explora\u00e7\u00e3o inicial<\/a>\u00a0&#8211; citando inclusive o material do curso que estamos abordando aqui no blog.\u00a0Em suma, a explora\u00e7\u00e3o inicial ajuda a conhecer o terreno que ser\u00e1 trabalhado (no reconhecimento de publica\u00e7\u00f5es, din\u00e2micas interacionais, estilo de men\u00e7\u00f5es, etc.) e permite propor algumas hip\u00f3teses iniciais. \u00c9 de extrema import\u00e2ncia para que o briefing iniciais e os objetivos tra\u00e7ados saiam do &#8220;campo das ideias&#8221; e se localizem mais fielmente, dentro do contexto que vai direcionar todo o processo\u00a0a seguir.<\/p>\n<p style=\"text-align:justify;\"><strong>FERRAMENTA E CONFIGURA\u00c7\u00c3O<\/strong>: Que ferramentas atendem \u00e0 minha demanda de dados?<\/p>\n<figure id=\"attachment_1757\" aria-describedby=\"caption-attachment-1757\" style=\"width: 1024px\" class=\"wp-caption aligncenter\"><a href=\"http:\/\/pt.slideshare.net\/tarushijio\/monitoramento-de-midias-sociais-casper-libero-072015-parte-01\/47\" target=\"_blank\"><img loading=\"lazy\" decoding=\"async\" class=\"alignnone size-full wp-image-1757\" src=\"https:\/\/estudandosocialmedia.files.wordpress.com\/2016\/05\/tipos-busca.jpg\" alt=\"tipos-busca\" width=\"1024\" height=\"768\" srcset=\"https:\/\/insightee.com.br\/blog\/wp-content\/uploads\/2016\/05\/tipos-busca.jpg 1024w, https:\/\/insightee.com.br\/blog\/wp-content\/uploads\/2016\/05\/tipos-busca-300x225.jpg 300w, https:\/\/insightee.com.br\/blog\/wp-content\/uploads\/2016\/05\/tipos-busca-768x576.jpg 768w, https:\/\/insightee.com.br\/blog\/wp-content\/uploads\/2016\/05\/tipos-busca-640x480.jpg 640w\" sizes=\"auto, (max-width: 1024px) 100vw, 1024px\" \/><\/a><figcaption id=\"caption-attachment-1757\" class=\"wp-caption-text\">Slide 47: &#8220;Monitoramento de Midias Sociais &#8211; Casper Libero &#8211; 07\/2015 &#8211; parte 01&#8221;, de Tarc\u00edzio Silva<\/figcaption><\/figure>\n<p style=\"text-align:justify;\">Esta etapa de ferramenta e configura\u00e7\u00e3o \u00e9 melhor conduzida na parte 2 do material, portanto, tamb\u00e9m abordarei essa quest\u00e3o no pr\u00f3ximo post. No entanto, convido a voc\u00ea que tamb\u00e9m est\u00e1 lendo este post e estudando o material a come\u00e7ar a atividade proposta no pen\u00faltimo slide: criar uma conta trial no Social Figures e criar buscar de keyword(s) para Twitter\/Instagram e numa p\u00e1gina do Facebook. Eu infelizmente n\u00e3o consegui fazer o cadastro no BrandCare do SF, mas fiz no Scup:<\/p>\n<p style=\"text-align:justify;\"><img loading=\"lazy\" decoding=\"async\" class=\" size-full wp-image-1764 aligncenter\" src=\"https:\/\/estudandosocialmedia.files.wordpress.com\/2016\/05\/atividade-croasonho.jpg\" alt=\"atividade-croasonho\" width=\"719\" height=\"360\" srcset=\"https:\/\/insightee.com.br\/blog\/wp-content\/uploads\/2016\/05\/atividade-croasonho.jpg 719w, https:\/\/insightee.com.br\/blog\/wp-content\/uploads\/2016\/05\/atividade-croasonho-300x150.jpg 300w\" sizes=\"auto, (max-width: 719px) 100vw, 719px\" \/><\/p>\n<p style=\"text-align:justify;\">\u00c9 bastante intuitivo o cadastro, mas se voc\u00ea chegou aqui e est\u00e1 lendo pela primeira vez sobre monitoramento, recomendo a leitura <a href=\"https:\/\/estudandosocialmedia.wordpress.com\/2015\/09\/18\/e-book-monitoramento-e-mensuracao-de-crises-em-midias-sociais-do-scup\/\" target=\"_blank\">deste e-book<\/a> e\/ou <a href=\"https:\/\/estudandosocialmedia.wordpress.com\/2015\/09\/16\/e-book-como-fazer-e-vender-um-projeto-de-monitoramento-de-midias-sociais-do-scup\/\" target=\"_blank\">deste e-book<\/a>. Lembrando que a proposta \u00e9 tentar seguir o cronograma das aulas do curso, logo, o pr\u00f3ximo post sai na quinta-feira, j\u00e1 com mais parte pr\u00e1tica da atividade. At\u00e9 l\u00e1!<\/p>\n","protected":false},"excerpt":{"rendered":"<p>Nascido em Salvador e residente por mais de 10 anos em Aracaju, sempre ouvi enquanto no col\u00e9gio que, para obter mais oportunidades na \u00e1rea de comunica\u00e7\u00e3o, teria que migrar para o &#8220;eixo Rio-S\u00e3o Paulo&#8221;. Alguns anos depois, aqui estou eu, num desses polos. O que lamento informar \u00e9 que, na minha percep\u00e7\u00e3o de quase tr\u00eas\u00a0anos [&hellip;]<\/p>\n","protected":false},"author":1,"featured_media":1770,"comment_status":"open","ping_status":"open","sticky":false,"template":"","format":"aside","meta":{"footnotes":""},"categories":[12],"tags":[56,65,92],"class_list":["post-1592","post","type-post","status-publish","format-aside","has-post-thumbnail","hentry","category-slideshare","tag-inteligencia-de-mercado","tag-monitoramento","tag-tarcizio-silva","post_format-post-format-aside"],"yoast_head":"<!-- This site is optimized with the Yoast SEO plugin v27.5 - https:\/\/yoast.com\/product\/yoast-seo-wordpress\/ -->\n<title>Slideshare: Monitoramento de M\u00eddias Sociais - Intelig\u00eancia de Mercado (parte 1\/4), de Tarc\u00edzio Silva &#8211; insightee<\/title>\n<meta name=\"robots\" content=\"index, follow, max-snippet:-1, max-image-preview:large, max-video-preview:-1\" \/>\n<link rel=\"canonical\" href=\"https:\/\/insightee.com.br\/blog\/slideshare-monitoramento-de-midias-sociais-inteligencia-de-mercado-parte-14-de-tarcizio-silva\/\" \/>\n<meta property=\"og:locale\" content=\"pt_BR\" \/>\n<meta property=\"og:type\" content=\"article\" \/>\n<meta property=\"og:title\" content=\"Slideshare: Monitoramento de M\u00eddias Sociais - Intelig\u00eancia de Mercado (parte 1\/4), de Tarc\u00edzio Silva &#8211; insightee\" \/>\n<meta property=\"og:description\" content=\"Nascido em Salvador e residente por mais de 10 anos em Aracaju, sempre ouvi enquanto no col\u00e9gio que, para obter mais oportunidades na \u00e1rea de comunica\u00e7\u00e3o, teria que migrar para o &#8220;eixo Rio-S\u00e3o Paulo&#8221;. Alguns anos depois, aqui estou eu, num desses polos. O que lamento informar \u00e9 que, na minha percep\u00e7\u00e3o de quase tr\u00eas\u00a0anos [&hellip;]\" \/>\n<meta property=\"og:url\" content=\"https:\/\/insightee.com.br\/blog\/slideshare-monitoramento-de-midias-sociais-inteligencia-de-mercado-parte-14-de-tarcizio-silva\/\" \/>\n<meta property=\"og:site_name\" content=\"insightee\" \/>\n<meta property=\"article:publisher\" content=\"https:\/\/www.facebook.com\/pedrormeirelles\" \/>\n<meta property=\"article:author\" content=\"https:\/\/www.facebook.com\/pedrormeirelles\" \/>\n<meta property=\"article:published_time\" content=\"2016-05-10T21:51:30+00:00\" \/>\n<meta property=\"og:image\" content=\"https:\/\/insightee.com.br\/blog\/wp-content\/uploads\/2016\/05\/banner-monitoramento.jpg\" \/>\n\t<meta property=\"og:image:width\" content=\"810\" \/>\n\t<meta property=\"og:image:height\" content=\"347\" \/>\n\t<meta property=\"og:image:type\" content=\"image\/jpeg\" \/>\n<meta name=\"author\" content=\"Pedro Meirelles\" \/>\n<meta name=\"twitter:card\" content=\"summary_large_image\" \/>\n<meta name=\"twitter:creator\" content=\"@https:\/\/twitter.com\/peumeirelles\" \/>\n<meta name=\"twitter:site\" content=\"@peumeirelles\" \/>\n<meta name=\"twitter:label1\" content=\"Escrito por\" \/>\n\t<meta name=\"twitter:data1\" content=\"Pedro Meirelles\" \/>\n\t<meta name=\"twitter:label2\" content=\"Est. tempo de leitura\" \/>\n\t<meta name=\"twitter:data2\" content=\"9 minutos\" \/>\n<script type=\"application\/ld+json\" class=\"yoast-schema-graph\">{\"@context\":\"https:\\\/\\\/schema.org\",\"@graph\":[{\"@type\":\"Article\",\"@id\":\"https:\\\/\\\/insightee.com.br\\\/blog\\\/slideshare-monitoramento-de-midias-sociais-inteligencia-de-mercado-parte-14-de-tarcizio-silva\\\/#article\",\"isPartOf\":{\"@id\":\"https:\\\/\\\/insightee.com.br\\\/blog\\\/slideshare-monitoramento-de-midias-sociais-inteligencia-de-mercado-parte-14-de-tarcizio-silva\\\/\"},\"author\":{\"name\":\"Pedro Meirelles\",\"@id\":\"https:\\\/\\\/insightee.com.br\\\/blog\\\/#\\\/schema\\\/person\\\/25bb944f37e66a0298f607979c5b0a22\"},\"headline\":\"Slideshare: Monitoramento de M\u00eddias Sociais &#8211; Intelig\u00eancia de Mercado (parte 1\\\/4), de Tarc\u00edzio Silva\",\"datePublished\":\"2016-05-10T21:51:30+00:00\",\"mainEntityOfPage\":{\"@id\":\"https:\\\/\\\/insightee.com.br\\\/blog\\\/slideshare-monitoramento-de-midias-sociais-inteligencia-de-mercado-parte-14-de-tarcizio-silva\\\/\"},\"wordCount\":1856,\"commentCount\":2,\"image\":{\"@id\":\"https:\\\/\\\/insightee.com.br\\\/blog\\\/slideshare-monitoramento-de-midias-sociais-inteligencia-de-mercado-parte-14-de-tarcizio-silva\\\/#primaryimage\"},\"thumbnailUrl\":\"https:\\\/\\\/insightee.com.br\\\/blog\\\/wp-content\\\/uploads\\\/2016\\\/05\\\/banner-monitoramento.jpg\",\"keywords\":[\"intelig\u00eancia de mercado\",\"Monitoramento\",\"Tarc\u00edzio Silva\"],\"articleSection\":[\"SlideShare\"],\"inLanguage\":\"pt-BR\",\"potentialAction\":[{\"@type\":\"CommentAction\",\"name\":\"Comment\",\"target\":[\"https:\\\/\\\/insightee.com.br\\\/blog\\\/slideshare-monitoramento-de-midias-sociais-inteligencia-de-mercado-parte-14-de-tarcizio-silva\\\/#respond\"]}]},{\"@type\":\"WebPage\",\"@id\":\"https:\\\/\\\/insightee.com.br\\\/blog\\\/slideshare-monitoramento-de-midias-sociais-inteligencia-de-mercado-parte-14-de-tarcizio-silva\\\/\",\"url\":\"https:\\\/\\\/insightee.com.br\\\/blog\\\/slideshare-monitoramento-de-midias-sociais-inteligencia-de-mercado-parte-14-de-tarcizio-silva\\\/\",\"name\":\"Slideshare: Monitoramento de M\u00eddias Sociais - Intelig\u00eancia de Mercado (parte 1\\\/4), de Tarc\u00edzio Silva &#8211; insightee\",\"isPartOf\":{\"@id\":\"https:\\\/\\\/insightee.com.br\\\/blog\\\/#website\"},\"primaryImageOfPage\":{\"@id\":\"https:\\\/\\\/insightee.com.br\\\/blog\\\/slideshare-monitoramento-de-midias-sociais-inteligencia-de-mercado-parte-14-de-tarcizio-silva\\\/#primaryimage\"},\"image\":{\"@id\":\"https:\\\/\\\/insightee.com.br\\\/blog\\\/slideshare-monitoramento-de-midias-sociais-inteligencia-de-mercado-parte-14-de-tarcizio-silva\\\/#primaryimage\"},\"thumbnailUrl\":\"https:\\\/\\\/insightee.com.br\\\/blog\\\/wp-content\\\/uploads\\\/2016\\\/05\\\/banner-monitoramento.jpg\",\"datePublished\":\"2016-05-10T21:51:30+00:00\",\"author\":{\"@id\":\"https:\\\/\\\/insightee.com.br\\\/blog\\\/#\\\/schema\\\/person\\\/25bb944f37e66a0298f607979c5b0a22\"},\"breadcrumb\":{\"@id\":\"https:\\\/\\\/insightee.com.br\\\/blog\\\/slideshare-monitoramento-de-midias-sociais-inteligencia-de-mercado-parte-14-de-tarcizio-silva\\\/#breadcrumb\"},\"inLanguage\":\"pt-BR\",\"potentialAction\":[{\"@type\":\"ReadAction\",\"target\":[\"https:\\\/\\\/insightee.com.br\\\/blog\\\/slideshare-monitoramento-de-midias-sociais-inteligencia-de-mercado-parte-14-de-tarcizio-silva\\\/\"]}]},{\"@type\":\"ImageObject\",\"inLanguage\":\"pt-BR\",\"@id\":\"https:\\\/\\\/insightee.com.br\\\/blog\\\/slideshare-monitoramento-de-midias-sociais-inteligencia-de-mercado-parte-14-de-tarcizio-silva\\\/#primaryimage\",\"url\":\"https:\\\/\\\/insightee.com.br\\\/blog\\\/wp-content\\\/uploads\\\/2016\\\/05\\\/banner-monitoramento.jpg\",\"contentUrl\":\"https:\\\/\\\/insightee.com.br\\\/blog\\\/wp-content\\\/uploads\\\/2016\\\/05\\\/banner-monitoramento.jpg\",\"width\":810,\"height\":347},{\"@type\":\"BreadcrumbList\",\"@id\":\"https:\\\/\\\/insightee.com.br\\\/blog\\\/slideshare-monitoramento-de-midias-sociais-inteligencia-de-mercado-parte-14-de-tarcizio-silva\\\/#breadcrumb\",\"itemListElement\":[{\"@type\":\"ListItem\",\"position\":1,\"name\":\"In\u00edcio\",\"item\":\"https:\\\/\\\/insightee.com.br\\\/blog\\\/\"},{\"@type\":\"ListItem\",\"position\":2,\"name\":\"Slideshare: Monitoramento de M\u00eddias Sociais &#8211; Intelig\u00eancia de Mercado (parte 1\\\/4), de Tarc\u00edzio Silva\"}]},{\"@type\":\"WebSite\",\"@id\":\"https:\\\/\\\/insightee.com.br\\\/blog\\\/#website\",\"url\":\"https:\\\/\\\/insightee.com.br\\\/blog\\\/\",\"name\":\"insightee\",\"description\":\"\u00e0 procura do insight perfeito\",\"potentialAction\":[{\"@type\":\"SearchAction\",\"target\":{\"@type\":\"EntryPoint\",\"urlTemplate\":\"https:\\\/\\\/insightee.com.br\\\/blog\\\/?s={search_term_string}\"},\"query-input\":{\"@type\":\"PropertyValueSpecification\",\"valueRequired\":true,\"valueName\":\"search_term_string\"}}],\"inLanguage\":\"pt-BR\"},{\"@type\":\"Person\",\"@id\":\"https:\\\/\\\/insightee.com.br\\\/blog\\\/#\\\/schema\\\/person\\\/25bb944f37e66a0298f607979c5b0a22\",\"name\":\"Pedro Meirelles\",\"image\":{\"@type\":\"ImageObject\",\"inLanguage\":\"pt-BR\",\"@id\":\"https:\\\/\\\/secure.gravatar.com\\\/avatar\\\/65e627ac6c71e8afcd40409c252c043555caf5da4f58ba46ab903227744c24fd?s=96&d=mm&r=g\",\"url\":\"https:\\\/\\\/secure.gravatar.com\\\/avatar\\\/65e627ac6c71e8afcd40409c252c043555caf5da4f58ba46ab903227744c24fd?s=96&d=mm&r=g\",\"contentUrl\":\"https:\\\/\\\/secure.gravatar.com\\\/avatar\\\/65e627ac6c71e8afcd40409c252c043555caf5da4f58ba46ab903227744c24fd?s=96&d=mm&r=g\",\"caption\":\"Pedro Meirelles\"},\"description\":\"Mestrando em Cultura e Territorialidades pela Universidade Federal Fluminense, formado em Estudos de M\u00eddia pela mesma institui\u00e7\u00e3o. Interessado em pesquisa digital, m\u00e9todos digitais, an\u00e1lise de dados, cultura, sociedade e Nordeste. Pesquisador no Instituto Brasileiro de Pesquisa e An\u00e1lise de Dados. (+)\",\"sameAs\":[\"https:\\\/\\\/www.facebook.com\\\/pedrormeirelles\",\"http:\\\/\\\/instagram.com\\\/seekpedro\",\"https:\\\/\\\/www.linkedin.com\\\/in\\\/meirellespedro\",\"https:\\\/\\\/x.com\\\/https:\\\/\\\/twitter.com\\\/peumeirelles\"],\"url\":\"https:\\\/\\\/insightee.com.br\\\/blog\\\/author\\\/pedro-meirelles\\\/\"}]}<\/script>\n<!-- \/ Yoast SEO plugin. -->","yoast_head_json":{"title":"Slideshare: Monitoramento de M\u00eddias Sociais - Intelig\u00eancia de Mercado (parte 1\/4), de Tarc\u00edzio Silva &#8211; insightee","robots":{"index":"index","follow":"follow","max-snippet":"max-snippet:-1","max-image-preview":"max-image-preview:large","max-video-preview":"max-video-preview:-1"},"canonical":"https:\/\/insightee.com.br\/blog\/slideshare-monitoramento-de-midias-sociais-inteligencia-de-mercado-parte-14-de-tarcizio-silva\/","og_locale":"pt_BR","og_type":"article","og_title":"Slideshare: Monitoramento de M\u00eddias Sociais - Intelig\u00eancia de Mercado (parte 1\/4), de Tarc\u00edzio Silva &#8211; insightee","og_description":"Nascido em Salvador e residente por mais de 10 anos em Aracaju, sempre ouvi enquanto no col\u00e9gio que, para obter mais oportunidades na \u00e1rea de comunica\u00e7\u00e3o, teria que migrar para o &#8220;eixo Rio-S\u00e3o Paulo&#8221;. Alguns anos depois, aqui estou eu, num desses polos. O que lamento informar \u00e9 que, na minha percep\u00e7\u00e3o de quase tr\u00eas\u00a0anos [&hellip;]","og_url":"https:\/\/insightee.com.br\/blog\/slideshare-monitoramento-de-midias-sociais-inteligencia-de-mercado-parte-14-de-tarcizio-silva\/","og_site_name":"insightee","article_publisher":"https:\/\/www.facebook.com\/pedrormeirelles","article_author":"https:\/\/www.facebook.com\/pedrormeirelles","article_published_time":"2016-05-10T21:51:30+00:00","og_image":[{"width":810,"height":347,"url":"https:\/\/insightee.com.br\/blog\/wp-content\/uploads\/2016\/05\/banner-monitoramento.jpg","type":"image\/jpeg"}],"author":"Pedro Meirelles","twitter_card":"summary_large_image","twitter_creator":"@https:\/\/twitter.com\/peumeirelles","twitter_site":"@peumeirelles","twitter_misc":{"Escrito por":"Pedro Meirelles","Est. tempo de leitura":"9 minutos"},"schema":{"@context":"https:\/\/schema.org","@graph":[{"@type":"Article","@id":"https:\/\/insightee.com.br\/blog\/slideshare-monitoramento-de-midias-sociais-inteligencia-de-mercado-parte-14-de-tarcizio-silva\/#article","isPartOf":{"@id":"https:\/\/insightee.com.br\/blog\/slideshare-monitoramento-de-midias-sociais-inteligencia-de-mercado-parte-14-de-tarcizio-silva\/"},"author":{"name":"Pedro Meirelles","@id":"https:\/\/insightee.com.br\/blog\/#\/schema\/person\/25bb944f37e66a0298f607979c5b0a22"},"headline":"Slideshare: Monitoramento de M\u00eddias Sociais &#8211; Intelig\u00eancia de Mercado (parte 1\/4), de Tarc\u00edzio Silva","datePublished":"2016-05-10T21:51:30+00:00","mainEntityOfPage":{"@id":"https:\/\/insightee.com.br\/blog\/slideshare-monitoramento-de-midias-sociais-inteligencia-de-mercado-parte-14-de-tarcizio-silva\/"},"wordCount":1856,"commentCount":2,"image":{"@id":"https:\/\/insightee.com.br\/blog\/slideshare-monitoramento-de-midias-sociais-inteligencia-de-mercado-parte-14-de-tarcizio-silva\/#primaryimage"},"thumbnailUrl":"https:\/\/insightee.com.br\/blog\/wp-content\/uploads\/2016\/05\/banner-monitoramento.jpg","keywords":["intelig\u00eancia de mercado","Monitoramento","Tarc\u00edzio Silva"],"articleSection":["SlideShare"],"inLanguage":"pt-BR","potentialAction":[{"@type":"CommentAction","name":"Comment","target":["https:\/\/insightee.com.br\/blog\/slideshare-monitoramento-de-midias-sociais-inteligencia-de-mercado-parte-14-de-tarcizio-silva\/#respond"]}]},{"@type":"WebPage","@id":"https:\/\/insightee.com.br\/blog\/slideshare-monitoramento-de-midias-sociais-inteligencia-de-mercado-parte-14-de-tarcizio-silva\/","url":"https:\/\/insightee.com.br\/blog\/slideshare-monitoramento-de-midias-sociais-inteligencia-de-mercado-parte-14-de-tarcizio-silva\/","name":"Slideshare: Monitoramento de M\u00eddias Sociais - Intelig\u00eancia de Mercado (parte 1\/4), de Tarc\u00edzio Silva &#8211; insightee","isPartOf":{"@id":"https:\/\/insightee.com.br\/blog\/#website"},"primaryImageOfPage":{"@id":"https:\/\/insightee.com.br\/blog\/slideshare-monitoramento-de-midias-sociais-inteligencia-de-mercado-parte-14-de-tarcizio-silva\/#primaryimage"},"image":{"@id":"https:\/\/insightee.com.br\/blog\/slideshare-monitoramento-de-midias-sociais-inteligencia-de-mercado-parte-14-de-tarcizio-silva\/#primaryimage"},"thumbnailUrl":"https:\/\/insightee.com.br\/blog\/wp-content\/uploads\/2016\/05\/banner-monitoramento.jpg","datePublished":"2016-05-10T21:51:30+00:00","author":{"@id":"https:\/\/insightee.com.br\/blog\/#\/schema\/person\/25bb944f37e66a0298f607979c5b0a22"},"breadcrumb":{"@id":"https:\/\/insightee.com.br\/blog\/slideshare-monitoramento-de-midias-sociais-inteligencia-de-mercado-parte-14-de-tarcizio-silva\/#breadcrumb"},"inLanguage":"pt-BR","potentialAction":[{"@type":"ReadAction","target":["https:\/\/insightee.com.br\/blog\/slideshare-monitoramento-de-midias-sociais-inteligencia-de-mercado-parte-14-de-tarcizio-silva\/"]}]},{"@type":"ImageObject","inLanguage":"pt-BR","@id":"https:\/\/insightee.com.br\/blog\/slideshare-monitoramento-de-midias-sociais-inteligencia-de-mercado-parte-14-de-tarcizio-silva\/#primaryimage","url":"https:\/\/insightee.com.br\/blog\/wp-content\/uploads\/2016\/05\/banner-monitoramento.jpg","contentUrl":"https:\/\/insightee.com.br\/blog\/wp-content\/uploads\/2016\/05\/banner-monitoramento.jpg","width":810,"height":347},{"@type":"BreadcrumbList","@id":"https:\/\/insightee.com.br\/blog\/slideshare-monitoramento-de-midias-sociais-inteligencia-de-mercado-parte-14-de-tarcizio-silva\/#breadcrumb","itemListElement":[{"@type":"ListItem","position":1,"name":"In\u00edcio","item":"https:\/\/insightee.com.br\/blog\/"},{"@type":"ListItem","position":2,"name":"Slideshare: Monitoramento de M\u00eddias Sociais &#8211; Intelig\u00eancia de Mercado (parte 1\/4), de Tarc\u00edzio Silva"}]},{"@type":"WebSite","@id":"https:\/\/insightee.com.br\/blog\/#website","url":"https:\/\/insightee.com.br\/blog\/","name":"insightee","description":"\u00e0 procura do insight perfeito","potentialAction":[{"@type":"SearchAction","target":{"@type":"EntryPoint","urlTemplate":"https:\/\/insightee.com.br\/blog\/?s={search_term_string}"},"query-input":{"@type":"PropertyValueSpecification","valueRequired":true,"valueName":"search_term_string"}}],"inLanguage":"pt-BR"},{"@type":"Person","@id":"https:\/\/insightee.com.br\/blog\/#\/schema\/person\/25bb944f37e66a0298f607979c5b0a22","name":"Pedro Meirelles","image":{"@type":"ImageObject","inLanguage":"pt-BR","@id":"https:\/\/secure.gravatar.com\/avatar\/65e627ac6c71e8afcd40409c252c043555caf5da4f58ba46ab903227744c24fd?s=96&d=mm&r=g","url":"https:\/\/secure.gravatar.com\/avatar\/65e627ac6c71e8afcd40409c252c043555caf5da4f58ba46ab903227744c24fd?s=96&d=mm&r=g","contentUrl":"https:\/\/secure.gravatar.com\/avatar\/65e627ac6c71e8afcd40409c252c043555caf5da4f58ba46ab903227744c24fd?s=96&d=mm&r=g","caption":"Pedro Meirelles"},"description":"Mestrando em Cultura e Territorialidades pela Universidade Federal Fluminense, formado em Estudos de M\u00eddia pela mesma institui\u00e7\u00e3o. Interessado em pesquisa digital, m\u00e9todos digitais, an\u00e1lise de dados, cultura, sociedade e Nordeste. Pesquisador no Instituto Brasileiro de Pesquisa e An\u00e1lise de Dados. (+)","sameAs":["https:\/\/www.facebook.com\/pedrormeirelles","http:\/\/instagram.com\/seekpedro","https:\/\/www.linkedin.com\/in\/meirellespedro","https:\/\/x.com\/https:\/\/twitter.com\/peumeirelles"],"url":"https:\/\/insightee.com.br\/blog\/author\/pedro-meirelles\/"}]}},"views":1458,"_links":{"self":[{"href":"https:\/\/insightee.com.br\/blog\/wp-json\/wp\/v2\/posts\/1592","targetHints":{"allow":["GET"]}}],"collection":[{"href":"https:\/\/insightee.com.br\/blog\/wp-json\/wp\/v2\/posts"}],"about":[{"href":"https:\/\/insightee.com.br\/blog\/wp-json\/wp\/v2\/types\/post"}],"author":[{"embeddable":true,"href":"https:\/\/insightee.com.br\/blog\/wp-json\/wp\/v2\/users\/1"}],"replies":[{"embeddable":true,"href":"https:\/\/insightee.com.br\/blog\/wp-json\/wp\/v2\/comments?post=1592"}],"version-history":[{"count":0,"href":"https:\/\/insightee.com.br\/blog\/wp-json\/wp\/v2\/posts\/1592\/revisions"}],"wp:featuredmedia":[{"embeddable":true,"href":"https:\/\/insightee.com.br\/blog\/wp-json\/wp\/v2\/media\/1770"}],"wp:attachment":[{"href":"https:\/\/insightee.com.br\/blog\/wp-json\/wp\/v2\/media?parent=1592"}],"wp:term":[{"taxonomy":"category","embeddable":true,"href":"https:\/\/insightee.com.br\/blog\/wp-json\/wp\/v2\/categories?post=1592"},{"taxonomy":"post_tag","embeddable":true,"href":"https:\/\/insightee.com.br\/blog\/wp-json\/wp\/v2\/tags?post=1592"}],"curies":[{"name":"wp","href":"https:\/\/api.w.org\/{rel}","templated":true}]}}